{"id":72247,"date":"2023-09-13T10:19:43","date_gmt":"2023-09-13T16:19:43","guid":{"rendered":"https:\/\/elmetropolitano.com.gt\/es\/?p=72247"},"modified":"2023-09-13T10:19:46","modified_gmt":"2023-09-13T16:19:46","slug":"semilla-presento-anoche-solicitud-de-antejuicio-contra-consuelo-porras","status":"publish","type":"post","link":"https:\/\/elmetropolitano.com.gt\/es\/semilla-presento-anoche-solicitud-de-antejuicio-contra-consuelo-porras\/","title":{"rendered":"Semilla present\u00f3 anoche solicitud de antejuicio contra Consuelo Porras"},"content":{"rendered":"\n<p>El equipo legal de Movimiento Semilla present\u00f3 esta noche una solicitud de antejuicio en contra de la fiscal general del Ministerio P\u00fablico, MP , Consuelo Porras.<\/p>\n\n\n\n<p>As\u00ed <a><\/a>mismo, presentaron tres querellas Penales por resoluciones violatorias a la Constitucion de la Rep\u00fablica, abuso de autoridad con prop\u00f3sito electoral y prevaricato en contra del fiscal, Rafael Curruchiche; la fiscal, Cinthia Monterroso; el juez, Fredy Orellana y la jefa del Ministerio P\u00fablico, Consuelo Porras.<\/p><div class=\"elmet-contenido\" id=\"elmet-4190082278\"><div class=\"elmet-adlabel\">Anuncios<\/div><div style=\"margin-top: 20px;margin-right: 20px;margin-bottom: 20px;margin-left: 20px;\" id=\"elmet-3398040147\"><a href=\"https:\/\/www.facebook.com\/arrincuanantigua\/\" aria-label=\"cintillo-arrin-cual\"><img loading=\"lazy\" decoding=\"async\" src=\"https:\/\/elmetropolitano.com.gt\/es\/wp-content\/uploads\/2021\/11\/cintillo-arrin-cual-1.jpg\" alt=\"\"  srcset=\"https:\/\/elmetropolitano.com.gt\/es\/wp-content\/uploads\/2021\/11\/cintillo-arrin-cual-1.jpg 750w, https:\/\/elmetropolitano.com.gt\/es\/wp-content\/uploads\/2021\/11\/cintillo-arrin-cual-1-300x36.jpg 300w, https:\/\/elmetropolitano.com.gt\/es\/wp-content\/uploads\/2021\/11\/cintillo-arrin-cual-1-600x72.jpg 600w\" sizes=\"(max-width: 750px) 100vw, 750px\" width=\"750\" height=\"90\"   \/><\/a><\/div><\/div>\n\n\n\n<p><a href=\"https:\/\/www.facebook.com\/hashtag\/metroredes?__eep__=6&amp;__cft__[0]=AZU_5u6Px2e3ZDCOM1mYsxw7_vfM7xxykHeNBPXl5WFO8qN6iztI_fGPhVFEK-NWjOXUBweJ_HftzdQv8p3OtrkmW-tMI62STe9UfugTwuY12OCNEtakJMHoEBZhcLanNSd2PZhlCWILu66-vaxgLhItZ4kC-xSs6YgvyKRGRmSEHq2u7oUnxJUYRivOTP2GYOA&amp;__tn__=*NK-R\">#metroredes<\/a><a href=\"https:\/\/www.facebook.com\/hashtag\/crisispolitica?__eep__=6&amp;__cft__[0]=AZU_5u6Px2e3ZDCOM1mYsxw7_vfM7xxykHeNBPXl5WFO8qN6iztI_fGPhVFEK-NWjOXUBweJ_HftzdQv8p3OtrkmW-tMI62STe9UfugTwuY12OCNEtakJMHoEBZhcLanNSd2PZhlCWILu66-vaxgLhItZ4kC-xSs6YgvyKRGRmSEHq2u7oUnxJUYRivOTP2GYOA&amp;__tn__=*NK-R\">#crisispolitica<\/a><a href=\"https:\/\/www.facebook.com\/hashtag\/movimientosemilla?__eep__=6&amp;__cft__[0]=AZU_5u6Px2e3ZDCOM1mYsxw7_vfM7xxykHeNBPXl5WFO8qN6iztI_fGPhVFEK-NWjOXUBweJ_HftzdQv8p3OtrkmW-tMI62STe9UfugTwuY12OCNEtakJMHoEBZhcLanNSd2PZhlCWILu66-vaxgLhItZ4kC-xSs6YgvyKRGRmSEHq2u7oUnxJUYRivOTP2GYOA&amp;__tn__=*NK-R\">#MovimientoSemilla<\/a><a href=\"https:\/\/www.facebook.com\/hashtag\/mpguatemala?__eep__=6&amp;__cft__[0]=AZU_5u6Px2e3ZDCOM1mYsxw7_vfM7xxykHeNBPXl5WFO8qN6iztI_fGPhVFEK-NWjOXUBweJ_HftzdQv8p3OtrkmW-tMI62STe9UfugTwuY12OCNEtakJMHoEBZhcLanNSd2PZhlCWILu66-vaxgLhItZ4kC-xSs6YgvyKRGRmSEHq2u7oUnxJUYRivOTP2GYOA&amp;__tn__=*NK-R\">#MPGuatemala<\/a><\/p>\n\n\n\n<p><\/p>\n","protected":false},"excerpt":{"rendered":"<p>El equipo legal de Movimiento Semilla present\u00f3 esta noche una solicitud de antejuicio en contra de la fiscal general del Ministerio P\u00fablico, MP , Consuelo Porras. As\u00ed mismo, presentaron tres querellas Penales por resoluciones violatorias a la Constitucion de la Rep\u00fablica, abuso de autoridad con prop\u00f3sito electoral y prevaricato en contra del fiscal, Rafael Curruchiche; <a class=\"read-more\" href=\"https:\/\/elmetropolitano.com.gt\/es\/semilla-presento-anoche-solicitud-de-antejuicio-contra-consuelo-porras\/\">Leer m\u00e1s<\/a><\/p>\n","protected":false},"author":1,"featured_media":72248,"comment_status":"open","ping_status":"closed","sticky":false,"template":"","format":"standard","meta":{"footnotes":""},"categories":[2],"tags":[12],"class_list":["post-72247","post","type-post","status-publish","format-standard","has-post-thumbnail","hentry","category-nacionales","tag-nacionales"],"_links":{"self":[{"href":"https:\/\/elmetropolitano.com.gt\/es\/wp-json\/wp\/v2\/posts\/72247","targetHints":{"allow":["GET"]}}],"collection":[{"href":"https:\/\/elmetropolitano.com.gt\/es\/wp-json\/wp\/v2\/posts"}],"about":[{"href":"https:\/\/elmetropolitano.com.gt\/es\/wp-json\/wp\/v2\/types\/post"}],"author":[{"embeddable":true,"href":"https:\/\/elmetropolitano.com.gt\/es\/wp-json\/wp\/v2\/users\/1"}],"replies":[{"embeddable":true,"href":"https:\/\/elmetropolitano.com.gt\/es\/wp-json\/wp\/v2\/comments?post=72247"}],"version-history":[{"count":1,"href":"https:\/\/elmetropolitano.com.gt\/es\/wp-json\/wp\/v2\/posts\/72247\/revisions"}],"predecessor-version":[{"id":72249,"href":"https:\/\/elmetropolitano.com.gt\/es\/wp-json\/wp\/v2\/posts\/72247\/revisions\/72249"}],"wp:featuredmedia":[{"embeddable":true,"href":"https:\/\/elmetropolitano.com.gt\/es\/wp-json\/wp\/v2\/media\/72248"}],"wp:attachment":[{"href":"https:\/\/elmetropolitano.com.gt\/es\/wp-json\/wp\/v2\/media?parent=72247"}],"wp:term":[{"taxonomy":"category","embeddable":true,"href":"https:\/\/elmetropolitano.com.gt\/es\/wp-json\/wp\/v2\/categories?post=72247"},{"taxonomy":"post_tag","embeddable":true,"href":"https:\/\/elmetropolitano.com.gt\/es\/wp-json\/wp\/v2\/tags?post=72247"}],"curies":[{"name":"wp","href":"https:\/\/api.w.org\/{rel}","templated":true}]}}