{"id":72259,"date":"2023-09-13T12:25:10","date_gmt":"2023-09-13T18:25:10","guid":{"rendered":"https:\/\/elmetropolitano.com.gt\/es\/?p=72259"},"modified":"2023-09-13T12:25:11","modified_gmt":"2023-09-13T18:25:11","slug":"la-pregunta-del-millon-que-dira-la-denuncia-del-ciudadano-que-tiene-al-mp-violando-la-ley","status":"publish","type":"post","link":"https:\/\/elmetropolitano.com.gt\/es\/la-pregunta-del-millon-que-dira-la-denuncia-del-ciudadano-que-tiene-al-mp-violando-la-ley\/","title":{"rendered":"La pregunta del mill\u00f3n \u00bfQu\u00e9 dir\u00e1 la denuncia del ciudadano? Que tiene al MP violando la ley"},"content":{"rendered":"\n<p>Esta es la pregunta del mill\u00f3n, \u00bfQu\u00e9 dir\u00e1 la denuncia del ciudadano? Que tiene al Ministerio P\u00fablico tras esa investigaci\u00f3n que incluso incluye la violaci\u00f3n de la Constituci\u00f3n Pol\u00edtica de la Rep\u00fablica, pues hasta aqu\u00ed nadie sabe nada de ese caso solo lo que ellos mismos dicen p\u00fablicamente en los medios de comunicaci\u00f3n, dijo el magistrado del Tribunal Supremo Electoral, Gabriel Aguilera.<\/p>\n\n\n\n<p>Lo anterior se desprende de los allanamientos realizados por la Fiscal\u00eda Especial Contra la Impunidad (FECI) del Ministerio P\u00fablico (MP), dirigidos por Rafael Curruchiche, Aguilera se\u00f1al\u00f3 que el n\u00famero de causa coincide con otro que est\u00e1 vigente. \u201cY cabe destacar que el TSE no conoce estos procesos, no sabemos, la prensa nos pregunta y solo tenemos la informaci\u00f3n de las declaraciones p\u00fablicas que hubo de los mismos fiscales.<\/p><div class=\"elmet-contenido\" id=\"elmet-3551410136\"><div class=\"elmet-adlabel\">Anuncios<\/div><div style=\"margin-top: 20px;margin-right: 20px;margin-bottom: 20px;margin-left: 20px;\" id=\"elmet-4018052203\"><a href=\"https:\/\/www.facebook.com\/arrincuanantigua\/\" aria-label=\"cintillo-arrin-cual\"><img loading=\"lazy\" decoding=\"async\" src=\"https:\/\/elmetropolitano.com.gt\/es\/wp-content\/uploads\/2021\/11\/cintillo-arrin-cual-1.jpg\" alt=\"\"  srcset=\"https:\/\/elmetropolitano.com.gt\/es\/wp-content\/uploads\/2021\/11\/cintillo-arrin-cual-1.jpg 750w, https:\/\/elmetropolitano.com.gt\/es\/wp-content\/uploads\/2021\/11\/cintillo-arrin-cual-1-300x36.jpg 300w, https:\/\/elmetropolitano.com.gt\/es\/wp-content\/uploads\/2021\/11\/cintillo-arrin-cual-1-600x72.jpg 600w\" sizes=\"(max-width: 750px) 100vw, 750px\" width=\"750\" height=\"90\"   \/><\/a><\/div><\/div>\n\n\n\n<p>\u201c\u00bfQu\u00e9 denunci\u00f3 este ciudadano? No sabemos, \u00bfser\u00e1 que este ciudadano denunci\u00f3 espec\u00edficamente estas 160 cajas? o \u00bfEstas 160 cajas fueron seleccionadas al azar? Tampoco lo sabemos\u201d, asegur\u00f3 Aguilera.<\/p>\n\n\n\n<p>En esta l\u00ednea asever\u00f3 que es importante, ya que, si se habla de un debido proceso, el TSE es la mayor entidad interesada en defender la democracia, y deber\u00eda estar investida de la denuncia y conocer su contenido, as\u00ed como saber lo que se pretende obtener de la misma.<\/p>\n\n\n\n<p>Agreg\u00f3 que abrir las cajas no sebe si est\u00e1 dentro del proceso y existen otras denuncias de \u201cfraude electoral\u201d, sin embargo, tal como lo ha dicho en reiteradas ocasiones, en Guatemala es imposible.<\/p>\n\n\n\n<p>Al mismo tiempo, el magistrado dijo que no solo se est\u00e1 cuestionando la cadena de custodia del voto, sino que la \u201ccolumna vertebral\u201d del sistema electoral guatemalteco, y tambi\u00e9n el trabajo de las Juntas Receptoras de Votos (JRV), Juntas Electorales Municipales y Juntas Electorales Departamentales.<\/p>\n\n\n\n<p>Expres\u00f3 que ellos como pleno de magistrados no tienen acceso a estos documentos, por eso las cajas vienen marchamadas desde las JRV y las remite la Junta Electoral Departamental una vez finalizado el proceso que ellos llevan a cabo como Juntas Electorales y como \u00f3rganos electorales temporales y esa es la columna vertebral de nuestro proceso, dijo.<\/p>\n\n\n\n<p>Con profunda preocupaci\u00f3n se\u00f1al\u00f3 que sobre ello descansa la pureza del proceso y abrir cajas es cuestionar la confianza sobre ese sistema, es cuestionar ese trabajo de las JRV, es cuestionar la soberan\u00eda del pueblo guatemalteco, qui\u00e9n es el que tiene la custodia del voto, y eso es lo que realmente creo que lo m\u00e1s preocupante, expres\u00f3.<\/p>\n\n\n\n<p>Tambi\u00e9n indic\u00f3 que en la Ley Electoral y de Partidos Pol\u00edticos (LEPP) no se encuentra el reconteo de votos, por lo que como magistrados deben actuar bajo el principio de legalidad.<\/p>\n\n\n\n<p>El magistrado record\u00f3 que el de la Corte de Constitucionalidad (CC), con la cual orden\u00f3 una nueva audiencia de revisi\u00f3n del escrutinio, dando otra oportunidad para que los partidos pol\u00edticos pudieran revisar el voto.<\/p>\n\n\n\n<p>Lo m\u00e1s delicado del caso es que como magistrados del TSE \u00fanicamente tuvieron acceso a esta orden del allanamiento, pero no tienen conocimiento sobre qu\u00e9 denuncia se basa este requerimiento, dijo finalmente.<\/p>\n\n\n\n<p>#metroredes<\/p>\n\n\n\n<p><\/p>\n","protected":false},"excerpt":{"rendered":"<p>Esta es la pregunta del mill\u00f3n, \u00bfQu\u00e9 dir\u00e1 la denuncia del ciudadano? Que tiene al Ministerio P\u00fablico tras esa investigaci\u00f3n que incluso incluye la violaci\u00f3n de la Constituci\u00f3n Pol\u00edtica de la Rep\u00fablica, pues hasta aqu\u00ed nadie sabe nada de ese caso solo lo que ellos mismos dicen p\u00fablicamente en los medios de comunicaci\u00f3n, dijo el <a class=\"read-more\" href=\"https:\/\/elmetropolitano.com.gt\/es\/la-pregunta-del-millon-que-dira-la-denuncia-del-ciudadano-que-tiene-al-mp-violando-la-ley\/\">Leer m\u00e1s<\/a><\/p>\n","protected":false},"author":1,"featured_media":72260,"comment_status":"open","ping_status":"closed","sticky":false,"template":"","format":"standard","meta":{"footnotes":""},"categories":[2],"tags":[12],"class_list":["post-72259","post","type-post","status-publish","format-standard","has-post-thumbnail","hentry","category-nacionales","tag-nacionales"],"_links":{"self":[{"href":"https:\/\/elmetropolitano.com.gt\/es\/wp-json\/wp\/v2\/posts\/72259","targetHints":{"allow":["GET"]}}],"collection":[{"href":"https:\/\/elmetropolitano.com.gt\/es\/wp-json\/wp\/v2\/posts"}],"about":[{"href":"https:\/\/elmetropolitano.com.gt\/es\/wp-json\/wp\/v2\/types\/post"}],"author":[{"embeddable":true,"href":"https:\/\/elmetropolitano.com.gt\/es\/wp-json\/wp\/v2\/users\/1"}],"replies":[{"embeddable":true,"href":"https:\/\/elmetropolitano.com.gt\/es\/wp-json\/wp\/v2\/comments?post=72259"}],"version-history":[{"count":1,"href":"https:\/\/elmetropolitano.com.gt\/es\/wp-json\/wp\/v2\/posts\/72259\/revisions"}],"predecessor-version":[{"id":72261,"href":"https:\/\/elmetropolitano.com.gt\/es\/wp-json\/wp\/v2\/posts\/72259\/revisions\/72261"}],"wp:featuredmedia":[{"embeddable":true,"href":"https:\/\/elmetropolitano.com.gt\/es\/wp-json\/wp\/v2\/media\/72260"}],"wp:attachment":[{"href":"https:\/\/elmetropolitano.com.gt\/es\/wp-json\/wp\/v2\/media?parent=72259"}],"wp:term":[{"taxonomy":"category","embeddable":true,"href":"https:\/\/elmetropolitano.com.gt\/es\/wp-json\/wp\/v2\/categories?post=72259"},{"taxonomy":"post_tag","embeddable":true,"href":"https:\/\/elmetropolitano.com.gt\/es\/wp-json\/wp\/v2\/tags?post=72259"}],"curies":[{"name":"wp","href":"https:\/\/api.w.org\/{rel}","templated":true}]}}