{"id":72262,"date":"2023-09-13T13:33:41","date_gmt":"2023-09-13T19:33:41","guid":{"rendered":"https:\/\/elmetropolitano.com.gt\/es\/?p=72262"},"modified":"2023-09-13T13:36:13","modified_gmt":"2023-09-13T19:36:13","slug":"empresarios-llaman-a-la-cc-a-restaurar-el-orden-constitucional","status":"publish","type":"post","link":"https:\/\/elmetropolitano.com.gt\/es\/empresarios-llaman-a-la-cc-a-restaurar-el-orden-constitucional\/","title":{"rendered":"Empresarios llaman a la CC a restaurar el orden constitucional"},"content":{"rendered":"\n<p>El Ministerio P\u00fablico, MP, ha perdido legitimidad y es claramente ilegal en sus acciones, consideran empresario aglutinados en el Consejo Nacional Empresarial, quienes hicieron un llamado a los magistrados de la Corte de Constitucionalidad, CC, a restablecer el orden constitucional en el pa\u00eds y que dejen ya de permanecer neutrales ante el desorden pol\u00edtico y social que provocan las acciones del MP.<\/p>\n\n\n\n<p>Se\u00f1alaron que constitucionalmente claro es de que son las Juntas Receptoras de Votos los \u00fanicos encargados, por orden constitucional, de resguardar el escrutinio de los votos de la ciudadan\u00eda y \u201crechazamos totalmente las acciones de la fiscal general Consuelo Porras y el fiscal Rafael Curruchiche con relaci\u00f3n al proceso electoral.<\/p><div class=\"elmet-contenido\" id=\"elmet-272110872\"><div class=\"elmet-adlabel\">Anuncios<\/div><div style=\"margin-top: 20px;margin-right: 20px;margin-bottom: 20px;margin-left: 20px;\" id=\"elmet-878995354\"><a href=\"https:\/\/www.facebook.com\/arrincuanantigua\/\" aria-label=\"cintillo-arrin-cual\"><img loading=\"lazy\" decoding=\"async\" src=\"https:\/\/elmetropolitano.com.gt\/es\/wp-content\/uploads\/2021\/11\/cintillo-arrin-cual-1.jpg\" alt=\"\"  srcset=\"https:\/\/elmetropolitano.com.gt\/es\/wp-content\/uploads\/2021\/11\/cintillo-arrin-cual-1.jpg 750w, https:\/\/elmetropolitano.com.gt\/es\/wp-content\/uploads\/2021\/11\/cintillo-arrin-cual-1-300x36.jpg 300w, https:\/\/elmetropolitano.com.gt\/es\/wp-content\/uploads\/2021\/11\/cintillo-arrin-cual-1-600x72.jpg 600w\" sizes=\"(max-width: 750px) 100vw, 750px\" width=\"750\" height=\"90\"   \/><\/a><\/div><\/div>\n\n\n\n<p>A\u00f1aden que estos funcionarios har\u00edan bien en recordar que el \u00f3rgano designado por la constituci\u00f3n para atender los asuntos electorales es el Tribunal Supremo Electoral y la Ley Electoral y de Partidos Pol\u00edticos.<\/p>\n\n\n\n<p>Por acciones como las que toma el MP es que el Consejo Nacional Empresarial ha solicitado la renuncia de estas personas en varias ocasiones, ya que perdieron toda legitimidad y todo lo que hacen es claramente ilegal.<\/p>\n\n\n\n<p>Agregan que la CC ya tuvo un momento, en 1993, en el que cumpli\u00f3 su funci\u00f3n, logr\u00f3 restaurar el orden y nos permite vivir en democracia, por lo que les recomendamos hacer historia y con un fallo apegado a la ley, con acciones determinantes que permitan restaurar el orden democr\u00e1tico, el progreso econ\u00f3mico y el desarrollo empresarial solo puede darse en democracias con instituciones s\u00f3lidas y los magistrados de la CC tiene el compromiso con Guatemala.<\/p>\n\n\n\n<p>#metroredes<\/p>\n\n\n\n<figure class=\"wp-block-gallery has-nested-images columns-default is-cropped wp-block-gallery-1 is-layout-flex wp-block-gallery-is-layout-flex\">\n<figure class=\"wp-block-image size-large\"><img loading=\"lazy\" decoding=\"async\" width=\"794\" height=\"1024\" data-id=\"72265\" src=\"https:\/\/elmetropolitano.com.gt\/es\/wp-content\/uploads\/2023\/09\/empresarios-794x1024.jpg\" alt=\"\" class=\"wp-image-72265\" srcset=\"https:\/\/elmetropolitano.com.gt\/es\/wp-content\/uploads\/2023\/09\/empresarios-794x1024.jpg 794w, https:\/\/elmetropolitano.com.gt\/es\/wp-content\/uploads\/2023\/09\/empresarios-233x300.jpg 233w, https:\/\/elmetropolitano.com.gt\/es\/wp-content\/uploads\/2023\/09\/empresarios-768x990.jpg 768w, https:\/\/elmetropolitano.com.gt\/es\/wp-content\/uploads\/2023\/09\/empresarios-1191x1536.jpg 1191w, https:\/\/elmetropolitano.com.gt\/es\/wp-content\/uploads\/2023\/09\/empresarios-600x774.jpg 600w, https:\/\/elmetropolitano.com.gt\/es\/wp-content\/uploads\/2023\/09\/empresarios.jpg 1222w\" sizes=\"auto, (max-width: 794px) 100vw, 794px\" \/><\/figure>\n<\/figure>\n","protected":false},"excerpt":{"rendered":"<p>El Ministerio P\u00fablico, MP, ha perdido legitimidad y es claramente ilegal en sus acciones, consideran empresario aglutinados en el Consejo Nacional Empresarial, quienes hicieron un llamado a los magistrados de la Corte de Constitucionalidad, CC, a restablecer el orden constitucional en el pa\u00eds y que dejen ya de permanecer neutrales ante el desorden pol\u00edtico y <a class=\"read-more\" href=\"https:\/\/elmetropolitano.com.gt\/es\/empresarios-llaman-a-la-cc-a-restaurar-el-orden-constitucional\/\">Leer m\u00e1s<\/a><\/p>\n","protected":false},"author":1,"featured_media":72263,"comment_status":"open","ping_status":"closed","sticky":false,"template":"","format":"standard","meta":{"footnotes":""},"categories":[2],"tags":[12],"class_list":["post-72262","post","type-post","status-publish","format-standard","has-post-thumbnail","hentry","category-nacionales","tag-nacionales"],"_links":{"self":[{"href":"https:\/\/elmetropolitano.com.gt\/es\/wp-json\/wp\/v2\/posts\/72262","targetHints":{"allow":["GET"]}}],"collection":[{"href":"https:\/\/elmetropolitano.com.gt\/es\/wp-json\/wp\/v2\/posts"}],"about":[{"href":"https:\/\/elmetropolitano.com.gt\/es\/wp-json\/wp\/v2\/types\/post"}],"author":[{"embeddable":true,"href":"https:\/\/elmetropolitano.com.gt\/es\/wp-json\/wp\/v2\/users\/1"}],"replies":[{"embeddable":true,"href":"https:\/\/elmetropolitano.com.gt\/es\/wp-json\/wp\/v2\/comments?post=72262"}],"version-history":[{"count":2,"href":"https:\/\/elmetropolitano.com.gt\/es\/wp-json\/wp\/v2\/posts\/72262\/revisions"}],"predecessor-version":[{"id":72266,"href":"https:\/\/elmetropolitano.com.gt\/es\/wp-json\/wp\/v2\/posts\/72262\/revisions\/72266"}],"wp:featuredmedia":[{"embeddable":true,"href":"https:\/\/elmetropolitano.com.gt\/es\/wp-json\/wp\/v2\/media\/72263"}],"wp:attachment":[{"href":"https:\/\/elmetropolitano.com.gt\/es\/wp-json\/wp\/v2\/media?parent=72262"}],"wp:term":[{"taxonomy":"category","embeddable":true,"href":"https:\/\/elmetropolitano.com.gt\/es\/wp-json\/wp\/v2\/categories?post=72262"},{"taxonomy":"post_tag","embeddable":true,"href":"https:\/\/elmetropolitano.com.gt\/es\/wp-json\/wp\/v2\/tags?post=72262"}],"curies":[{"name":"wp","href":"https:\/\/api.w.org\/{rel}","templated":true}]}}