{"id":72310,"date":"2023-09-13T21:45:47","date_gmt":"2023-09-14T03:45:47","guid":{"rendered":"https:\/\/elmetropolitano.com.gt\/es\/?p=72310"},"modified":"2023-09-13T21:45:49","modified_gmt":"2023-09-14T03:45:49","slug":"no-avanzan-iniciativas-de-amnistia-para-militares-y-reformas-al-oj","status":"publish","type":"post","link":"https:\/\/elmetropolitano.com.gt\/es\/no-avanzan-iniciativas-de-amnistia-para-militares-y-reformas-al-oj\/","title":{"rendered":"No avanzan iniciativas de amnist\u00eda para militares y reformas al OJ"},"content":{"rendered":"\n<p>El oficialismo y sus aliados o tambi\u00e9n conocida alianza oficialista no logr\u00f3 avanzar en su primer debate de la iniciativa de Ley para el Fortalecimiento de la paz (amnist\u00eda para militares) y en segundo debate reformas al Organismo Judicial, que les dar\u00eda m\u00e1s poderes a los magistrados de la Corte Suprema de Justicia y elimina la independencia de jueces.<\/p>\n\n\n\n<p>Hoy <a><\/a>en la sesi\u00f3n plenaria s\u00f3lo se logr\u00f3 emitir dos acuerdos, el 09-2023, por el sensible fallecimiento de la diputada Lucrecia Hern\u00e1ndez Mack y el 10-2023, que fue el que declar\u00f3 la vacante de esa curul y nombr\u00f3 al sustituto de la hoy ausente y se trata de Mario Chen Yac.<\/p><div class=\"elmet-contenido\" id=\"elmet-2579789525\"><div class=\"elmet-adlabel\">Anuncios<\/div><div style=\"margin-top: 20px;margin-right: 20px;margin-bottom: 20px;margin-left: 20px;\" id=\"elmet-4145602837\"><a href=\"https:\/\/www.facebook.com\/arrincuanantigua\/\" aria-label=\"cintillo-arrin-cual\"><img loading=\"lazy\" decoding=\"async\" src=\"https:\/\/elmetropolitano.com.gt\/es\/wp-content\/uploads\/2021\/11\/cintillo-arrin-cual-1.jpg\" alt=\"\"  srcset=\"https:\/\/elmetropolitano.com.gt\/es\/wp-content\/uploads\/2021\/11\/cintillo-arrin-cual-1.jpg 750w, https:\/\/elmetropolitano.com.gt\/es\/wp-content\/uploads\/2021\/11\/cintillo-arrin-cual-1-300x36.jpg 300w, https:\/\/elmetropolitano.com.gt\/es\/wp-content\/uploads\/2021\/11\/cintillo-arrin-cual-1-600x72.jpg 600w\" sizes=\"(max-width: 750px) 100vw, 750px\" width=\"750\" height=\"90\"   \/><\/a><\/div><\/div>\n\n\n\n<p>Cuando se discut\u00eda el primer debate de exoneraci\u00f3n de impuestos para la Alianza Evang\u00e9lica de Guatemala, el pastor y diputado Osmundo Ponce, pidi\u00f3 revisi\u00f3n de cu\u00f3rum y el presidente en funciones del Congreso, Boris Espa\u00f1a, tuvo que finalizar la misma.<\/p>\n\n\n\n<p>Ley Monsanto sale al ruedo<\/p>\n\n\n\n<p>Durante la sesi\u00f3n plenaria en las iniciativas de ley se dio lectura a la Ley para la Protecci\u00f3n de Obtenci\u00f3n de Vegetales (UVOP), que en los \u00faltimos d\u00edas se le ha llamado tambi\u00e9n Ley Monsanto.<\/p>\n\n\n\n<p>Precisamente cuando se finaliz\u00f3 la lectura de las iniciativas de ley, el diputado Armando Dami\u00e1n Castillo, se pronunci\u00f3 en contra de la ley UVOP y se\u00f1al\u00f3 que se trataba de la Ley Monsanto, la cual estaba disfrazada.<\/p>\n\n\n\n<p>Hoy al finalizar el pleno, se le consult\u00f3 al diputado Flavio Mu\u00f1oz y argument\u00f3 que se trata de algunas reformas pero no incluyen las semillas, sino solo las frutas.<\/p>\n\n\n\n<p>El presidente de la Comisi\u00f3n de Agricultura, Guillermo Cifuentes invit\u00f3 al oponente de esta Ley, el diputado Castillo, para que se le acerque para la explicaci\u00f3n de la misma. Y neg\u00f3 que se trate de la Ley Monsanto.<\/p>\n\n\n\n<p>En las calles, frente al Congreso, sobre la 9\u00aa. Avenida se registr\u00f3 una manifestaci\u00f3n en contra de la Ley Monsanto, por parte de varias organizaciones campesinas.<\/p>\n\n\n\n<p>Texto: Francisco Javier Hurtarte<\/p>\n\n\n\n<p><a href=\"https:\/\/www.facebook.com\/hashtag\/metroredes?__eep__=6&amp;__cft__[0]=AZVdtTVbunhlhpQn8BhtJSWPOIcQCwYQXCxnrB2J6_4vNcya8Hx5WSWKh_xNcVjpzTPNz1G7Pv66fw9Haw-O9FE8i5rgsCHGvdgEWG61v-2cDUyPitbnziHVG1YA5Oz7qArLZGfLec1e9Eh_Srz5yEltDko0x-X-SiB7Y6CpITpYuvmz9sL9FUTN3D0tciuEVS0&amp;__tn__=*NK-R\">#metroredes<\/a><a href=\"https:\/\/www.facebook.com\/hashtag\/congresodelarep%C3%BAblicagt?__eep__=6&amp;__cft__[0]=AZVdtTVbunhlhpQn8BhtJSWPOIcQCwYQXCxnrB2J6_4vNcya8Hx5WSWKh_xNcVjpzTPNz1G7Pv66fw9Haw-O9FE8i5rgsCHGvdgEWG61v-2cDUyPitbnziHVG1YA5Oz7qArLZGfLec1e9Eh_Srz5yEltDko0x-X-SiB7Y6CpITpYuvmz9sL9FUTN3D0tciuEVS0&amp;__tn__=*NK-R\">#congresodelarep\u00fablicagt<\/a><\/p>\n\n\n\n<figure class=\"wp-block-gallery has-nested-images columns-default is-cropped wp-block-gallery-1 is-layout-flex wp-block-gallery-is-layout-flex\">\n<figure class=\"wp-block-image size-large\"><img loading=\"lazy\" decoding=\"async\" width=\"960\" height=\"622\" data-id=\"72312\" src=\"https:\/\/elmetropolitano.com.gt\/es\/wp-content\/uploads\/2023\/09\/375938013_780512527408166_3323475760177286471_n.jpg\" alt=\"\" class=\"wp-image-72312\" srcset=\"https:\/\/elmetropolitano.com.gt\/es\/wp-content\/uploads\/2023\/09\/375938013_780512527408166_3323475760177286471_n.jpg 960w, https:\/\/elmetropolitano.com.gt\/es\/wp-content\/uploads\/2023\/09\/375938013_780512527408166_3323475760177286471_n-300x194.jpg 300w, https:\/\/elmetropolitano.com.gt\/es\/wp-content\/uploads\/2023\/09\/375938013_780512527408166_3323475760177286471_n-768x498.jpg 768w, https:\/\/elmetropolitano.com.gt\/es\/wp-content\/uploads\/2023\/09\/375938013_780512527408166_3323475760177286471_n-600x389.jpg 600w\" sizes=\"auto, (max-width: 960px) 100vw, 960px\" \/><\/figure>\n\n\n\n<figure class=\"wp-block-image size-large\"><img loading=\"lazy\" decoding=\"async\" width=\"960\" height=\"640\" data-id=\"72314\" src=\"https:\/\/elmetropolitano.com.gt\/es\/wp-content\/uploads\/2023\/09\/375977825_780512517408167_5657640212695817544_n.jpg\" alt=\"\" class=\"wp-image-72314\" srcset=\"https:\/\/elmetropolitano.com.gt\/es\/wp-content\/uploads\/2023\/09\/375977825_780512517408167_5657640212695817544_n.jpg 960w, https:\/\/elmetropolitano.com.gt\/es\/wp-content\/uploads\/2023\/09\/375977825_780512517408167_5657640212695817544_n-300x200.jpg 300w, https:\/\/elmetropolitano.com.gt\/es\/wp-content\/uploads\/2023\/09\/375977825_780512517408167_5657640212695817544_n-768x512.jpg 768w, https:\/\/elmetropolitano.com.gt\/es\/wp-content\/uploads\/2023\/09\/375977825_780512517408167_5657640212695817544_n-600x400.jpg 600w\" sizes=\"auto, (max-width: 960px) 100vw, 960px\" \/><\/figure>\n<\/figure>\n","protected":false},"excerpt":{"rendered":"<p>El oficialismo y sus aliados o tambi\u00e9n conocida alianza oficialista no logr\u00f3 avanzar en su primer debate de la iniciativa de Ley para el Fortalecimiento de la paz (amnist\u00eda para militares) y en segundo debate reformas al Organismo Judicial, que les dar\u00eda m\u00e1s poderes a los magistrados de la Corte Suprema de Justicia y elimina <a class=\"read-more\" href=\"https:\/\/elmetropolitano.com.gt\/es\/no-avanzan-iniciativas-de-amnistia-para-militares-y-reformas-al-oj\/\">Leer m\u00e1s<\/a><\/p>\n","protected":false},"author":1,"featured_media":72311,"comment_status":"open","ping_status":"closed","sticky":false,"template":"","format":"standard","meta":{"footnotes":""},"categories":[2],"tags":[12],"class_list":["post-72310","post","type-post","status-publish","format-standard","has-post-thumbnail","hentry","category-nacionales","tag-nacionales"],"_links":{"self":[{"href":"https:\/\/elmetropolitano.com.gt\/es\/wp-json\/wp\/v2\/posts\/72310","targetHints":{"allow":["GET"]}}],"collection":[{"href":"https:\/\/elmetropolitano.com.gt\/es\/wp-json\/wp\/v2\/posts"}],"about":[{"href":"https:\/\/elmetropolitano.com.gt\/es\/wp-json\/wp\/v2\/types\/post"}],"author":[{"embeddable":true,"href":"https:\/\/elmetropolitano.com.gt\/es\/wp-json\/wp\/v2\/users\/1"}],"replies":[{"embeddable":true,"href":"https:\/\/elmetropolitano.com.gt\/es\/wp-json\/wp\/v2\/comments?post=72310"}],"version-history":[{"count":1,"href":"https:\/\/elmetropolitano.com.gt\/es\/wp-json\/wp\/v2\/posts\/72310\/revisions"}],"predecessor-version":[{"id":72315,"href":"https:\/\/elmetropolitano.com.gt\/es\/wp-json\/wp\/v2\/posts\/72310\/revisions\/72315"}],"wp:featuredmedia":[{"embeddable":true,"href":"https:\/\/elmetropolitano.com.gt\/es\/wp-json\/wp\/v2\/media\/72311"}],"wp:attachment":[{"href":"https:\/\/elmetropolitano.com.gt\/es\/wp-json\/wp\/v2\/media?parent=72310"}],"wp:term":[{"taxonomy":"category","embeddable":true,"href":"https:\/\/elmetropolitano.com.gt\/es\/wp-json\/wp\/v2\/categories?post=72310"},{"taxonomy":"post_tag","embeddable":true,"href":"https:\/\/elmetropolitano.com.gt\/es\/wp-json\/wp\/v2\/tags?post=72310"}],"curies":[{"name":"wp","href":"https:\/\/api.w.org\/{rel}","templated":true}]}}