{"id":72339,"date":"2023-09-14T17:44:33","date_gmt":"2023-09-14T23:44:33","guid":{"rendered":"https:\/\/elmetropolitano.com.gt\/es\/?p=72339"},"modified":"2023-09-14T17:44:34","modified_gmt":"2023-09-14T23:44:34","slug":"dolores-bedoya-una-mujer-de-coraje","status":"publish","type":"post","link":"https:\/\/elmetropolitano.com.gt\/es\/dolores-bedoya-una-mujer-de-coraje\/","title":{"rendered":"Dolores Bedoya, una mujer de coraje"},"content":{"rendered":"\n<p>En conmemoraci\u00f3n de los 202 a\u00f1os de Independencia de Guatemala, el Canal de Gobierno trasmitir\u00e1 este viernes 15 de septiembre la pel\u00edcula Dolores Bedoya, una mujer de Coraje.<\/p>\n\n\n\n<p>La misma puedes verla a las 15:00 y 21:00 horas a trav\u00e9s de Canal de Gobierno. Dicha producci\u00f3n fue realizada con estudiantes de la Academia de Locuci\u00f3n, Cine y Televisi\u00f3n de la Radio TGW, la Voz de Guatemala.<\/p><div class=\"elmet-contenido\" id=\"elmet-3556149521\"><div class=\"elmet-adlabel\">Anuncios<\/div><div style=\"margin-top: 20px;margin-right: 20px;margin-bottom: 20px;margin-left: 20px;\" id=\"elmet-799861956\"><a href=\"https:\/\/www.facebook.com\/arrincuanantigua\/\" aria-label=\"cintillo-arrin-cual\"><img loading=\"lazy\" decoding=\"async\" src=\"https:\/\/elmetropolitano.com.gt\/es\/wp-content\/uploads\/2021\/11\/cintillo-arrin-cual-1.jpg\" alt=\"\"  srcset=\"https:\/\/elmetropolitano.com.gt\/es\/wp-content\/uploads\/2021\/11\/cintillo-arrin-cual-1.jpg 750w, https:\/\/elmetropolitano.com.gt\/es\/wp-content\/uploads\/2021\/11\/cintillo-arrin-cual-1-300x36.jpg 300w, https:\/\/elmetropolitano.com.gt\/es\/wp-content\/uploads\/2021\/11\/cintillo-arrin-cual-1-600x72.jpg 600w\" sizes=\"(max-width: 750px) 100vw, 750px\" width=\"750\" height=\"90\"   \/><\/a><\/div><\/div>\n\n\n\n<p><a><\/a>Sobre la producci\u00f3n<\/p>\n\n\n\n<p>Durante este rodaje se cont\u00f3 con la participaci\u00f3n de otras academias que aportaron valor esc\u00e9nico como Caballeros Cadetes de la Gloriosa Escuela Polit\u00e9cnica y estudiantes de corte y confecci\u00f3n del Instituto T\u00e9cnico de Capacitaci\u00f3n y Productividad (Intecap).<\/p>\n\n\n\n<p>La pel\u00edcula est\u00e1 dirigida por Edgar Ram\u00edrez, producci\u00f3n Claudia Luna, direcci\u00f3n de fotograf\u00eda Pablo Ram\u00edrez, direcci\u00f3n art\u00edstica Roberto Santandrea, escrita por Carlos Rafael Echeverr\u00eda Quintana.<\/p>\n\n\n\n<p>Es la historia novelada de do\u00f1a Dolores Bedoya de Molina y su papel protag\u00f3nico en la firma de la independencia del istmo centroamericano.<\/p>\n\n\n\n<p>Su historia<\/p>\n\n\n\n<p>Mar\u00eda Dolores Bedoya de Molina fue una mujer destacada que particip\u00f3 durante la independencia de Guatemala el 15 de septiembre de 1821.<\/p>\n\n\n\n<p>Seg\u00fan la historia de Guatemala, se conoce que Bedoya de Molina hizo varias manifestaciones recorriendo las calles de la Ciudad de Guatemala, las cuales animaron a que la poblaci\u00f3n apoyara la firma del acta.<\/p>\n\n\n\n<p>Do\u00f1a Dolores Bedoya fue hija de Pedro Bedoya y Manuela Antonia Gonz\u00e1lez.<\/p>\n\n\n\n<p>A la edad de 21 a\u00f1os, el 9 de febrero de 1804, contrajo matrimonio en la Catedral con el doctor Pedro Molina (pr\u00f3cer de la independencia) con quien procre\u00f3 ocho hijos.<\/p>\n\n\n\n<p>La guatemalteca es recordada en la historia de Guatemala como una persona importante, ya que fue la \u00fanica mujer que particip\u00f3 en los movimientos independentistas del pa\u00eds.<\/p>\n\n\n\n<p>Grito de Independencia<\/p>\n\n\n\n<p>El 15 de septiembre de 1821 do\u00f1a Mar\u00eda Dolores se encontraba entre un grupo de personas a las afueras del Palacio Nacional.<\/p>\n\n\n\n<p>Cuando se firma el Acta de Independencia, se sabe que se quemaron cohetillos y llevaron marimba como una forma de festejo ante el suceso.<\/p>\n\n\n\n<p>Es meritorio mencionar a do\u00f1a Dolores Bedoya, una mujer escuintleca de clase media. Ella dio el grito de independencia el 15 de septiembre de 1821 antes de que lo hiciera nuestro vecino pa\u00eds, M\u00e9xico.<\/p>\n\n\n\n<p>Seg\u00fan lo resaltan muchos libros de historia, \u201cdo\u00f1a Dolores encabez\u00f3 una multitud de ciudadanos que permanecieron en las afueras y lugares aleda\u00f1os al palacio, areng\u00f3 a los vecinos y con los brazos en alto le demand\u00f3 sus gritos y aclamaciones a favor de la independencia. Contrat\u00f3 una banda de m\u00fasica que al sonido de cohetes y bombas voladoras prorrumpi\u00f3 en m\u00fasica festiva. Las campanas del Calvario y otras iglesias comenzaron a repicar incesantemente\u201d.<\/p>\n\n\n\n<p>Al escuchar el festejo, los encargados de la firma del acta se apresuraron a redactar y firmar el documento que determin\u00f3 la liberaci\u00f3n nacional<\/p>\n\n\n\n<p>Texto: Brenda Larios<\/p>\n\n\n\n<p><a href=\"https:\/\/www.facebook.com\/hashtag\/metroredes?__eep__=6&amp;__cft__[0]=AZULXj7DTngE4ktZURmI9qeeBKGNaviPs9fQEiaSC01imoCqjffg4Yd-bW5biHELLH2uDhhwmoiv9iCuEIcBGVzLQ8RauMRFrNu60FQ3U6ri3zWi1s1Jwv7qqZrVWXawnLagAwh7_KF6ATcJmaRvKo6UaQM2T08IOdIjeineZrUoW1nXbBCVXhNJgc_YpuwLhd4&amp;__tn__=*NK-R\">#metroredes<\/a><a href=\"https:\/\/www.facebook.com\/hashtag\/fervorpatrio?__eep__=6&amp;__cft__[0]=AZULXj7DTngE4ktZURmI9qeeBKGNaviPs9fQEiaSC01imoCqjffg4Yd-bW5biHELLH2uDhhwmoiv9iCuEIcBGVzLQ8RauMRFrNu60FQ3U6ri3zWi1s1Jwv7qqZrVWXawnLagAwh7_KF6ATcJmaRvKo6UaQM2T08IOdIjeineZrUoW1nXbBCVXhNJgc_YpuwLhd4&amp;__tn__=*NK-R\">#FervorPatrio<\/a><\/p>\n\n\n\n<figure class=\"wp-block-gallery has-nested-images columns-default is-cropped wp-block-gallery-1 is-layout-flex wp-block-gallery-is-layout-flex\">\n<figure class=\"wp-block-image size-large\"><img loading=\"lazy\" decoding=\"async\" width=\"1000\" height=\"491\" data-id=\"72343\" src=\"https:\/\/elmetropolitano.com.gt\/es\/wp-content\/uploads\/2023\/09\/376233382_781069077352511_2287362740127393571_n.jpg\" alt=\"\" class=\"wp-image-72343\" srcset=\"https:\/\/elmetropolitano.com.gt\/es\/wp-content\/uploads\/2023\/09\/376233382_781069077352511_2287362740127393571_n.jpg 1000w, https:\/\/elmetropolitano.com.gt\/es\/wp-content\/uploads\/2023\/09\/376233382_781069077352511_2287362740127393571_n-300x147.jpg 300w, https:\/\/elmetropolitano.com.gt\/es\/wp-content\/uploads\/2023\/09\/376233382_781069077352511_2287362740127393571_n-768x377.jpg 768w, https:\/\/elmetropolitano.com.gt\/es\/wp-content\/uploads\/2023\/09\/376233382_781069077352511_2287362740127393571_n-600x295.jpg 600w\" sizes=\"auto, (max-width: 1000px) 100vw, 1000px\" \/><\/figure>\n\n\n\n<figure class=\"wp-block-image size-large\"><img loading=\"lazy\" decoding=\"async\" width=\"978\" height=\"498\" data-id=\"72341\" src=\"https:\/\/elmetropolitano.com.gt\/es\/wp-content\/uploads\/2023\/09\/376236476_781069084019177_1058195769908367929_n.jpg\" alt=\"\" class=\"wp-image-72341\" srcset=\"https:\/\/elmetropolitano.com.gt\/es\/wp-content\/uploads\/2023\/09\/376236476_781069084019177_1058195769908367929_n.jpg 978w, https:\/\/elmetropolitano.com.gt\/es\/wp-content\/uploads\/2023\/09\/376236476_781069084019177_1058195769908367929_n-300x153.jpg 300w, https:\/\/elmetropolitano.com.gt\/es\/wp-content\/uploads\/2023\/09\/376236476_781069084019177_1058195769908367929_n-768x391.jpg 768w, https:\/\/elmetropolitano.com.gt\/es\/wp-content\/uploads\/2023\/09\/376236476_781069084019177_1058195769908367929_n-600x306.jpg 600w\" sizes=\"auto, (max-width: 978px) 100vw, 978px\" \/><\/figure>\n\n\n\n<figure class=\"wp-block-image size-large\"><img loading=\"lazy\" decoding=\"async\" width=\"524\" height=\"484\" data-id=\"72342\" src=\"https:\/\/elmetropolitano.com.gt\/es\/wp-content\/uploads\/2023\/09\/379503044_781068924019193_5969962634427617145_n.jpg\" alt=\"\" class=\"wp-image-72342\" srcset=\"https:\/\/elmetropolitano.com.gt\/es\/wp-content\/uploads\/2023\/09\/379503044_781068924019193_5969962634427617145_n.jpg 524w, https:\/\/elmetropolitano.com.gt\/es\/wp-content\/uploads\/2023\/09\/379503044_781068924019193_5969962634427617145_n-300x277.jpg 300w\" sizes=\"auto, (max-width: 524px) 100vw, 524px\" \/><\/figure>\n<\/figure>\n","protected":false},"excerpt":{"rendered":"<p>En conmemoraci\u00f3n de los 202 a\u00f1os de Independencia de Guatemala, el Canal de Gobierno trasmitir\u00e1 este viernes 15 de septiembre la pel\u00edcula Dolores Bedoya, una mujer de Coraje. La misma puedes verla a las 15:00 y 21:00 horas a trav\u00e9s de Canal de Gobierno. Dicha producci\u00f3n fue realizada con estudiantes de la Academia de Locuci\u00f3n, <a class=\"read-more\" href=\"https:\/\/elmetropolitano.com.gt\/es\/dolores-bedoya-una-mujer-de-coraje\/\">Leer m\u00e1s<\/a><\/p>\n","protected":false},"author":1,"featured_media":72340,"comment_status":"open","ping_status":"closed","sticky":false,"template":"","format":"standard","meta":{"footnotes":""},"categories":[2],"tags":[12],"class_list":["post-72339","post","type-post","status-publish","format-standard","has-post-thumbnail","hentry","category-nacionales","tag-nacionales"],"_links":{"self":[{"href":"https:\/\/elmetropolitano.com.gt\/es\/wp-json\/wp\/v2\/posts\/72339","targetHints":{"allow":["GET"]}}],"collection":[{"href":"https:\/\/elmetropolitano.com.gt\/es\/wp-json\/wp\/v2\/posts"}],"about":[{"href":"https:\/\/elmetropolitano.com.gt\/es\/wp-json\/wp\/v2\/types\/post"}],"author":[{"embeddable":true,"href":"https:\/\/elmetropolitano.com.gt\/es\/wp-json\/wp\/v2\/users\/1"}],"replies":[{"embeddable":true,"href":"https:\/\/elmetropolitano.com.gt\/es\/wp-json\/wp\/v2\/comments?post=72339"}],"version-history":[{"count":1,"href":"https:\/\/elmetropolitano.com.gt\/es\/wp-json\/wp\/v2\/posts\/72339\/revisions"}],"predecessor-version":[{"id":72344,"href":"https:\/\/elmetropolitano.com.gt\/es\/wp-json\/wp\/v2\/posts\/72339\/revisions\/72344"}],"wp:featuredmedia":[{"embeddable":true,"href":"https:\/\/elmetropolitano.com.gt\/es\/wp-json\/wp\/v2\/media\/72340"}],"wp:attachment":[{"href":"https:\/\/elmetropolitano.com.gt\/es\/wp-json\/wp\/v2\/media?parent=72339"}],"wp:term":[{"taxonomy":"category","embeddable":true,"href":"https:\/\/elmetropolitano.com.gt\/es\/wp-json\/wp\/v2\/categories?post=72339"},{"taxonomy":"post_tag","embeddable":true,"href":"https:\/\/elmetropolitano.com.gt\/es\/wp-json\/wp\/v2\/tags?post=72339"}],"curies":[{"name":"wp","href":"https:\/\/api.w.org\/{rel}","templated":true}]}}