{"id":72450,"date":"2023-09-17T20:45:44","date_gmt":"2023-09-18T02:45:44","guid":{"rendered":"https:\/\/elmetropolitano.com.gt\/es\/?p=72450"},"modified":"2023-09-17T20:45:45","modified_gmt":"2023-09-18T02:45:45","slug":"jorge-vega-entre-los-mejores-del-mundo","status":"publish","type":"post","link":"https:\/\/elmetropolitano.com.gt\/es\/jorge-vega-entre-los-mejores-del-mundo\/","title":{"rendered":"Jorge Vega entre los mejores del mundo"},"content":{"rendered":"\n<p>El atleta de Jocotenango Jorge Vega logr\u00f3 una excelente participaci\u00f3n en la Copa del Mundo de Gimnasia en Francia , obteniendo el sexto lugar y siendo uno de los mejores latinoamericanos en el ranking.<\/p>\n\n\n\n<p><a><\/a>\u201cOrgulloso de este 6 lugar en la Copa del Mundo. Una vez m\u00e1s estamos en el mapa mundial de la gimnasia\u00bb, escribi\u00f3 el guatemalteco en su cuenta social X<\/p><div class=\"elmet-contenido\" id=\"elmet-1605351755\"><div class=\"elmet-adlabel\">Anuncios<\/div><div style=\"margin-top: 20px;margin-right: 20px;margin-bottom: 20px;margin-left: 20px;\" id=\"elmet-4100696784\"><a href=\"https:\/\/www.facebook.com\/arrincuanantigua\/\" aria-label=\"cintillo-arrin-cual\"><img loading=\"lazy\" decoding=\"async\" src=\"https:\/\/elmetropolitano.com.gt\/es\/wp-content\/uploads\/2021\/11\/cintillo-arrin-cual-1.jpg\" alt=\"\"  srcset=\"https:\/\/elmetropolitano.com.gt\/es\/wp-content\/uploads\/2021\/11\/cintillo-arrin-cual-1.jpg 750w, https:\/\/elmetropolitano.com.gt\/es\/wp-content\/uploads\/2021\/11\/cintillo-arrin-cual-1-300x36.jpg 300w, https:\/\/elmetropolitano.com.gt\/es\/wp-content\/uploads\/2021\/11\/cintillo-arrin-cual-1-600x72.jpg 600w\" sizes=\"(max-width: 750px) 100vw, 750px\" width=\"750\" height=\"90\"   \/><\/a><\/div><\/div>\n\n\n\n<p>\u201cEsto es por mi hermano, QEPD, por mi, por mi familia! Gracias a aquellos que aprecian el esfuerzo de cada atleta chap\u00edn\u00bb.<\/p>\n\n\n\n<p>Adem\u00e1s, Jorge Vega Orgullo de Jocotenango indic\u00f3 que planifica ir a los Juegos Panamericanos Santiago 2023, donde podr\u00e1 posicionar a Guatemala.<\/p>\n\n\n\n<figure class=\"wp-block-video\"><video controls src=\"https:\/\/elmetropolitano.com.gt\/es\/wp-content\/uploads\/2023\/09\/378756339_268982542635436_2362242408841669208_n.mp4\"><\/video><\/figure>\n","protected":false},"excerpt":{"rendered":"<p>El atleta de Jocotenango Jorge Vega logr\u00f3 una excelente participaci\u00f3n en la Copa del Mundo de Gimnasia en Francia , obteniendo el sexto lugar y siendo uno de los mejores latinoamericanos en el ranking. \u201cOrgulloso de este 6 lugar en la Copa del Mundo. Una vez m\u00e1s estamos en el mapa mundial de la gimnasia\u00bb, <a class=\"read-more\" href=\"https:\/\/elmetropolitano.com.gt\/es\/jorge-vega-entre-los-mejores-del-mundo\/\">Leer m\u00e1s<\/a><\/p>\n","protected":false},"author":1,"featured_media":72451,"comment_status":"open","ping_status":"closed","sticky":false,"template":"","format":"standard","meta":{"footnotes":""},"categories":[43],"tags":[44],"class_list":["post-72450","post","type-post","status-publish","format-standard","has-post-thumbnail","hentry","category-deportes","tag-deportes"],"_links":{"self":[{"href":"https:\/\/elmetropolitano.com.gt\/es\/wp-json\/wp\/v2\/posts\/72450","targetHints":{"allow":["GET"]}}],"collection":[{"href":"https:\/\/elmetropolitano.com.gt\/es\/wp-json\/wp\/v2\/posts"}],"about":[{"href":"https:\/\/elmetropolitano.com.gt\/es\/wp-json\/wp\/v2\/types\/post"}],"author":[{"embeddable":true,"href":"https:\/\/elmetropolitano.com.gt\/es\/wp-json\/wp\/v2\/users\/1"}],"replies":[{"embeddable":true,"href":"https:\/\/elmetropolitano.com.gt\/es\/wp-json\/wp\/v2\/comments?post=72450"}],"version-history":[{"count":1,"href":"https:\/\/elmetropolitano.com.gt\/es\/wp-json\/wp\/v2\/posts\/72450\/revisions"}],"predecessor-version":[{"id":72453,"href":"https:\/\/elmetropolitano.com.gt\/es\/wp-json\/wp\/v2\/posts\/72450\/revisions\/72453"}],"wp:featuredmedia":[{"embeddable":true,"href":"https:\/\/elmetropolitano.com.gt\/es\/wp-json\/wp\/v2\/media\/72451"}],"wp:attachment":[{"href":"https:\/\/elmetropolitano.com.gt\/es\/wp-json\/wp\/v2\/media?parent=72450"}],"wp:term":[{"taxonomy":"category","embeddable":true,"href":"https:\/\/elmetropolitano.com.gt\/es\/wp-json\/wp\/v2\/categories?post=72450"},{"taxonomy":"post_tag","embeddable":true,"href":"https:\/\/elmetropolitano.com.gt\/es\/wp-json\/wp\/v2\/tags?post=72450"}],"curies":[{"name":"wp","href":"https:\/\/api.w.org\/{rel}","templated":true}]}}