{"id":72484,"date":"2023-09-18T20:17:51","date_gmt":"2023-09-19T02:17:51","guid":{"rendered":"https:\/\/elmetropolitano.com.gt\/es\/?p=72484"},"modified":"2023-09-18T20:17:52","modified_gmt":"2023-09-19T02:17:52","slug":"gran-concierto-de-reencuentro-y-despedida-del-grupo-caramelo-en-mixco","status":"publish","type":"post","link":"https:\/\/elmetropolitano.com.gt\/es\/gran-concierto-de-reencuentro-y-despedida-del-grupo-caramelo-en-mixco\/","title":{"rendered":"Gran concierto de reencuentro y despedida del grupo caramelo en Mixco"},"content":{"rendered":"\n<p>Este s\u00e1bado 23 de septiembre del a\u00f1o en curso se estar\u00e1 llevando a cabo un concierto de despedida del grupo musical caramelo, frente a las instalaciones del palacio municipal de la ciudad de Mixco.<\/p>\n\n\n\n<p>La <a><\/a>comuna mixque\u00f1a dirigida por el alcalde Neto Bran, est\u00e1 brindando todo el apoyo para que este evento art\u00edstico musical sea todo un \u00e9xito, esta presentaci\u00f3n es un homenaje a la trayectoria de la reconocida agrupaci\u00f3n musical Caramelo, la cual tuvo sus inicios haya por el a\u00f1o de 1972.<\/p><div class=\"elmet-contenido\" id=\"elmet-1889861403\"><div class=\"elmet-adlabel\">Anuncios<\/div><div style=\"margin-top: 20px;margin-right: 20px;margin-bottom: 20px;margin-left: 20px;\" id=\"elmet-3249777448\"><a href=\"https:\/\/www.facebook.com\/arrincuanantigua\/\" aria-label=\"cintillo-arrin-cual\"><img loading=\"lazy\" decoding=\"async\" src=\"https:\/\/elmetropolitano.com.gt\/es\/wp-content\/uploads\/2021\/11\/cintillo-arrin-cual-1.jpg\" alt=\"\"  srcset=\"https:\/\/elmetropolitano.com.gt\/es\/wp-content\/uploads\/2021\/11\/cintillo-arrin-cual-1.jpg 750w, https:\/\/elmetropolitano.com.gt\/es\/wp-content\/uploads\/2021\/11\/cintillo-arrin-cual-1-300x36.jpg 300w, https:\/\/elmetropolitano.com.gt\/es\/wp-content\/uploads\/2021\/11\/cintillo-arrin-cual-1-600x72.jpg 600w\" sizes=\"(max-width: 750px) 100vw, 750px\" width=\"750\" height=\"90\"   \/><\/a><\/div><\/div>\n\n\n\n<p>Dicha agrupaci\u00f3n brindara un concierto de despedida, con lo cual pone fin a su gran trayectoria musical en el medio art\u00edstico Guatemalteco, este evento se estar\u00e1 llevando a cabo frente a la municipalidad de la ciudad de Mixco, el d\u00eda s\u00e1bado 23, a partir de las 18:0 horas, esta actividad ser\u00e1 totalmente gratuita para el p\u00fablico que se ag\u00e1 presente, los asistentes podr\u00e1n disfrutar de un repertorio musical rom\u00e1ntico en espa\u00f1ol ya que esta agrupaci\u00f3n deleitara a los asistentes con ritmos de los a\u00f1os 60s, 70s y 80s, siendo fieles a su estilo hasta el final.<\/p>\n\n\n\n<p>Texto: Oscar Villalobos<\/p>\n\n\n\n<p><a href=\"https:\/\/www.facebook.com\/hashtag\/grupocaramelo?__eep__=6&amp;__cft__[0]=AZXwYdWNJCFJ4TNcT6hY1OJBOSjk7zSab3WMLf4alNzD73zoDfrJZTEHbRWN6HEiHEZ2Nkas2gdXNPrPHtr3MXXRBFoOaVWqxaSqcZAb6QwfCzu5C5kTRsaXAg8dMyNx8p3XXAuqrlnAyNuH1aVjXuY8jUoqxIscuLullk76STNTVSOGR9yexKHOCZqJiA7VqdU&amp;__tn__=*NK-R\">#GrupoCaramelo<\/a><a href=\"https:\/\/www.facebook.com\/hashtag\/metroredes?__eep__=6&amp;__cft__[0]=AZXwYdWNJCFJ4TNcT6hY1OJBOSjk7zSab3WMLf4alNzD73zoDfrJZTEHbRWN6HEiHEZ2Nkas2gdXNPrPHtr3MXXRBFoOaVWqxaSqcZAb6QwfCzu5C5kTRsaXAg8dMyNx8p3XXAuqrlnAyNuH1aVjXuY8jUoqxIscuLullk76STNTVSOGR9yexKHOCZqJiA7VqdU&amp;__tn__=*NK-R\">#metroredes<\/a><a href=\"https:\/\/www.facebook.com\/hashtag\/mixco?__eep__=6&amp;__cft__[0]=AZXwYdWNJCFJ4TNcT6hY1OJBOSjk7zSab3WMLf4alNzD73zoDfrJZTEHbRWN6HEiHEZ2Nkas2gdXNPrPHtr3MXXRBFoOaVWqxaSqcZAb6QwfCzu5C5kTRsaXAg8dMyNx8p3XXAuqrlnAyNuH1aVjXuY8jUoqxIscuLullk76STNTVSOGR9yexKHOCZqJiA7VqdU&amp;__tn__=*NK-R\">#Mixco<\/a><\/p>\n\n\n\n<p><\/p>\n","protected":false},"excerpt":{"rendered":"<p>Este s\u00e1bado 23 de septiembre del a\u00f1o en curso se estar\u00e1 llevando a cabo un concierto de despedida del grupo musical caramelo, frente a las instalaciones del palacio municipal de la ciudad de Mixco. La comuna mixque\u00f1a dirigida por el alcalde Neto Bran, est\u00e1 brindando todo el apoyo para que este evento art\u00edstico musical sea <a class=\"read-more\" href=\"https:\/\/elmetropolitano.com.gt\/es\/gran-concierto-de-reencuentro-y-despedida-del-grupo-caramelo-en-mixco\/\">Leer m\u00e1s<\/a><\/p>\n","protected":false},"author":1,"featured_media":72485,"comment_status":"open","ping_status":"closed","sticky":false,"template":"","format":"standard","meta":{"footnotes":""},"categories":[22],"tags":[18],"class_list":["post-72484","post","type-post","status-publish","format-standard","has-post-thumbnail","hentry","category-espectaculos","tag-espectaculos"],"_links":{"self":[{"href":"https:\/\/elmetropolitano.com.gt\/es\/wp-json\/wp\/v2\/posts\/72484","targetHints":{"allow":["GET"]}}],"collection":[{"href":"https:\/\/elmetropolitano.com.gt\/es\/wp-json\/wp\/v2\/posts"}],"about":[{"href":"https:\/\/elmetropolitano.com.gt\/es\/wp-json\/wp\/v2\/types\/post"}],"author":[{"embeddable":true,"href":"https:\/\/elmetropolitano.com.gt\/es\/wp-json\/wp\/v2\/users\/1"}],"replies":[{"embeddable":true,"href":"https:\/\/elmetropolitano.com.gt\/es\/wp-json\/wp\/v2\/comments?post=72484"}],"version-history":[{"count":1,"href":"https:\/\/elmetropolitano.com.gt\/es\/wp-json\/wp\/v2\/posts\/72484\/revisions"}],"predecessor-version":[{"id":72486,"href":"https:\/\/elmetropolitano.com.gt\/es\/wp-json\/wp\/v2\/posts\/72484\/revisions\/72486"}],"wp:featuredmedia":[{"embeddable":true,"href":"https:\/\/elmetropolitano.com.gt\/es\/wp-json\/wp\/v2\/media\/72485"}],"wp:attachment":[{"href":"https:\/\/elmetropolitano.com.gt\/es\/wp-json\/wp\/v2\/media?parent=72484"}],"wp:term":[{"taxonomy":"category","embeddable":true,"href":"https:\/\/elmetropolitano.com.gt\/es\/wp-json\/wp\/v2\/categories?post=72484"},{"taxonomy":"post_tag","embeddable":true,"href":"https:\/\/elmetropolitano.com.gt\/es\/wp-json\/wp\/v2\/tags?post=72484"}],"curies":[{"name":"wp","href":"https:\/\/api.w.org\/{rel}","templated":true}]}}