{"id":72487,"date":"2023-09-18T20:20:29","date_gmt":"2023-09-19T02:20:29","guid":{"rendered":"https:\/\/elmetropolitano.com.gt\/es\/?p=72487"},"modified":"2023-09-18T20:20:30","modified_gmt":"2023-09-19T02:20:30","slug":"vive-la-septima-edicion-de-paseo-italia","status":"publish","type":"post","link":"https:\/\/elmetropolitano.com.gt\/es\/vive-la-septima-edicion-de-paseo-italia\/","title":{"rendered":"Vive la S\u00e9ptima edici\u00f3n de Paseo Italia"},"content":{"rendered":"\n<p>El Paseo Italia es un evento \u00fanico y familiar, dise\u00f1ado para sumergir a todos en la cultura italiana. Se llevar\u00e1 a cabo en el marco de la celebraci\u00f3n de la \u201cSemana de la Cocina Italiana en el Mundo\u201d, gracias a la C\u00e1mara de Comercio e Industria Italiana en Guatemala, en colaboraci\u00f3n con el Instituto Italiano de Cultura y el Sistema Italia en Guatemala, junto a desatacadas marcas que importan productos italianos.<\/p>\n\n\n\n<p>El s\u00e1bado 18 y domingo 19 <a><\/a>de noviembre, de 10:00 a 19:00 horas, la calle contigua a la Iglesia de Cayal\u00e1, a la par de la Plaza Principal, se transformar\u00e1 en un rinc\u00f3n que celebrar\u00e1 la belleza y diversidad de Italia, en un ambiente festivo y relajado.<\/p><div class=\"elmet-contenido\" id=\"elmet-3853850271\"><div class=\"elmet-adlabel\">Anuncios<\/div><div style=\"margin-top: 20px;margin-right: 20px;margin-bottom: 20px;margin-left: 20px;\" id=\"elmet-86211409\"><a href=\"https:\/\/www.facebook.com\/arrincuanantigua\/\" aria-label=\"cintillo-arrin-cual\"><img loading=\"lazy\" decoding=\"async\" src=\"https:\/\/elmetropolitano.com.gt\/es\/wp-content\/uploads\/2021\/11\/cintillo-arrin-cual-1.jpg\" alt=\"\"  srcset=\"https:\/\/elmetropolitano.com.gt\/es\/wp-content\/uploads\/2021\/11\/cintillo-arrin-cual-1.jpg 750w, https:\/\/elmetropolitano.com.gt\/es\/wp-content\/uploads\/2021\/11\/cintillo-arrin-cual-1-300x36.jpg 300w, https:\/\/elmetropolitano.com.gt\/es\/wp-content\/uploads\/2021\/11\/cintillo-arrin-cual-1-600x72.jpg 600w\" sizes=\"(max-width: 750px) 100vw, 750px\" width=\"750\" height=\"90\"   \/><\/a><\/div><\/div>\n\n\n\n<p>El Paseo Italia es la exposici\u00f3n m\u00e1s grande y representativa de la cultura italiana en Centroam\u00e9rica. Durante la s\u00e9ptima edici\u00f3n de este evento, habr\u00e1 actividades para que todos los miembros de la familia puedan disfrutar de la verdadera fiesta italiana y conocer m\u00e1s de su cultura. Podr\u00e1n degustar la aut\u00e9ntica gastronom\u00eda con deliciosas opciones culinarias, m\u00fasica, exposiciones y arte italiano. \u00a1Ser\u00e1 toda una experiencia \u201cMade in Italy\u201d, que cada detalle transportar\u00e1 de manera directa a todos sus visitantes, a las calles de Italia!<\/p>\n\n\n\n<p>\u201cRealizar Paseo Italia por s\u00e9ptima ocasi\u00f3n es un reto muy satisfactorio y significativo para la C\u00e1mara de Comercio e Industria Italiana en Guatemala, especialmente luego de la pandemia. Es una forma directa que el Sistema Italia tiene para acercar su cultura, sus tradiciones, su historia y los productos referentes del verdadero \u2018Made in Italy\u2019 a todos los guatemaltecos, ofreci\u00e9ndoles lo mejor de la cultura italiana; una cultura llena de tradiciones, conocimientos y costumbres, para continuar estrechando los lazos que siempre nos han unido\u201d, comenta Gabriele Musto, Secretario General de la C\u00e1mara de Comercio e Industria Italiana en Guatemala (CAMCIG).<\/p>\n\n\n\n<p>En esta s\u00e9ptima edici\u00f3n de Paseo Italia, destacan las siguientes actividades culturales y gastron\u00f3micas para que las personas interesadas en participar, puedan inscribirse.<\/p>\n\n\n\n<p>Festival de la canci\u00f3n<\/p>\n\n\n\n<p>En la competencia de canto italiano surgir\u00e1n las voces m\u00e1s impresionantes y talentosas. Durante el 6o. Festival de la Canci\u00f3n Italiana competir\u00e1n estudiantes de canto y aficionados de la canci\u00f3n italiana de la categor\u00eda Pop, que tengan m\u00ednimo 15 a\u00f1os de edad. Los intresados deber\u00e1n llenar el formulario de inscripci\u00f3n que encontrar\u00e1n en: <a href=\"https:\/\/l.facebook.com\/l.php?u=http%3A%2F%2Fwww.iicguatemala.esteri.it%2F%3Ffbclid%3DIwAR3kJ9tUvb-VUc-dQ0f6kN4iCp_FTsT7uDl_-i54U8xOER5Pgh84ygGTi6E&amp;h=AT3QctUOSA_mTi1ZsMV_8tSEgRbjDLWovmwFANuDDpD3eWqpJ017fFKgXgpVG53V6Qya4sVfgVva4lQgyAiCTzodlXpPcz2fQjJ6dhgSjL9oSIY2DUVSMW4X_5KL0v45uMbw&amp;__tn__=-UK-R&amp;c[0]=AT1LmsNNVZorrcbraQTv8L9nHk9k-gFf5OMe4nGBK2GHxo37wVye5-a4jkEQh7PgGDlvW1WOoHCkuS845Uf9z7h3XfXB2kEgJequaC2Pcs-3Lqfvb42PB0NyqityDjBRq9BtNAucFbfSQTVDJojD2aLBag9rl14t3xf3v1NYPCe2Iz-TA0h5URBos8ikDyHtoOhXq_tR_OSo\" rel=\"noreferrer noopener\" target=\"_blank\">www.iicguatemala.esteri.it<\/a>, o en las redes sociales del Instituto Italiano de Cultura, hasta el 31 de ocubre.<\/p>\n\n\n\n<p>Los inscritos ser\u00e1n convocados para realizar una audici\u00f3n el 6 de noviembre en las instalaciones del Instituto Italiano de Cultura, donde deber\u00e1n demostrar su talento y unicidad al cantar. Los participantes deber\u00e1n presentar una canci\u00f3n de autor italiano o propia, interpretada en italiano. Podr\u00e1n llevar una pista grabada o ser acompa\u00f1ados por m\u00e1s m\u00fasicos. El jurado calificador elegir\u00e1 a los finalistas que competir\u00e1n durante el Paseo Italia.<\/p>\n\n\n\n<p>El 18 de noviembre se llevar\u00e1 a cabo la final. Despu\u00e9s de que los participantes presenten su primera canci\u00f3n en italiano, el jurado elegir\u00e1 a tres finalistas; quienes volver\u00e1n a competir con otra canci\u00f3n. Se premiar\u00e1 al primero, segundo y tercer lugar. El cantante ganador del primer lugar, ser\u00e1 acreedor de un boleto ida y vuelta a Italia.<\/p>\n\n\n\n<p>Campeonato de la pizza italiana<\/p>\n\n\n\n<p>Del campeonato de la pizza italiana emerger\u00e1n los mejores cocineros. Este evento reunir\u00e1 a 30 pizzeros, chefs y amantes de la cocina italiana quienes demostrar\u00e1n con sus habilidades culinarias, qui\u00e9n es el mejor preparando pizzas. El concurso tendr\u00e1 dos categor\u00edas: Amateur y Profesional, y cada una tiene dos etapas: en la primera deber\u00e1n cocinar una pizza margarita cl\u00e1sica y en la segunda, una pizza creativa italiana. La participaci\u00f3n tendr\u00e1 un costo de Q250 para cualquiera de las dos categor\u00edas. Para inscribirse debe solicitar la ficha de inscripci\u00f3n y las bases del concurso al correo eletr\u00f3nico: admin@camcig.org.<\/p>\n\n\n\n<p>Las pizzas ser\u00e1n evaluadas por un jurado calificador, integrado por invitados especiales de restaurantes italianos e instituciones especializadas en gastronom\u00eda, adem\u00e1s de la participaci\u00f3n de los chefs italianos Bruno Brunori y Duilio Girotto, quienes visitar\u00e1n el pa\u00eds para acompa\u00f1ar estas actividades.<\/p>\n\n\n\n<p>El campeonato se realizar\u00e1 el 19 de noviembre a partir de las 12:00 horas en el \u00e1rea designada de Paseo Italia, en donde se instalar\u00e1 una serie de hornos de le\u00f1a y el\u00e9ctricos para que los participantes puedan preparar las pizzas que entrar\u00e1n a competir. La entrada para ver a los concursantes es totalmente gratuita, por lo que los asistentes podr\u00e1n ver la competencia en vivo y apoyar a los participantes en este evento de sabor, precisi\u00f3n y \u00a1mucha adrenalina!<\/p>\n\n\n\n<p>El primer lugar de la categor\u00eda Amateur ser\u00e1 acreedor de un curso del idioma italiano en el Instituto Italiano de Cultura mientras que el ganador de la categor\u00eda profesional se le premiar\u00e1 con un boleto a Italia para representar a Guatemala en el Campeonato Mundial de la Pizza en Parma, Italia.<\/p>\n\n\n\n<p>Este concurso es organizado por CAMCIG, con el apoyo de la Universidad Rafael Land\u00edvar y Paseo Cayal\u00e1; y es patrocinado por Vesuvio, Tutto Latte, San Pellegrino, Acqua Panna, Pi\u00fa Trentanove, Madeinitaly.gt, Coppini, In Florence Academy, RICZA, La Cuisine International, Comercializadora AZ y Restaurante Margherita.<\/p>\n\n\n\n<p>El Paseo Italia promete ser una experiencia excepcional que celebra la rica herencia italiana y ofrece oportunidades \u00fanicas para las empresas y los amantes del arte y la gastronom\u00eda italiana en Guatemala. \u00a1Inscr\u00edbase en las diferentes actividades y no se pierda este evento extraordinario el 18 y 19 de noviembre en Paseo Cayal\u00e1!<\/p>\n\n\n\n<p><a href=\"https:\/\/www.facebook.com\/hashtag\/paseoitalia?__eep__=6&amp;__cft__[0]=AZUf8KPksvtevi8g898p9DDWZ8A93XyWQkqLUc1w2mGuMjGWAJBysPt2lvYiVQVaI5EqRZYcITvh1EgShz81Lz_dyghyf8vXYVjpNel4q18PbNyEkK5At0h8qoDixpbFOPsvvHsT-nCzfwIndA-s1Kv2982MzEQ7r9_sM5acA-0ZHRr7uuJV3Av97G_Bqueq-eQ&amp;__tn__=*NK-R\">#PaseoItalia<\/a><a href=\"https:\/\/www.facebook.com\/hashtag\/paseocayala?__eep__=6&amp;__cft__[0]=AZUf8KPksvtevi8g898p9DDWZ8A93XyWQkqLUc1w2mGuMjGWAJBysPt2lvYiVQVaI5EqRZYcITvh1EgShz81Lz_dyghyf8vXYVjpNel4q18PbNyEkK5At0h8qoDixpbFOPsvvHsT-nCzfwIndA-s1Kv2982MzEQ7r9_sM5acA-0ZHRr7uuJV3Av97G_Bqueq-eQ&amp;__tn__=*NK-R\">#PaseoCayala<\/a><a href=\"https:\/\/www.facebook.com\/hashtag\/metroredes?__eep__=6&amp;__cft__[0]=AZUf8KPksvtevi8g898p9DDWZ8A93XyWQkqLUc1w2mGuMjGWAJBysPt2lvYiVQVaI5EqRZYcITvh1EgShz81Lz_dyghyf8vXYVjpNel4q18PbNyEkK5At0h8qoDixpbFOPsvvHsT-nCzfwIndA-s1Kv2982MzEQ7r9_sM5acA-0ZHRr7uuJV3Av97G_Bqueq-eQ&amp;__tn__=*NK-R\">#metroredes<\/a><\/p>\n\n\n\n<figure class=\"wp-block-gallery has-nested-images columns-default is-cropped wp-block-gallery-1 is-layout-flex wp-block-gallery-is-layout-flex\">\n<figure class=\"wp-block-image size-large\"><img loading=\"lazy\" decoding=\"async\" width=\"683\" height=\"1024\" data-id=\"72490\" src=\"https:\/\/elmetropolitano.com.gt\/es\/wp-content\/uploads\/2023\/09\/379452853_783850353741050_5966251067959731070_n-683x1024.jpg\" alt=\"\" class=\"wp-image-72490\" srcset=\"https:\/\/elmetropolitano.com.gt\/es\/wp-content\/uploads\/2023\/09\/379452853_783850353741050_5966251067959731070_n-683x1024.jpg 683w, https:\/\/elmetropolitano.com.gt\/es\/wp-content\/uploads\/2023\/09\/379452853_783850353741050_5966251067959731070_n-200x300.jpg 200w, https:\/\/elmetropolitano.com.gt\/es\/wp-content\/uploads\/2023\/09\/379452853_783850353741050_5966251067959731070_n-768x1151.jpg 768w, https:\/\/elmetropolitano.com.gt\/es\/wp-content\/uploads\/2023\/09\/379452853_783850353741050_5966251067959731070_n-1025x1536.jpg 1025w, https:\/\/elmetropolitano.com.gt\/es\/wp-content\/uploads\/2023\/09\/379452853_783850353741050_5966251067959731070_n-600x900.jpg 600w, https:\/\/elmetropolitano.com.gt\/es\/wp-content\/uploads\/2023\/09\/379452853_783850353741050_5966251067959731070_n.jpg 1366w\" sizes=\"auto, (max-width: 683px) 100vw, 683px\" \/><\/figure>\n\n\n\n<figure class=\"wp-block-image size-large\"><img loading=\"lazy\" decoding=\"async\" width=\"1024\" height=\"683\" data-id=\"72489\" src=\"https:\/\/elmetropolitano.com.gt\/es\/wp-content\/uploads\/2023\/09\/379641064_783850003741085_4910596023345926617_n-1024x683.jpg\" alt=\"\" class=\"wp-image-72489\" srcset=\"https:\/\/elmetropolitano.com.gt\/es\/wp-content\/uploads\/2023\/09\/379641064_783850003741085_4910596023345926617_n-1024x683.jpg 1024w, https:\/\/elmetropolitano.com.gt\/es\/wp-content\/uploads\/2023\/09\/379641064_783850003741085_4910596023345926617_n-300x200.jpg 300w, https:\/\/elmetropolitano.com.gt\/es\/wp-content\/uploads\/2023\/09\/379641064_783850003741085_4910596023345926617_n-768x512.jpg 768w, https:\/\/elmetropolitano.com.gt\/es\/wp-content\/uploads\/2023\/09\/379641064_783850003741085_4910596023345926617_n-1536x1025.jpg 1536w, https:\/\/elmetropolitano.com.gt\/es\/wp-content\/uploads\/2023\/09\/379641064_783850003741085_4910596023345926617_n-600x400.jpg 600w, https:\/\/elmetropolitano.com.gt\/es\/wp-content\/uploads\/2023\/09\/379641064_783850003741085_4910596023345926617_n.jpg 2048w\" sizes=\"auto, (max-width: 1024px) 100vw, 1024px\" \/><\/figure>\n\n\n\n<figure class=\"wp-block-image size-large\"><img loading=\"lazy\" decoding=\"async\" width=\"1024\" height=\"1024\" data-id=\"72491\" src=\"https:\/\/elmetropolitano.com.gt\/es\/wp-content\/uploads\/2023\/09\/380201782_783849990407753_2714423374189613952_n-1024x1024.jpg\" alt=\"\" class=\"wp-image-72491\" srcset=\"https:\/\/elmetropolitano.com.gt\/es\/wp-content\/uploads\/2023\/09\/380201782_783849990407753_2714423374189613952_n-1024x1024.jpg 1024w, https:\/\/elmetropolitano.com.gt\/es\/wp-content\/uploads\/2023\/09\/380201782_783849990407753_2714423374189613952_n-300x300.jpg 300w, https:\/\/elmetropolitano.com.gt\/es\/wp-content\/uploads\/2023\/09\/380201782_783849990407753_2714423374189613952_n-150x150.jpg 150w, https:\/\/elmetropolitano.com.gt\/es\/wp-content\/uploads\/2023\/09\/380201782_783849990407753_2714423374189613952_n-768x768.jpg 768w, https:\/\/elmetropolitano.com.gt\/es\/wp-content\/uploads\/2023\/09\/380201782_783849990407753_2714423374189613952_n-1536x1536.jpg 1536w, https:\/\/elmetropolitano.com.gt\/es\/wp-content\/uploads\/2023\/09\/380201782_783849990407753_2714423374189613952_n-600x600.jpg 600w, https:\/\/elmetropolitano.com.gt\/es\/wp-content\/uploads\/2023\/09\/380201782_783849990407753_2714423374189613952_n-100x100.jpg 100w, https:\/\/elmetropolitano.com.gt\/es\/wp-content\/uploads\/2023\/09\/380201782_783849990407753_2714423374189613952_n.jpg 2048w\" sizes=\"auto, (max-width: 1024px) 100vw, 1024px\" \/><\/figure>\n<\/figure>\n","protected":false},"excerpt":{"rendered":"<p>El Paseo Italia es un evento \u00fanico y familiar, dise\u00f1ado para sumergir a todos en la cultura italiana. Se llevar\u00e1 a cabo en el marco de la celebraci\u00f3n de la \u201cSemana de la Cocina Italiana en el Mundo\u201d, gracias a la C\u00e1mara de Comercio e Industria Italiana en Guatemala, en colaboraci\u00f3n con el Instituto Italiano <a class=\"read-more\" href=\"https:\/\/elmetropolitano.com.gt\/es\/vive-la-septima-edicion-de-paseo-italia\/\">Leer m\u00e1s<\/a><\/p>\n","protected":false},"author":1,"featured_media":72488,"comment_status":"open","ping_status":"closed","sticky":false,"template":"","format":"standard","meta":{"footnotes":""},"categories":[31],"tags":[32],"class_list":["post-72487","post","type-post","status-publish","format-standard","has-post-thumbnail","hentry","category-metroimpulso","tag-metroimpulso"],"_links":{"self":[{"href":"https:\/\/elmetropolitano.com.gt\/es\/wp-json\/wp\/v2\/posts\/72487","targetHints":{"allow":["GET"]}}],"collection":[{"href":"https:\/\/elmetropolitano.com.gt\/es\/wp-json\/wp\/v2\/posts"}],"about":[{"href":"https:\/\/elmetropolitano.com.gt\/es\/wp-json\/wp\/v2\/types\/post"}],"author":[{"embeddable":true,"href":"https:\/\/elmetropolitano.com.gt\/es\/wp-json\/wp\/v2\/users\/1"}],"replies":[{"embeddable":true,"href":"https:\/\/elmetropolitano.com.gt\/es\/wp-json\/wp\/v2\/comments?post=72487"}],"version-history":[{"count":1,"href":"https:\/\/elmetropolitano.com.gt\/es\/wp-json\/wp\/v2\/posts\/72487\/revisions"}],"predecessor-version":[{"id":72492,"href":"https:\/\/elmetropolitano.com.gt\/es\/wp-json\/wp\/v2\/posts\/72487\/revisions\/72492"}],"wp:featuredmedia":[{"embeddable":true,"href":"https:\/\/elmetropolitano.com.gt\/es\/wp-json\/wp\/v2\/media\/72488"}],"wp:attachment":[{"href":"https:\/\/elmetropolitano.com.gt\/es\/wp-json\/wp\/v2\/media?parent=72487"}],"wp:term":[{"taxonomy":"category","embeddable":true,"href":"https:\/\/elmetropolitano.com.gt\/es\/wp-json\/wp\/v2\/categories?post=72487"},{"taxonomy":"post_tag","embeddable":true,"href":"https:\/\/elmetropolitano.com.gt\/es\/wp-json\/wp\/v2\/tags?post=72487"}],"curies":[{"name":"wp","href":"https:\/\/api.w.org\/{rel}","templated":true}]}}