{"id":72493,"date":"2023-09-18T20:22:04","date_gmt":"2023-09-19T02:22:04","guid":{"rendered":"https:\/\/elmetropolitano.com.gt\/es\/?p=72493"},"modified":"2023-09-18T20:22:05","modified_gmt":"2023-09-19T02:22:05","slug":"giammattei-participa-en-asamblea-general-de-las-naciones-unidas","status":"publish","type":"post","link":"https:\/\/elmetropolitano.com.gt\/es\/giammattei-participa-en-asamblea-general-de-las-naciones-unidas\/","title":{"rendered":"Giammattei participa en Asamblea General de las Naciones Unidas"},"content":{"rendered":"\n<p>El presidente de la Rep\u00fablica, Alejandro Giammattei, viaja a Nueva York, Estados Unidos, para emprender una agenda de trabajo, en el marco del 78 per\u00edodo de sesiones de la Asamblea General de la Organizaci\u00f3n de las Naciones Unidas (ONU).<\/p>\n\n\n\n<p>Como <a><\/a>parte de su agenda, se contempla que el mandatario desarrolle un viaje de trabajo de tres d\u00edas. El presidente Giammattei viajar\u00e1 acompa\u00f1ado de un equipo de trabajo conformado por otros integrantes del Ejecutivo, tales como el canciller de la Rep\u00fablica, el secretario de Comunicaci\u00f3n Social de la Presidencia, la viceministra de Relaciones Exteriores y funcionarios de la Misi\u00f3n Permanente de Guatemala ante las Naciones Unidas<\/p><div class=\"elmet-contenido\" id=\"elmet-3675604313\"><div class=\"elmet-adlabel\">Anuncios<\/div><div style=\"margin-top: 20px;margin-right: 20px;margin-bottom: 20px;margin-left: 20px;\" id=\"elmet-1996876956\"><a href=\"https:\/\/www.facebook.com\/arrincuanantigua\/\" aria-label=\"cintillo-arrin-cual\"><img loading=\"lazy\" decoding=\"async\" src=\"https:\/\/elmetropolitano.com.gt\/es\/wp-content\/uploads\/2021\/11\/cintillo-arrin-cual-1.jpg\" alt=\"\"  srcset=\"https:\/\/elmetropolitano.com.gt\/es\/wp-content\/uploads\/2021\/11\/cintillo-arrin-cual-1.jpg 750w, https:\/\/elmetropolitano.com.gt\/es\/wp-content\/uploads\/2021\/11\/cintillo-arrin-cual-1-300x36.jpg 300w, https:\/\/elmetropolitano.com.gt\/es\/wp-content\/uploads\/2021\/11\/cintillo-arrin-cual-1-600x72.jpg 600w\" sizes=\"(max-width: 750px) 100vw, 750px\" width=\"750\" height=\"90\"   \/><\/a><\/div><\/div>\n\n\n\n<p>Participaci\u00f3n ante Naciones Unidas<\/p>\n\n\n\n<p>El Gobierno de Guatemala public\u00f3 un comunicado anunciando el viaje del jefe del Ejecutivo. En este sentido, el documento se\u00f1ala que el presidente Alejandro Giammattei tendr\u00e1 participaci\u00f3n en el 78 per\u00edodo de sesiones de la Asamblea General de la ONU.<\/p>\n\n\n\n<p>El viaje comienza este lunes en ocasi\u00f3n de la reuni\u00f3n de los altos representantes de las naciones en Nueva York.<\/p>\n\n\n\n<p>Ante las Naciones Unidas, el martes el mandatario emitir\u00e1 su \u00faltimo discurso de su per\u00edodo constitucional como Presidente de la Rep\u00fablica. En su alocuci\u00f3n, anunciar\u00e1 a los pa\u00edses los logros dentro de Guatemala. Espec\u00edficamente en lo relacionado en la lucha contra el narcotr\u00e1fico, as\u00ed como la trata de personas. Sobre este \u00faltimo tema, destacar\u00e1 especialmente lo trabajado contra el tr\u00e1fico de ni\u00f1os.<\/p>\n\n\n\n<p>Sumado a esto, demostrar\u00e1 a las naciones los avances obtenidos en Guatemala en cuanto a la pol\u00edtica institucional de la vida y la familia. Entre estos esfuerzos, como resultado se recuerda la designaci\u00f3n de Guatemala como Capital Provida de Iberoam\u00e9rica y Luz de las Naciones.<\/p>\n\n\n\n<p>M\u00e1s actividades<\/p>\n\n\n\n<p>Como parte de la agenda a desarrollar tambi\u00e9n se incluye una intervenci\u00f3n ante el Consejo de Seguridad de la Organizaci\u00f3n de las Naciones Unidas y reuniones bilaterales, que ser\u00e1n dadas a conocer por medio de las plataformas oficiales de divulgaci\u00f3n del Gobierno de Guatemala.<\/p>\n\n\n\n<p><a href=\"https:\/\/www.facebook.com\/hashtag\/onu?__eep__=6&amp;__cft__[0]=AZUw-jJllTij7Ik0J2b835hV28Ugf_7bmh2zHa-gTQvuQZYGUP4DoGXTHkVVPTxbphB3lXnINNdmv_sQo4AJgAlH5i__3PHd_IHXP3jIHWrW-rYcxFRrjYUIV1aF3RFfabr12F4QOGa3riH_ps56oi44Xtyws-Dh-pUuxLGPOQtWDYNwkkUMjFVEi6B4p6iihg8&amp;__tn__=*NK-R\">#ONU<\/a><a href=\"https:\/\/www.facebook.com\/hashtag\/metroredes?__eep__=6&amp;__cft__[0]=AZUw-jJllTij7Ik0J2b835hV28Ugf_7bmh2zHa-gTQvuQZYGUP4DoGXTHkVVPTxbphB3lXnINNdmv_sQo4AJgAlH5i__3PHd_IHXP3jIHWrW-rYcxFRrjYUIV1aF3RFfabr12F4QOGa3riH_ps56oi44Xtyws-Dh-pUuxLGPOQtWDYNwkkUMjFVEi6B4p6iihg8&amp;__tn__=*NK-R\">#metroredes<\/a><\/p>\n\n\n\n<p><\/p>\n","protected":false},"excerpt":{"rendered":"<p>El presidente de la Rep\u00fablica, Alejandro Giammattei, viaja a Nueva York, Estados Unidos, para emprender una agenda de trabajo, en el marco del 78 per\u00edodo de sesiones de la Asamblea General de la Organizaci\u00f3n de las Naciones Unidas (ONU). Como parte de su agenda, se contempla que el mandatario desarrolle un viaje de trabajo de <a class=\"read-more\" href=\"https:\/\/elmetropolitano.com.gt\/es\/giammattei-participa-en-asamblea-general-de-las-naciones-unidas\/\">Leer m\u00e1s<\/a><\/p>\n","protected":false},"author":1,"featured_media":72494,"comment_status":"open","ping_status":"closed","sticky":false,"template":"","format":"standard","meta":{"footnotes":""},"categories":[14],"tags":[15],"class_list":["post-72493","post","type-post","status-publish","format-standard","has-post-thumbnail","hentry","category-internacionales","tag-internacionales"],"_links":{"self":[{"href":"https:\/\/elmetropolitano.com.gt\/es\/wp-json\/wp\/v2\/posts\/72493","targetHints":{"allow":["GET"]}}],"collection":[{"href":"https:\/\/elmetropolitano.com.gt\/es\/wp-json\/wp\/v2\/posts"}],"about":[{"href":"https:\/\/elmetropolitano.com.gt\/es\/wp-json\/wp\/v2\/types\/post"}],"author":[{"embeddable":true,"href":"https:\/\/elmetropolitano.com.gt\/es\/wp-json\/wp\/v2\/users\/1"}],"replies":[{"embeddable":true,"href":"https:\/\/elmetropolitano.com.gt\/es\/wp-json\/wp\/v2\/comments?post=72493"}],"version-history":[{"count":1,"href":"https:\/\/elmetropolitano.com.gt\/es\/wp-json\/wp\/v2\/posts\/72493\/revisions"}],"predecessor-version":[{"id":72495,"href":"https:\/\/elmetropolitano.com.gt\/es\/wp-json\/wp\/v2\/posts\/72493\/revisions\/72495"}],"wp:featuredmedia":[{"embeddable":true,"href":"https:\/\/elmetropolitano.com.gt\/es\/wp-json\/wp\/v2\/media\/72494"}],"wp:attachment":[{"href":"https:\/\/elmetropolitano.com.gt\/es\/wp-json\/wp\/v2\/media?parent=72493"}],"wp:term":[{"taxonomy":"category","embeddable":true,"href":"https:\/\/elmetropolitano.com.gt\/es\/wp-json\/wp\/v2\/categories?post=72493"},{"taxonomy":"post_tag","embeddable":true,"href":"https:\/\/elmetropolitano.com.gt\/es\/wp-json\/wp\/v2\/tags?post=72493"}],"curies":[{"name":"wp","href":"https:\/\/api.w.org\/{rel}","templated":true}]}}