{"id":72496,"date":"2023-09-18T20:28:57","date_gmt":"2023-09-19T02:28:57","guid":{"rendered":"https:\/\/elmetropolitano.com.gt\/es\/?p=72496"},"modified":"2023-09-18T20:28:58","modified_gmt":"2023-09-19T02:28:58","slug":"unesco-felicita-a-guatemala-por-inscribir-al-parque-arqueologico-nacional-takalik-abaj-en-la-lista-del-patrimonio-mundial-2023","status":"publish","type":"post","link":"https:\/\/elmetropolitano.com.gt\/es\/unesco-felicita-a-guatemala-por-inscribir-al-parque-arqueologico-nacional-takalik-abaj-en-la-lista-del-patrimonio-mundial-2023\/","title":{"rendered":"Unesco felicita a Guatemala por inscribir al parque arqueol\u00f3gico nacional Tak\u2019alik Ab\u2019aj, en la Lista del Patrimonio Mundial 2023"},"content":{"rendered":"\n<p>Tras el nombramiento del parque arqueol\u00f3gico Tak\u2019alik Ab\u2019aj como Patrimonio Mundial de la Humanidad, la Organizaci\u00f3n de las Naciones Unidas para la Educaci\u00f3n, la Ciencia y la Cultura (Unesco) expres\u00f3 sus felicitaciones a Guatemala.<\/p>\n\n\n\n<p>A trav\u00e9s de sus redes oficiales se\u00f1alaron \u201cReci\u00e9n inscrito en la Lista Unesco parque arqueol\u00f3gico nacional Tak\u2019alik <a><\/a>Ab\u2019aj, Guatemala. \u00a1Bravo!<\/p><div class=\"elmet-contenido\" id=\"elmet-2670259251\"><div class=\"elmet-adlabel\">Anuncios<\/div><div style=\"margin-top: 20px;margin-right: 20px;margin-bottom: 20px;margin-left: 20px;\" id=\"elmet-3410128968\"><a href=\"https:\/\/www.facebook.com\/arrincuanantigua\/\" aria-label=\"cintillo-arrin-cual\"><img loading=\"lazy\" decoding=\"async\" src=\"https:\/\/elmetropolitano.com.gt\/es\/wp-content\/uploads\/2021\/11\/cintillo-arrin-cual-1.jpg\" alt=\"\"  srcset=\"https:\/\/elmetropolitano.com.gt\/es\/wp-content\/uploads\/2021\/11\/cintillo-arrin-cual-1.jpg 750w, https:\/\/elmetropolitano.com.gt\/es\/wp-content\/uploads\/2021\/11\/cintillo-arrin-cual-1-300x36.jpg 300w, https:\/\/elmetropolitano.com.gt\/es\/wp-content\/uploads\/2021\/11\/cintillo-arrin-cual-1-600x72.jpg 600w\" sizes=\"(max-width: 750px) 100vw, 750px\" width=\"750\" height=\"90\"   \/><\/a><\/div><\/div>\n\n\n\n<p>Mientras en su p\u00e1gina oficial se muestran las im\u00e1genes de la estructura de seis muestras de la introducci\u00f3n del estilo arquitect\u00f3nico maya, otorgadas por el viceministerio del Patrimonio Cultural y Natural\u201d<\/p>\n\n\n\n<p>Su historia<\/p>\n\n\n\n<p>Tak\u2019alik Ab\u2019aj es un sitio arqueol\u00f3gico ubicado en la costa pac\u00edfica de Guatemala. Sus mil 700 a\u00f1os de historia abarcan un per\u00edodo que vio la transici\u00f3n de la civilizaci\u00f3n olmeca al surgimiento de la cultura maya temprana.<\/p>\n\n\n\n<p>Dicho parque arqueol\u00f3gico tuvo un papel primordial en esta transici\u00f3n, en parte porque era vital para la ruta comercial de larga distancia que conectaba el istmo de Tehuantepec, en el actual M\u00e9xico, con el actual El Salvador.<\/p>\n\n\n\n<p>A lo largo de esta ruta se compartieron ampliamente ideas y costumbres. Los espacios y edificios sagrados se dise\u00f1aron seg\u00fan principios cosmol\u00f3gicos, y se pueden encontrar innovadores sistemas de gesti\u00f3n del agua, cer\u00e1mica y arte lapidario.<\/p>\n\n\n\n<p>Hoy en d\u00eda, grupos ind\u00edgenas de diferentes filiaciones todav\u00eda consideran el sitio como un lugar sagrado y lo visitan para realizar rituales.<\/p>\n\n\n\n<p>El nombramiento<\/p>\n\n\n\n<p>La Unesco busca fomentar la identificaci\u00f3n, protecci\u00f3n y preservaci\u00f3n del patrimonio cultural y natural en todo el mundo considerado de valor excepcional para la humanidad.<\/p>\n\n\n\n<p>Esto est\u00e1 plasmado en un tratado internacional llamado Convenci\u00f3n sobre la Protecci\u00f3n del Patrimonio Mundial Cultural y Natural, adoptado por la Unesco en 1972.<\/p>\n\n\n\n<p>El patrimonio es nuestro legado del pasado, con lo que vivimos hoy y lo que transmitimos a las generaciones futuras. Nuestro patrimonio cultural y natural son fuentes irremplazables de vida e inspiraci\u00f3n.<\/p>\n\n\n\n<p>Lo que hace excepcional el concepto de Patrimonio Mundial es su aplicaci\u00f3n universal. Los sitios del Patrimonio Mundial pertenecen a todos los pueblos del mundo, independientemente del territorio en el que se encuentren<\/p>\n\n\n\n<p><a href=\"https:\/\/www.facebook.com\/hashtag\/unesco?__eep__=6&amp;__cft__[0]=AZUYPWXnzkl4I6N3O6oTrIHu_QPLNIcnCP-_DDH-5eW47QnpWt2CuvTgNhpF1dugaVHXX5xLFAmE2eR8O97ZvSsIV7ONHGpxphusVMTmzbhcZWIAaLFNPXUj19TffLznZOQZAs228B28nNaRZlbLcDZdCidXGlFsssFI8dPWeylZBc6tt-rR_PHiYbPMP28y5JA&amp;__tn__=*NK-R\">#UNESCO<\/a><a href=\"https:\/\/www.facebook.com\/hashtag\/metroredes?__eep__=6&amp;__cft__[0]=AZUYPWXnzkl4I6N3O6oTrIHu_QPLNIcnCP-_DDH-5eW47QnpWt2CuvTgNhpF1dugaVHXX5xLFAmE2eR8O97ZvSsIV7ONHGpxphusVMTmzbhcZWIAaLFNPXUj19TffLznZOQZAs228B28nNaRZlbLcDZdCidXGlFsssFI8dPWeylZBc6tt-rR_PHiYbPMP28y5JA&amp;__tn__=*NK-R\">#metroredes<\/a><\/p>\n\n\n\n<figure class=\"wp-block-gallery has-nested-images columns-default is-cropped wp-block-gallery-1 is-layout-flex wp-block-gallery-is-layout-flex\">\n<figure class=\"wp-block-image size-large\"><img loading=\"lazy\" decoding=\"async\" width=\"1024\" height=\"682\" data-id=\"72498\" src=\"https:\/\/elmetropolitano.com.gt\/es\/wp-content\/uploads\/2023\/09\/376274936_783900977069321_6239795369698877956_n-1024x682.jpg\" alt=\"\" class=\"wp-image-72498\" srcset=\"https:\/\/elmetropolitano.com.gt\/es\/wp-content\/uploads\/2023\/09\/376274936_783900977069321_6239795369698877956_n-1024x682.jpg 1024w, https:\/\/elmetropolitano.com.gt\/es\/wp-content\/uploads\/2023\/09\/376274936_783900977069321_6239795369698877956_n-300x200.jpg 300w, https:\/\/elmetropolitano.com.gt\/es\/wp-content\/uploads\/2023\/09\/376274936_783900977069321_6239795369698877956_n-768x512.jpg 768w, https:\/\/elmetropolitano.com.gt\/es\/wp-content\/uploads\/2023\/09\/376274936_783900977069321_6239795369698877956_n-1536x1023.jpg 1536w, https:\/\/elmetropolitano.com.gt\/es\/wp-content\/uploads\/2023\/09\/376274936_783900977069321_6239795369698877956_n-600x400.jpg 600w, https:\/\/elmetropolitano.com.gt\/es\/wp-content\/uploads\/2023\/09\/376274936_783900977069321_6239795369698877956_n.jpg 1600w\" sizes=\"auto, (max-width: 1024px) 100vw, 1024px\" \/><\/figure>\n\n\n\n<figure class=\"wp-block-image size-large\"><img loading=\"lazy\" decoding=\"async\" width=\"1024\" height=\"682\" data-id=\"72499\" src=\"https:\/\/elmetropolitano.com.gt\/es\/wp-content\/uploads\/2023\/09\/379651410_783901227069296_2864182055597534123_n-1024x682.jpg\" alt=\"\" class=\"wp-image-72499\" srcset=\"https:\/\/elmetropolitano.com.gt\/es\/wp-content\/uploads\/2023\/09\/379651410_783901227069296_2864182055597534123_n-1024x682.jpg 1024w, https:\/\/elmetropolitano.com.gt\/es\/wp-content\/uploads\/2023\/09\/379651410_783901227069296_2864182055597534123_n-300x200.jpg 300w, https:\/\/elmetropolitano.com.gt\/es\/wp-content\/uploads\/2023\/09\/379651410_783901227069296_2864182055597534123_n-768x512.jpg 768w, https:\/\/elmetropolitano.com.gt\/es\/wp-content\/uploads\/2023\/09\/379651410_783901227069296_2864182055597534123_n-1536x1023.jpg 1536w, https:\/\/elmetropolitano.com.gt\/es\/wp-content\/uploads\/2023\/09\/379651410_783901227069296_2864182055597534123_n-600x400.jpg 600w, https:\/\/elmetropolitano.com.gt\/es\/wp-content\/uploads\/2023\/09\/379651410_783901227069296_2864182055597534123_n.jpg 1600w\" sizes=\"auto, (max-width: 1024px) 100vw, 1024px\" \/><\/figure>\n\n\n\n<figure class=\"wp-block-image size-large\"><img loading=\"lazy\" decoding=\"async\" width=\"1024\" height=\"682\" data-id=\"72500\" src=\"https:\/\/elmetropolitano.com.gt\/es\/wp-content\/uploads\/2023\/09\/379732893_783901217069297_6122988504952313557_n-1024x682.jpg\" alt=\"\" class=\"wp-image-72500\" srcset=\"https:\/\/elmetropolitano.com.gt\/es\/wp-content\/uploads\/2023\/09\/379732893_783901217069297_6122988504952313557_n-1024x682.jpg 1024w, https:\/\/elmetropolitano.com.gt\/es\/wp-content\/uploads\/2023\/09\/379732893_783901217069297_6122988504952313557_n-300x200.jpg 300w, https:\/\/elmetropolitano.com.gt\/es\/wp-content\/uploads\/2023\/09\/379732893_783901217069297_6122988504952313557_n-768x512.jpg 768w, https:\/\/elmetropolitano.com.gt\/es\/wp-content\/uploads\/2023\/09\/379732893_783901217069297_6122988504952313557_n-1536x1023.jpg 1536w, https:\/\/elmetropolitano.com.gt\/es\/wp-content\/uploads\/2023\/09\/379732893_783901217069297_6122988504952313557_n-600x400.jpg 600w, https:\/\/elmetropolitano.com.gt\/es\/wp-content\/uploads\/2023\/09\/379732893_783901217069297_6122988504952313557_n.jpg 1600w\" sizes=\"auto, (max-width: 1024px) 100vw, 1024px\" \/><\/figure>\n\n\n\n<figure class=\"wp-block-image size-large\"><img loading=\"lazy\" decoding=\"async\" width=\"1024\" height=\"682\" data-id=\"72501\" src=\"https:\/\/elmetropolitano.com.gt\/es\/wp-content\/uploads\/2023\/09\/380284850_783900973735988_1810823023987286528_n-1024x682.jpg\" alt=\"\" class=\"wp-image-72501\" srcset=\"https:\/\/elmetropolitano.com.gt\/es\/wp-content\/uploads\/2023\/09\/380284850_783900973735988_1810823023987286528_n-1024x682.jpg 1024w, https:\/\/elmetropolitano.com.gt\/es\/wp-content\/uploads\/2023\/09\/380284850_783900973735988_1810823023987286528_n-300x200.jpg 300w, https:\/\/elmetropolitano.com.gt\/es\/wp-content\/uploads\/2023\/09\/380284850_783900973735988_1810823023987286528_n-768x512.jpg 768w, https:\/\/elmetropolitano.com.gt\/es\/wp-content\/uploads\/2023\/09\/380284850_783900973735988_1810823023987286528_n-1536x1023.jpg 1536w, https:\/\/elmetropolitano.com.gt\/es\/wp-content\/uploads\/2023\/09\/380284850_783900973735988_1810823023987286528_n-600x400.jpg 600w, https:\/\/elmetropolitano.com.gt\/es\/wp-content\/uploads\/2023\/09\/380284850_783900973735988_1810823023987286528_n.jpg 1600w\" sizes=\"auto, (max-width: 1024px) 100vw, 1024px\" \/><\/figure>\n<\/figure>\n","protected":false},"excerpt":{"rendered":"<p>Tras el nombramiento del parque arqueol\u00f3gico Tak\u2019alik Ab\u2019aj como Patrimonio Mundial de la Humanidad, la Organizaci\u00f3n de las Naciones Unidas para la Educaci\u00f3n, la Ciencia y la Cultura (Unesco) expres\u00f3 sus felicitaciones a Guatemala. A trav\u00e9s de sus redes oficiales se\u00f1alaron \u201cReci\u00e9n inscrito en la Lista Unesco parque arqueol\u00f3gico nacional Tak\u2019alik Ab\u2019aj, Guatemala. \u00a1Bravo! Mientras <a class=\"read-more\" href=\"https:\/\/elmetropolitano.com.gt\/es\/unesco-felicita-a-guatemala-por-inscribir-al-parque-arqueologico-nacional-takalik-abaj-en-la-lista-del-patrimonio-mundial-2023\/\">Leer m\u00e1s<\/a><\/p>\n","protected":false},"author":1,"featured_media":72497,"comment_status":"open","ping_status":"closed","sticky":false,"template":"","format":"standard","meta":{"footnotes":""},"categories":[29],"tags":[30],"class_list":["post-72496","post","type-post","status-publish","format-standard","has-post-thumbnail","hentry","category-culturales","tag-culturales"],"_links":{"self":[{"href":"https:\/\/elmetropolitano.com.gt\/es\/wp-json\/wp\/v2\/posts\/72496","targetHints":{"allow":["GET"]}}],"collection":[{"href":"https:\/\/elmetropolitano.com.gt\/es\/wp-json\/wp\/v2\/posts"}],"about":[{"href":"https:\/\/elmetropolitano.com.gt\/es\/wp-json\/wp\/v2\/types\/post"}],"author":[{"embeddable":true,"href":"https:\/\/elmetropolitano.com.gt\/es\/wp-json\/wp\/v2\/users\/1"}],"replies":[{"embeddable":true,"href":"https:\/\/elmetropolitano.com.gt\/es\/wp-json\/wp\/v2\/comments?post=72496"}],"version-history":[{"count":1,"href":"https:\/\/elmetropolitano.com.gt\/es\/wp-json\/wp\/v2\/posts\/72496\/revisions"}],"predecessor-version":[{"id":72502,"href":"https:\/\/elmetropolitano.com.gt\/es\/wp-json\/wp\/v2\/posts\/72496\/revisions\/72502"}],"wp:featuredmedia":[{"embeddable":true,"href":"https:\/\/elmetropolitano.com.gt\/es\/wp-json\/wp\/v2\/media\/72497"}],"wp:attachment":[{"href":"https:\/\/elmetropolitano.com.gt\/es\/wp-json\/wp\/v2\/media?parent=72496"}],"wp:term":[{"taxonomy":"category","embeddable":true,"href":"https:\/\/elmetropolitano.com.gt\/es\/wp-json\/wp\/v2\/categories?post=72496"},{"taxonomy":"post_tag","embeddable":true,"href":"https:\/\/elmetropolitano.com.gt\/es\/wp-json\/wp\/v2\/tags?post=72496"}],"curies":[{"name":"wp","href":"https:\/\/api.w.org\/{rel}","templated":true}]}}