{"id":72503,"date":"2023-09-18T20:31:47","date_gmt":"2023-09-19T02:31:47","guid":{"rendered":"https:\/\/elmetropolitano.com.gt\/es\/?p=72503"},"modified":"2023-09-18T20:31:48","modified_gmt":"2023-09-19T02:31:48","slug":"presupuesto-para-el-civ-sera-menor-el-2024","status":"publish","type":"post","link":"https:\/\/elmetropolitano.com.gt\/es\/presupuesto-para-el-civ-sera-menor-el-2024\/","title":{"rendered":"Presupuesto para el CIV ser\u00e1 menor el 2024"},"content":{"rendered":"\n<p>El ministerio de Comunicaciones inform\u00f3 hoy qu\u00e9 tendr\u00e1 un presupuesto menor para el pr\u00f3ximo a\u00f1o que el actual.<\/p>\n\n\n\n<p>Esto <a><\/a>se dio a conocer hoy durante la reuni\u00f3n de la Comisi\u00f3n de Finanzas, que preside el diputado C\u00e1ndido Leal y las autoridades del Ministerio de Comunicaciones, Infraestructura y Vivienda (CIV).<\/p><div class=\"elmet-contenido\" id=\"elmet-3952453740\"><div class=\"elmet-adlabel\">Anuncios<\/div><div style=\"margin-top: 20px;margin-right: 20px;margin-bottom: 20px;margin-left: 20px;\" id=\"elmet-1062920834\"><a href=\"https:\/\/www.facebook.com\/arrincuanantigua\/\" aria-label=\"cintillo-arrin-cual\"><img loading=\"lazy\" decoding=\"async\" src=\"https:\/\/elmetropolitano.com.gt\/es\/wp-content\/uploads\/2021\/11\/cintillo-arrin-cual-1.jpg\" alt=\"\"  srcset=\"https:\/\/elmetropolitano.com.gt\/es\/wp-content\/uploads\/2021\/11\/cintillo-arrin-cual-1.jpg 750w, https:\/\/elmetropolitano.com.gt\/es\/wp-content\/uploads\/2021\/11\/cintillo-arrin-cual-1-300x36.jpg 300w, https:\/\/elmetropolitano.com.gt\/es\/wp-content\/uploads\/2021\/11\/cintillo-arrin-cual-1-600x72.jpg 600w\" sizes=\"(max-width: 750px) 100vw, 750px\" width=\"750\" height=\"90\"   \/><\/a><\/div><\/div>\n\n\n\n<p>El viceministro de Comunicaciones, Sergio Gonz\u00e1lez indic\u00f3 que este a\u00f1o tuvieron un presupuesto de Q8, 122 millones y que para el 2024 tendr\u00e1n Q6, 580 millones.<\/p>\n\n\n\n<p>Para el diputado L\u00e1zaro Zamora el hecho de que el CIV tenga un presupuesto menor es sospechoso. Para la diputada Lucrecia Marroqu\u00edn de Palomo es por falta de ejecuci\u00f3n presupuestaria. El diputado Carlos Barreda se\u00f1al\u00f3 que los CODEDES, con el cuento de la ampliaci\u00f3n presupuestaria para Caminos rurales y balastros se robaron el dinero, al igual que de los dragados y como resultado llegaron 35 diputados de Vamos.<\/p>\n\n\n\n<p>Hoy durante la sesi\u00f3n de la Comisi\u00f3n de Finanzas se registraron dos situaciones. Una que de nuevo no llegaron los diputados de Semilla, que gobernar\u00e1n durante los pr\u00f3ximos cuatro a\u00f1os y la manifestaci\u00f3n de los 48 Cantones de Totonicap\u00e1n, que provocaron incomodidad a los que estaban presentes.<\/p>\n\n\n\n<p>Texto: Francisco Javier Hurtarte<\/p>\n\n\n\n<p><a href=\"https:\/\/www.facebook.com\/hashtag\/metroredes?__eep__=6&amp;__cft__[0]=AZUmPe1aMrDRk49JYQmqRQTKJHzFpFtMBKBPptouLOpNrVgcb9PQjjgp86uNP-Pz2eKj0OsRn3v8y5Wj0R7tlgiimdsxf7QDPda0mUCi0vrVSwTz8gr9k5o0JwWuMOPmkHRn9j0ggeLqymM3ScVGZNMYaNuDq-gXUcn6tU1vYAwfaNeUiuxnHs_ECFDOYqOVfp4&amp;__tn__=*NK-R\">#metroredes<\/a><a href=\"https:\/\/www.facebook.com\/hashtag\/congresodelarep%C3%BAblicagt?__eep__=6&amp;__cft__[0]=AZUmPe1aMrDRk49JYQmqRQTKJHzFpFtMBKBPptouLOpNrVgcb9PQjjgp86uNP-Pz2eKj0OsRn3v8y5Wj0R7tlgiimdsxf7QDPda0mUCi0vrVSwTz8gr9k5o0JwWuMOPmkHRn9j0ggeLqymM3ScVGZNMYaNuDq-gXUcn6tU1vYAwfaNeUiuxnHs_ECFDOYqOVfp4&amp;__tn__=*NK-R\">#CongresoDeLaRep\u00fablicaGT<\/a><\/p>\n\n\n\n<figure class=\"wp-block-gallery has-nested-images columns-default is-cropped wp-block-gallery-1 is-layout-flex wp-block-gallery-is-layout-flex\">\n<figure class=\"wp-block-image size-large\"><img loading=\"lazy\" decoding=\"async\" width=\"1024\" height=\"683\" data-id=\"72505\" src=\"https:\/\/elmetropolitano.com.gt\/es\/wp-content\/uploads\/2023\/09\/376274578_783919260400826_1205995702067653782_n-1024x683.jpg\" alt=\"\" class=\"wp-image-72505\" srcset=\"https:\/\/elmetropolitano.com.gt\/es\/wp-content\/uploads\/2023\/09\/376274578_783919260400826_1205995702067653782_n-1024x683.jpg 1024w, https:\/\/elmetropolitano.com.gt\/es\/wp-content\/uploads\/2023\/09\/376274578_783919260400826_1205995702067653782_n-300x200.jpg 300w, https:\/\/elmetropolitano.com.gt\/es\/wp-content\/uploads\/2023\/09\/376274578_783919260400826_1205995702067653782_n-768x512.jpg 768w, https:\/\/elmetropolitano.com.gt\/es\/wp-content\/uploads\/2023\/09\/376274578_783919260400826_1205995702067653782_n-600x400.jpg 600w, https:\/\/elmetropolitano.com.gt\/es\/wp-content\/uploads\/2023\/09\/376274578_783919260400826_1205995702067653782_n.jpg 1368w\" sizes=\"auto, (max-width: 1024px) 100vw, 1024px\" \/><\/figure>\n\n\n\n<figure class=\"wp-block-image size-large\"><img loading=\"lazy\" decoding=\"async\" width=\"1024\" height=\"682\" data-id=\"72506\" src=\"https:\/\/elmetropolitano.com.gt\/es\/wp-content\/uploads\/2023\/09\/379465913_783919300400822_7291693651145590667_n-1024x682.jpg\" alt=\"\" class=\"wp-image-72506\" srcset=\"https:\/\/elmetropolitano.com.gt\/es\/wp-content\/uploads\/2023\/09\/379465913_783919300400822_7291693651145590667_n-1024x682.jpg 1024w, https:\/\/elmetropolitano.com.gt\/es\/wp-content\/uploads\/2023\/09\/379465913_783919300400822_7291693651145590667_n-300x200.jpg 300w, https:\/\/elmetropolitano.com.gt\/es\/wp-content\/uploads\/2023\/09\/379465913_783919300400822_7291693651145590667_n-768x512.jpg 768w, https:\/\/elmetropolitano.com.gt\/es\/wp-content\/uploads\/2023\/09\/379465913_783919300400822_7291693651145590667_n-600x400.jpg 600w, https:\/\/elmetropolitano.com.gt\/es\/wp-content\/uploads\/2023\/09\/379465913_783919300400822_7291693651145590667_n.jpg 1280w\" sizes=\"auto, (max-width: 1024px) 100vw, 1024px\" \/><\/figure>\n\n\n\n<figure class=\"wp-block-image size-large\"><img loading=\"lazy\" decoding=\"async\" width=\"1024\" height=\"683\" data-id=\"72507\" src=\"https:\/\/elmetropolitano.com.gt\/es\/wp-content\/uploads\/2023\/09\/379647622_783919293734156_5244848839253324043_n-1024x683.jpg\" alt=\"\" class=\"wp-image-72507\" srcset=\"https:\/\/elmetropolitano.com.gt\/es\/wp-content\/uploads\/2023\/09\/379647622_783919293734156_5244848839253324043_n-1024x683.jpg 1024w, https:\/\/elmetropolitano.com.gt\/es\/wp-content\/uploads\/2023\/09\/379647622_783919293734156_5244848839253324043_n-300x200.jpg 300w, https:\/\/elmetropolitano.com.gt\/es\/wp-content\/uploads\/2023\/09\/379647622_783919293734156_5244848839253324043_n-768x512.jpg 768w, https:\/\/elmetropolitano.com.gt\/es\/wp-content\/uploads\/2023\/09\/379647622_783919293734156_5244848839253324043_n-600x400.jpg 600w, https:\/\/elmetropolitano.com.gt\/es\/wp-content\/uploads\/2023\/09\/379647622_783919293734156_5244848839253324043_n.jpg 1368w\" sizes=\"auto, (max-width: 1024px) 100vw, 1024px\" \/><\/figure>\n\n\n\n<figure class=\"wp-block-image size-large\"><img loading=\"lazy\" decoding=\"async\" width=\"1024\" height=\"682\" data-id=\"72509\" src=\"https:\/\/elmetropolitano.com.gt\/es\/wp-content\/uploads\/2023\/09\/380237679_783919597067459_2075786413034283595_n-1024x682.jpg\" alt=\"\" class=\"wp-image-72509\" srcset=\"https:\/\/elmetropolitano.com.gt\/es\/wp-content\/uploads\/2023\/09\/380237679_783919597067459_2075786413034283595_n-1024x682.jpg 1024w, https:\/\/elmetropolitano.com.gt\/es\/wp-content\/uploads\/2023\/09\/380237679_783919597067459_2075786413034283595_n-300x200.jpg 300w, https:\/\/elmetropolitano.com.gt\/es\/wp-content\/uploads\/2023\/09\/380237679_783919597067459_2075786413034283595_n-768x512.jpg 768w, https:\/\/elmetropolitano.com.gt\/es\/wp-content\/uploads\/2023\/09\/380237679_783919597067459_2075786413034283595_n-600x400.jpg 600w, https:\/\/elmetropolitano.com.gt\/es\/wp-content\/uploads\/2023\/09\/380237679_783919597067459_2075786413034283595_n.jpg 1280w\" sizes=\"auto, (max-width: 1024px) 100vw, 1024px\" \/><\/figure>\n\n\n\n<figure class=\"wp-block-image size-large\"><img loading=\"lazy\" decoding=\"async\" width=\"1024\" height=\"683\" data-id=\"72508\" src=\"https:\/\/elmetropolitano.com.gt\/es\/wp-content\/uploads\/2023\/09\/380293294_783919623734123_3086157022976314359_n-1024x683.jpg\" alt=\"\" class=\"wp-image-72508\" srcset=\"https:\/\/elmetropolitano.com.gt\/es\/wp-content\/uploads\/2023\/09\/380293294_783919623734123_3086157022976314359_n-1024x683.jpg 1024w, https:\/\/elmetropolitano.com.gt\/es\/wp-content\/uploads\/2023\/09\/380293294_783919623734123_3086157022976314359_n-300x200.jpg 300w, https:\/\/elmetropolitano.com.gt\/es\/wp-content\/uploads\/2023\/09\/380293294_783919623734123_3086157022976314359_n-768x512.jpg 768w, https:\/\/elmetropolitano.com.gt\/es\/wp-content\/uploads\/2023\/09\/380293294_783919623734123_3086157022976314359_n-600x400.jpg 600w, https:\/\/elmetropolitano.com.gt\/es\/wp-content\/uploads\/2023\/09\/380293294_783919623734123_3086157022976314359_n.jpg 1368w\" sizes=\"auto, (max-width: 1024px) 100vw, 1024px\" \/><\/figure>\n<\/figure>\n","protected":false},"excerpt":{"rendered":"<p>El ministerio de Comunicaciones inform\u00f3 hoy qu\u00e9 tendr\u00e1 un presupuesto menor para el pr\u00f3ximo a\u00f1o que el actual. Esto se dio a conocer hoy durante la reuni\u00f3n de la Comisi\u00f3n de Finanzas, que preside el diputado C\u00e1ndido Leal y las autoridades del Ministerio de Comunicaciones, Infraestructura y Vivienda (CIV). El viceministro de Comunicaciones, Sergio Gonz\u00e1lez <a class=\"read-more\" href=\"https:\/\/elmetropolitano.com.gt\/es\/presupuesto-para-el-civ-sera-menor-el-2024\/\">Leer m\u00e1s<\/a><\/p>\n","protected":false},"author":1,"featured_media":72504,"comment_status":"open","ping_status":"closed","sticky":false,"template":"","format":"standard","meta":{"footnotes":""},"categories":[2],"tags":[12],"class_list":["post-72503","post","type-post","status-publish","format-standard","has-post-thumbnail","hentry","category-nacionales","tag-nacionales"],"_links":{"self":[{"href":"https:\/\/elmetropolitano.com.gt\/es\/wp-json\/wp\/v2\/posts\/72503","targetHints":{"allow":["GET"]}}],"collection":[{"href":"https:\/\/elmetropolitano.com.gt\/es\/wp-json\/wp\/v2\/posts"}],"about":[{"href":"https:\/\/elmetropolitano.com.gt\/es\/wp-json\/wp\/v2\/types\/post"}],"author":[{"embeddable":true,"href":"https:\/\/elmetropolitano.com.gt\/es\/wp-json\/wp\/v2\/users\/1"}],"replies":[{"embeddable":true,"href":"https:\/\/elmetropolitano.com.gt\/es\/wp-json\/wp\/v2\/comments?post=72503"}],"version-history":[{"count":1,"href":"https:\/\/elmetropolitano.com.gt\/es\/wp-json\/wp\/v2\/posts\/72503\/revisions"}],"predecessor-version":[{"id":72510,"href":"https:\/\/elmetropolitano.com.gt\/es\/wp-json\/wp\/v2\/posts\/72503\/revisions\/72510"}],"wp:featuredmedia":[{"embeddable":true,"href":"https:\/\/elmetropolitano.com.gt\/es\/wp-json\/wp\/v2\/media\/72504"}],"wp:attachment":[{"href":"https:\/\/elmetropolitano.com.gt\/es\/wp-json\/wp\/v2\/media?parent=72503"}],"wp:term":[{"taxonomy":"category","embeddable":true,"href":"https:\/\/elmetropolitano.com.gt\/es\/wp-json\/wp\/v2\/categories?post=72503"},{"taxonomy":"post_tag","embeddable":true,"href":"https:\/\/elmetropolitano.com.gt\/es\/wp-json\/wp\/v2\/tags?post=72503"}],"curies":[{"name":"wp","href":"https:\/\/api.w.org\/{rel}","templated":true}]}}