{"id":72527,"date":"2023-09-19T10:11:10","date_gmt":"2023-09-19T16:11:10","guid":{"rendered":"https:\/\/elmetropolitano.com.gt\/es\/?p=72527"},"modified":"2023-09-19T10:21:53","modified_gmt":"2023-09-19T16:21:53","slug":"guterres-a-la-78a-asamblea-general-de-la-onu-la-desigualdad-define-nuestra-epoca","status":"publish","type":"post","link":"https:\/\/elmetropolitano.com.gt\/es\/guterres-a-la-78a-asamblea-general-de-la-onu-la-desigualdad-define-nuestra-epoca\/","title":{"rendered":"Guterres a la 78\u00aa Asamblea General de la ONU: \u201cLa desigualdad define nuestra \u00e9poca\u201d"},"content":{"rendered":"\n<p>Este martes dio inicio la 78\u00aa Asamblea General de las Naciones Unidas con la presencia de destacados l\u00edderes mundiales que se han dado cita en la sede principal en Nueva York. El secretario general de la ONU, Ant\u00f3nio Guterres, abri\u00f3 la sesi\u00f3n haciendo un llamado a los gobiernos de todo el mundo a terminar con \u201clas desigualdades\u201d al considerar que supone una amenaza para la democracia y que \u201cla <a><\/a>desigualdad define nuestra \u00e9poca\u201d.<\/p>\n\n\n\n<p>\u201cLa democracia est\u00e1 bajo amenaza, el autoritarismo avanza, las desigualdades aumentan y el discurso de odio cobra auge\u201d, se\u00f1al\u00f3 Guterres mientras lamentaba la falta de consenso entre los gobiernos.<\/p><div class=\"elmet-contenido\" id=\"elmet-645688745\"><div class=\"elmet-adlabel\">Anuncios<\/div><div style=\"margin-top: 20px;margin-right: 20px;margin-bottom: 20px;margin-left: 20px;\" id=\"elmet-2061830713\"><a href=\"https:\/\/www.facebook.com\/arrincuanantigua\/\" aria-label=\"cintillo-arrin-cual\"><img loading=\"lazy\" decoding=\"async\" src=\"https:\/\/elmetropolitano.com.gt\/es\/wp-content\/uploads\/2021\/11\/cintillo-arrin-cual-1.jpg\" alt=\"\"  srcset=\"https:\/\/elmetropolitano.com.gt\/es\/wp-content\/uploads\/2021\/11\/cintillo-arrin-cual-1.jpg 750w, https:\/\/elmetropolitano.com.gt\/es\/wp-content\/uploads\/2021\/11\/cintillo-arrin-cual-1-300x36.jpg 300w, https:\/\/elmetropolitano.com.gt\/es\/wp-content\/uploads\/2021\/11\/cintillo-arrin-cual-1-600x72.jpg 600w\" sizes=\"(max-width: 750px) 100vw, 750px\" width=\"750\" height=\"90\"   \/><\/a><\/div><\/div>\n\n\n\n<p>Por eso, recalc\u00f3 en la necesidad de impulsar pol\u00edticas globales que luchen contra esta situaci\u00f3n que, a su parecer, es uno de los ejes principales para lograr el progreso de las naciones m\u00e1s vulnerables<\/p>\n\n\n\n<p>\u201cFueron v\u00edctimas de a\u00f1os de conflicto, fueron v\u00edctimas del caos clim\u00e1tico y fueron v\u00edctimas de l\u00edderes que est\u00e1n cerca y lejos, quienes no encontraron la senda hacia la paz\u201d, sostuvo.<\/p>\n\n\n\n<p>Ese escenario, argumenta, tiene que servir para poner de manifiesto \u201cla desigualdad, la injusticia y la incapacidad de enfrentar los desaf\u00edos\u201d de los l\u00edderes mundial.<\/p>\n\n\n\n<p>\u201cLas tensiones geopol\u00edticas van en aumento, empeoran los desaf\u00edos mundiales y parece que somos incapaces de reunirnos para responder. Enfrentamos una serie de amenazas existenciales, desde la crisis clim\u00e1tica hasta tecnolog\u00edas que cambian todo\u201d, agreg\u00f3 al respecto.<\/p>\n\n\n\n<p>En esa l\u00ednea, hizo un llamado para que las instituciones se adapten a los nuevos tiempos, porque, seg\u00fan \u00e9l, \u201cel mundo ha cambiado, pero nuestras instituciones no\u201d.<\/p>\n\n\n\n<p>\u201cNo podemos abordar de manera eficaz los problemas de la actualidad si las instituciones no reflejan el mundo como es hoy en d\u00eda. En lugar de solucionar problemas podr\u00edan convertirse en parte del problema\u201d, dijo.<\/p>\n\n\n\n<p>Adem\u00e1s, considera que \u201clas brechas entre las potencias econ\u00f3micas y militares, las brechas entre el norte y el sur, oriente y occidente\u201d no facilitan el di\u00e1logo y el consenso del que hizo referencia durante el discurso.<\/p>\n\n\n\n<p>\u201cNos acercamos cada vez m\u00e1s a una gran fractura en los sistemas econ\u00f3micos y financieros, y en las relaciones comerciales. Una fractura que amenaza el internet abierto con distintas estrategias en cuanto a la tecnolog\u00eda, la inteligencia artificial y posiblemente marcos de marcos de seguridad que est\u00e9n en oposici\u00f3n\u201d, coment\u00f3.<\/p>\n\n\n\n<p>\u201cEsto significa reformar el Consejo de Seguridad para que refleje el mundo de hoy en d\u00eda, significa redise\u00f1ar la arquitectura financiera internacional para que sea verdaderamente universal y sirva como una red de apoyo mundial para los pa\u00edses en desarrollo en apuros\u201d.<\/p>\n\n\n\n<p>Con esta petici\u00f3n hac\u00eda referencia a la necesidad de impulsar una nueva epata de consenso en todo el mundo. \u201cEl liderazgo eficaz se trata del consenso. Los l\u00edderes tienen una responsabilidad especial a la hora de buscar el consenso para forjar un futuro com\u00fan de paz y prosperidad en pro del bien com\u00fan\u201d, afirm\u00f3<\/p>\n\n\n\n<p>Texto: Antoni Belchi<\/p>\n\n\n\n<p><a href=\"https:\/\/www.facebook.com\/hashtag\/onu?__eep__=6&amp;__cft__[0]=AZUXK8pkCZ1dyv8q7UtZjHgfXrrbqHaumyWa3xiTazwm6wHlGaZhrYyIDIZAi7wr22Kwyipx-qbmS12XyaZhD0JgCEkdbzFNHQ7qcsx_xVYKO43ZM7Ik4NBY3f-WPjkNXludMxs853oKwCNb442GA9NrJJfRIsRhoJ6VLKrgjzjqOflbYPCBKozHZEaHbrLCa0s&amp;__tn__=*NK-R\">#ONU<\/a><a href=\"https:\/\/www.facebook.com\/hashtag\/metroredes?__eep__=6&amp;__cft__[0]=AZUXK8pkCZ1dyv8q7UtZjHgfXrrbqHaumyWa3xiTazwm6wHlGaZhrYyIDIZAi7wr22Kwyipx-qbmS12XyaZhD0JgCEkdbzFNHQ7qcsx_xVYKO43ZM7Ik4NBY3f-WPjkNXludMxs853oKwCNb442GA9NrJJfRIsRhoJ6VLKrgjzjqOflbYPCBKozHZEaHbrLCa0s&amp;__tn__=*NK-R\">#metroredes<\/a><\/p>\n\n\n\n<p><\/p>\n","protected":false},"excerpt":{"rendered":"<p>Este martes dio inicio la 78\u00aa Asamblea General de las Naciones Unidas con la presencia de destacados l\u00edderes mundiales que se han dado cita en la sede principal en Nueva York. El secretario general de la ONU, Ant\u00f3nio Guterres, abri\u00f3 la sesi\u00f3n haciendo un llamado a los gobiernos de todo el mundo a terminar con <a class=\"read-more\" href=\"https:\/\/elmetropolitano.com.gt\/es\/guterres-a-la-78a-asamblea-general-de-la-onu-la-desigualdad-define-nuestra-epoca\/\">Leer m\u00e1s<\/a><\/p>\n","protected":false},"author":1,"featured_media":72528,"comment_status":"open","ping_status":"closed","sticky":false,"template":"","format":"standard","meta":{"footnotes":""},"categories":[14],"tags":[15],"class_list":["post-72527","post","type-post","status-publish","format-standard","has-post-thumbnail","hentry","category-internacionales","tag-internacionales"],"_links":{"self":[{"href":"https:\/\/elmetropolitano.com.gt\/es\/wp-json\/wp\/v2\/posts\/72527","targetHints":{"allow":["GET"]}}],"collection":[{"href":"https:\/\/elmetropolitano.com.gt\/es\/wp-json\/wp\/v2\/posts"}],"about":[{"href":"https:\/\/elmetropolitano.com.gt\/es\/wp-json\/wp\/v2\/types\/post"}],"author":[{"embeddable":true,"href":"https:\/\/elmetropolitano.com.gt\/es\/wp-json\/wp\/v2\/users\/1"}],"replies":[{"embeddable":true,"href":"https:\/\/elmetropolitano.com.gt\/es\/wp-json\/wp\/v2\/comments?post=72527"}],"version-history":[{"count":1,"href":"https:\/\/elmetropolitano.com.gt\/es\/wp-json\/wp\/v2\/posts\/72527\/revisions"}],"predecessor-version":[{"id":72529,"href":"https:\/\/elmetropolitano.com.gt\/es\/wp-json\/wp\/v2\/posts\/72527\/revisions\/72529"}],"wp:featuredmedia":[{"embeddable":true,"href":"https:\/\/elmetropolitano.com.gt\/es\/wp-json\/wp\/v2\/media\/72528"}],"wp:attachment":[{"href":"https:\/\/elmetropolitano.com.gt\/es\/wp-json\/wp\/v2\/media?parent=72527"}],"wp:term":[{"taxonomy":"category","embeddable":true,"href":"https:\/\/elmetropolitano.com.gt\/es\/wp-json\/wp\/v2\/categories?post=72527"},{"taxonomy":"post_tag","embeddable":true,"href":"https:\/\/elmetropolitano.com.gt\/es\/wp-json\/wp\/v2\/tags?post=72527"}],"curies":[{"name":"wp","href":"https:\/\/api.w.org\/{rel}","templated":true}]}}