{"id":73070,"date":"2023-09-30T09:47:58","date_gmt":"2023-09-30T15:47:58","guid":{"rendered":"https:\/\/elmetropolitano.com.gt\/es\/?p=73070"},"modified":"2023-09-30T09:48:01","modified_gmt":"2023-09-30T15:48:01","slug":"consuelo-porras-pasara-a-la-historia-como-la-que-profano-estas-elecciones","status":"publish","type":"post","link":"https:\/\/elmetropolitano.com.gt\/es\/consuelo-porras-pasara-a-la-historia-como-la-que-profano-estas-elecciones\/","title":{"rendered":"Consuelo Porras pasar\u00e1 a la historia como la que profano estas elecciones"},"content":{"rendered":"\n<p>A pesar de que las elecciones ya fueron oficializadas y entregadas las credenciales de los cargos, el Ministerio P\u00fablico, MP, que encabeza la fiscal Consuelo Porras, pasar\u00e1n a la historia como la que profan\u00f3 las elecciones del 25 de junio y 20 de agosto, dijeron magistrados del Tribunal Supremo Electoral.<\/p>\n\n\n\n<p>Con prepotencia y abusives en contra de los magistrados del TSE, fiscales sacaron por la fuerza las cajas donde est\u00e1 todo lo relacionado con las elecciones reci\u00e9n pasadas en el pa\u00eds y ante los ojos de civiles, periodistas y del mundo, esto es lo que est\u00e1 ocurriendo en nuestro pa\u00eds por parte del MP.<\/p><div class=\"elmet-contenido\" id=\"elmet-3682957567\"><div class=\"elmet-adlabel\">Anuncios<\/div><div style=\"margin-top: 20px;margin-right: 20px;margin-bottom: 20px;margin-left: 20px;\" id=\"elmet-495318933\"><a href=\"https:\/\/www.facebook.com\/arrincuanantigua\/\" aria-label=\"cintillo-arrin-cual\"><img loading=\"lazy\" decoding=\"async\" src=\"https:\/\/elmetropolitano.com.gt\/es\/wp-content\/uploads\/2021\/11\/cintillo-arrin-cual-1.jpg\" alt=\"\"  srcset=\"https:\/\/elmetropolitano.com.gt\/es\/wp-content\/uploads\/2021\/11\/cintillo-arrin-cual-1.jpg 750w, https:\/\/elmetropolitano.com.gt\/es\/wp-content\/uploads\/2021\/11\/cintillo-arrin-cual-1-300x36.jpg 300w, https:\/\/elmetropolitano.com.gt\/es\/wp-content\/uploads\/2021\/11\/cintillo-arrin-cual-1-600x72.jpg 600w\" sizes=\"(max-width: 750px) 100vw, 750px\" width=\"750\" height=\"90\"   \/><\/a><\/div><\/div>\n\n\n\n<p>Analistas se\u00f1alan que los magistrados valientemente han defendido por todos los medios el proceso electoral y la decisi\u00f3n del pueblo de Guatemala, mientras que la Corte de Constitucionalidad, cuyos magistrados a pesar de tener dos amparos por resolver, m\u00e1s pareciera que est\u00e1n del lado del pacto de corrupci\u00f3n pues permanecen callados ante el ultraje que sufre la Constituci\u00f3n Pol\u00edtica de la Rep\u00fablica.<\/p>\n\n\n\n<p>Agregan los analistas que despu\u00e9s de 20 horas de allanamientos y que con forcejeos y atropellando y golpeando a los magistrados del TSE, fiscales del MP se llevaron las actas 4 y 8 de las pasadas elecciones que contienen la validaci\u00f3n del proceso electoral, destrozando de esta manera la democracia y la voluntad de un pueblo que cumpli\u00f3 con asistir a las urnas.<\/p>\n\n\n\n<p>Expertos se\u00f1alan que el estado de derecho de Guatemala ha sido pisoteado por el MP y la pasividad de la CC queda en tela de juicio ya que pudiendo detener las atrocidades del ente investigador encabezado por Consuelo Porras, se hacen de la vista gorda, mostrando claramente de que lado est\u00e1, sin importarles en lo m\u00e1s m\u00ednimo la decisi\u00f3n de todo un pueblo<\/p>\n\n\n\n<p>Seg\u00fan dijeron los analistas, para m\u00e1s la comunidad internacional como la Organizaci\u00f3n de Estados Americanos y el departamento de estado de los Estados Unidos se han pronunciado ante semejantes atropellos y que son dignos de una dictadura y no de una democracia.<\/p>\n\n\n\n<p>CC se re\u00fane de emergencia<\/p>\n\n\n\n<p>El pleno de magistrados de la CC anunci\u00f3 que se reunir\u00e1n este s\u00e1bado para evaluar acciones presentadas por el TSE, incluyendo los amparos por el allanamiento de la FECI en su sede. Manfredo Marroqu\u00edn, de Acci\u00f3n Ciudadana expres\u00f3 que la CC debe de defender la soberan\u00eda y la voluntad del pueblo como es su obligaci\u00f3n y dejar de solapar y proteger con sus ambig\u00fcedades a los golpistas.<\/p>\n\n\n\n<p>USA: Buscaremos que rindan cuentas quienes quieran socavar la transici\u00f3n en GT<\/p>\n\n\n\n<p>El secretario adjunto para asuntos del hemisferio occidental del Departamento de Estado de los Estados Unidos, Brian A. Nicholson, se pronunci\u00f3 al respecto del allanamiento realizado este d\u00eda por la Fiscal\u00eda Especial contra la Impunidad (FECI) en la sede del Tribunal Supremo Electoral, conden\u00f3 la irrupci\u00f3n del ente investigador y advirti\u00f3 que buscar\u00e1n que quienes atentan contra la voluntad de los votantes deber\u00e1n rendir cuentas.<\/p>\n\n\n\n<figure class=\"wp-block-gallery has-nested-images columns-default is-cropped wp-block-gallery-1 is-layout-flex wp-block-gallery-is-layout-flex\">\n<figure class=\"wp-block-image size-large\"><img loading=\"lazy\" decoding=\"async\" width=\"829\" height=\"467\" data-id=\"73072\" src=\"https:\/\/elmetropolitano.com.gt\/es\/wp-content\/uploads\/2023\/09\/F7R1nu7WwAAQMto.jpg\" alt=\"\" class=\"wp-image-73072\" srcset=\"https:\/\/elmetropolitano.com.gt\/es\/wp-content\/uploads\/2023\/09\/F7R1nu7WwAAQMto.jpg 829w, https:\/\/elmetropolitano.com.gt\/es\/wp-content\/uploads\/2023\/09\/F7R1nu7WwAAQMto-300x169.jpg 300w, https:\/\/elmetropolitano.com.gt\/es\/wp-content\/uploads\/2023\/09\/F7R1nu7WwAAQMto-768x433.jpg 768w, https:\/\/elmetropolitano.com.gt\/es\/wp-content\/uploads\/2023\/09\/F7R1nu7WwAAQMto-600x338.jpg 600w\" sizes=\"auto, (max-width: 829px) 100vw, 829px\" \/><\/figure>\n\n\n\n<figure class=\"wp-block-image size-large\"><img loading=\"lazy\" decoding=\"async\" width=\"501\" height=\"1024\" data-id=\"73075\" src=\"https:\/\/elmetropolitano.com.gt\/es\/wp-content\/uploads\/2023\/09\/F7SGlx1XQAA9hfv-501x1024.jpg\" alt=\"\" class=\"wp-image-73075\" srcset=\"https:\/\/elmetropolitano.com.gt\/es\/wp-content\/uploads\/2023\/09\/F7SGlx1XQAA9hfv-501x1024.jpg 501w, https:\/\/elmetropolitano.com.gt\/es\/wp-content\/uploads\/2023\/09\/F7SGlx1XQAA9hfv-147x300.jpg 147w, https:\/\/elmetropolitano.com.gt\/es\/wp-content\/uploads\/2023\/09\/F7SGlx1XQAA9hfv-600x1226.jpg 600w, https:\/\/elmetropolitano.com.gt\/es\/wp-content\/uploads\/2023\/09\/F7SGlx1XQAA9hfv.jpg 739w\" sizes=\"auto, (max-width: 501px) 100vw, 501px\" \/><\/figure>\n\n\n\n<figure class=\"wp-block-image size-large\"><img loading=\"lazy\" decoding=\"async\" width=\"651\" height=\"465\" data-id=\"73074\" src=\"https:\/\/elmetropolitano.com.gt\/es\/wp-content\/uploads\/2023\/09\/F7SGlxxWEAERTT6.jpg\" alt=\"\" class=\"wp-image-73074\" srcset=\"https:\/\/elmetropolitano.com.gt\/es\/wp-content\/uploads\/2023\/09\/F7SGlxxWEAERTT6.jpg 651w, https:\/\/elmetropolitano.com.gt\/es\/wp-content\/uploads\/2023\/09\/F7SGlxxWEAERTT6-300x214.jpg 300w, https:\/\/elmetropolitano.com.gt\/es\/wp-content\/uploads\/2023\/09\/F7SGlxxWEAERTT6-600x429.jpg 600w\" sizes=\"auto, (max-width: 651px) 100vw, 651px\" \/><\/figure>\n\n\n\n<figure class=\"wp-block-image size-large\"><img loading=\"lazy\" decoding=\"async\" width=\"829\" height=\"458\" data-id=\"73073\" src=\"https:\/\/elmetropolitano.com.gt\/es\/wp-content\/uploads\/2023\/09\/F7R1nu-WYAAcfTc.jpg\" alt=\"\" class=\"wp-image-73073\" srcset=\"https:\/\/elmetropolitano.com.gt\/es\/wp-content\/uploads\/2023\/09\/F7R1nu-WYAAcfTc.jpg 829w, https:\/\/elmetropolitano.com.gt\/es\/wp-content\/uploads\/2023\/09\/F7R1nu-WYAAcfTc-300x166.jpg 300w, https:\/\/elmetropolitano.com.gt\/es\/wp-content\/uploads\/2023\/09\/F7R1nu-WYAAcfTc-768x424.jpg 768w, https:\/\/elmetropolitano.com.gt\/es\/wp-content\/uploads\/2023\/09\/F7R1nu-WYAAcfTc-600x331.jpg 600w\" sizes=\"auto, (max-width: 829px) 100vw, 829px\" \/><\/figure>\n<\/figure>\n","protected":false},"excerpt":{"rendered":"<p>A pesar de que las elecciones ya fueron oficializadas y entregadas las credenciales de los cargos, el Ministerio P\u00fablico, MP, que encabeza la fiscal Consuelo Porras, pasar\u00e1n a la historia como la que profan\u00f3 las elecciones del 25 de junio y 20 de agosto, dijeron magistrados del Tribunal Supremo Electoral. Con prepotencia y abusives en <a class=\"read-more\" href=\"https:\/\/elmetropolitano.com.gt\/es\/consuelo-porras-pasara-a-la-historia-como-la-que-profano-estas-elecciones\/\">Leer m\u00e1s<\/a><\/p>\n","protected":false},"author":1,"featured_media":73071,"comment_status":"open","ping_status":"closed","sticky":false,"template":"","format":"standard","meta":{"footnotes":""},"categories":[2],"tags":[12],"class_list":["post-73070","post","type-post","status-publish","format-standard","has-post-thumbnail","hentry","category-nacionales","tag-nacionales"],"_links":{"self":[{"href":"https:\/\/elmetropolitano.com.gt\/es\/wp-json\/wp\/v2\/posts\/73070","targetHints":{"allow":["GET"]}}],"collection":[{"href":"https:\/\/elmetropolitano.com.gt\/es\/wp-json\/wp\/v2\/posts"}],"about":[{"href":"https:\/\/elmetropolitano.com.gt\/es\/wp-json\/wp\/v2\/types\/post"}],"author":[{"embeddable":true,"href":"https:\/\/elmetropolitano.com.gt\/es\/wp-json\/wp\/v2\/users\/1"}],"replies":[{"embeddable":true,"href":"https:\/\/elmetropolitano.com.gt\/es\/wp-json\/wp\/v2\/comments?post=73070"}],"version-history":[{"count":1,"href":"https:\/\/elmetropolitano.com.gt\/es\/wp-json\/wp\/v2\/posts\/73070\/revisions"}],"predecessor-version":[{"id":73076,"href":"https:\/\/elmetropolitano.com.gt\/es\/wp-json\/wp\/v2\/posts\/73070\/revisions\/73076"}],"wp:featuredmedia":[{"embeddable":true,"href":"https:\/\/elmetropolitano.com.gt\/es\/wp-json\/wp\/v2\/media\/73071"}],"wp:attachment":[{"href":"https:\/\/elmetropolitano.com.gt\/es\/wp-json\/wp\/v2\/media?parent=73070"}],"wp:term":[{"taxonomy":"category","embeddable":true,"href":"https:\/\/elmetropolitano.com.gt\/es\/wp-json\/wp\/v2\/categories?post=73070"},{"taxonomy":"post_tag","embeddable":true,"href":"https:\/\/elmetropolitano.com.gt\/es\/wp-json\/wp\/v2\/tags?post=73070"}],"curies":[{"name":"wp","href":"https:\/\/api.w.org\/{rel}","templated":true}]}}