{"id":73086,"date":"2023-09-30T21:23:26","date_gmt":"2023-10-01T03:23:26","guid":{"rendered":"https:\/\/elmetropolitano.com.gt\/es\/?p=73086"},"modified":"2023-09-30T21:23:26","modified_gmt":"2023-10-01T03:23:26","slug":"la-cc-se-lava-las-manos-en-medio-de-la-crisis-politica","status":"publish","type":"post","link":"https:\/\/elmetropolitano.com.gt\/es\/la-cc-se-lava-las-manos-en-medio-de-la-crisis-politica\/","title":{"rendered":"La CC se lava las manos, en medio de la crisis pol\u00edtica"},"content":{"rendered":"\n<p>Los Magistrados de la Corte de constitucionalidad CC Se \u201clavan las Manos \u201c al no otorgar amparo provisional, a los amparo presentados por el pleno de magistrados del tribunal Supremo Electoral TSE y le dan la espalda al Pueblo de Guatemala por lo que la crisis pol\u00edtica causada por las acciones del Ministerio P\u00fablico MP sigue con consecuencias graves para la democracia.<\/p>\n\n\n\n<p>Por <a><\/a>\u00abcuesti\u00f3n\u00bb de competencia CC lenv\u00eda a otras instancias legales los Sifuentes expedientes<\/p><div class=\"elmet-contenido\" id=\"elmet-2980383684\"><div class=\"elmet-adlabel\">Anuncios<\/div><div style=\"margin-top: 20px;margin-right: 20px;margin-bottom: 20px;margin-left: 20px;\" id=\"elmet-4185869545\"><a href=\"https:\/\/www.facebook.com\/arrincuanantigua\/\" aria-label=\"cintillo-arrin-cual\"><img loading=\"lazy\" decoding=\"async\" src=\"https:\/\/elmetropolitano.com.gt\/es\/wp-content\/uploads\/2021\/11\/cintillo-arrin-cual-1.jpg\" alt=\"\"  srcset=\"https:\/\/elmetropolitano.com.gt\/es\/wp-content\/uploads\/2021\/11\/cintillo-arrin-cual-1.jpg 750w, https:\/\/elmetropolitano.com.gt\/es\/wp-content\/uploads\/2021\/11\/cintillo-arrin-cual-1-300x36.jpg 300w, https:\/\/elmetropolitano.com.gt\/es\/wp-content\/uploads\/2021\/11\/cintillo-arrin-cual-1-600x72.jpg 600w\" sizes=\"(max-width: 750px) 100vw, 750px\" width=\"750\" height=\"90\"   \/><\/a><\/div><\/div>\n\n\n\n<p>1-6029-2023 relacionado al amparo promovido por el Tribunal Supremo<\/p>\n\n\n\n<p>Electoral contra la Fiscal General de la Rep\u00fablica y Jefe del Ministerio P\u00fablico y la Fiscal\u00eda Especial Contra la Impunidad, resolviendo para el efecto admitir el mismo para su tr\u00e1mite y por raz\u00f3n de competencia, fue remitida copia certificada del escrito inicial de la solicitud del amparo a la Corte Suprema de Justicia, constituida en Tribunal de Amparo, para que contin\u00fae con el tr\u00e1mite correspondiente.<\/p>\n\n\n\n<p>2-6030-2023 relacionado al amparo promovido por el Tribunal Supremo<\/p>\n\n\n\n<p>Electoral contra el Juez \u00abA\u00bb del Juzgado S\u00e9ptimo Pluripersonal de Primera Instancia Penal, Narcoactividad y Delitos contra el Ambiente del departamento de Guatemala, resolviendo para el efecto admitir el mismo para su tr\u00e1mite y por raz\u00f3n de competencia, fue remitida copia certificada del escrito inicial de la solicitud del amparo a la Sala Tercera de la Corte de Apelaciones del ramo Penal, Narcoactividad y Delitos contra el Ambiente, constituida en Tribunal de Amparo, para que contin\u00fae con el tr\u00e1mite correspondiente.<\/p>\n\n\n\n<p>3-6042-2023 relacionado al amparo promovido por Irma Elizabeth Palencia<\/p>\n\n\n\n<p>Orellana, Ranulfo Rafael Rojas Cetina, Gabriel Vladimir Aguilera Bola\u00f1os, Blanca Odilia Alfaro Guerra, Mynor Custodio Franco Flores, \u00c1lvaro Ricardo Cord\u00f3n Paredes, Marco Antonio Cornejo Marroqu\u00edn y Marlon Josu\u00e9 Barahona Catal\u00e1n, en calidad de Presidente y Magistrados, todos del Tribunal Supremo Electoral, respectivamente, contra el Juez del Juzgado de Paz Penal de Faltas de Turno del municipio y departamento de Guatemala, resolviendo para el efecto admitir el mismo para su tr\u00e1mite y por raz\u00f3n de competencia, fue remitida copia certificada del escrito inicial de la solicitud del amparo al Juzgado Octavo de Primera Instancia Penal, Narcoactividad y Delitos contra el Ambiente del departamento de Guatemala, constituido en Tribunal de Amparo, para que contin\u00fae con el tr\u00e1mite correspondiente<\/p>\n\n\n\n<p><a href=\"https:\/\/www.facebook.com\/hashtag\/crisispolitica?__eep__=6&amp;__cft__[0]=AZUT61HoV8_ieTbXMVfT6SliLcIT64Uvb5WzH4igtHeQKIQMJsdUl0AGLfa-hIuxLcLW7R3GYo3VZdJWOVI8G7gv60PaUpmcc_xAcTuqRRwucYMQiK2d8krdSdzxD_YChsxCVuv0yiS0WxLxi466hj1zt0Kyxd_5cMrc5zFGYkW57kPKr3XSgovwuD1Yi07u1DM&amp;__tn__=*NK-R\">#crisispolitica<\/a><a href=\"https:\/\/www.facebook.com\/hashtag\/metroredes?__eep__=6&amp;__cft__[0]=AZUT61HoV8_ieTbXMVfT6SliLcIT64Uvb5WzH4igtHeQKIQMJsdUl0AGLfa-hIuxLcLW7R3GYo3VZdJWOVI8G7gv60PaUpmcc_xAcTuqRRwucYMQiK2d8krdSdzxD_YChsxCVuv0yiS0WxLxi466hj1zt0Kyxd_5cMrc5zFGYkW57kPKr3XSgovwuD1Yi07u1DM&amp;__tn__=*NK-R\">#metroredes<\/a><a href=\"https:\/\/www.facebook.com\/hashtag\/tseguatemala?__eep__=6&amp;__cft__[0]=AZUT61HoV8_ieTbXMVfT6SliLcIT64Uvb5WzH4igtHeQKIQMJsdUl0AGLfa-hIuxLcLW7R3GYo3VZdJWOVI8G7gv60PaUpmcc_xAcTuqRRwucYMQiK2d8krdSdzxD_YChsxCVuv0yiS0WxLxi466hj1zt0Kyxd_5cMrc5zFGYkW57kPKr3XSgovwuD1Yi07u1DM&amp;__tn__=*NK-R\">#TSEGuatemala<\/a><a href=\"https:\/\/www.facebook.com\/hashtag\/cortedeconstitucionalidad?__eep__=6&amp;__cft__[0]=AZUT61HoV8_ieTbXMVfT6SliLcIT64Uvb5WzH4igtHeQKIQMJsdUl0AGLfa-hIuxLcLW7R3GYo3VZdJWOVI8G7gv60PaUpmcc_xAcTuqRRwucYMQiK2d8krdSdzxD_YChsxCVuv0yiS0WxLxi466hj1zt0Kyxd_5cMrc5zFGYkW57kPKr3XSgovwuD1Yi07u1DM&amp;__tn__=*NK-R\">#CorteDeConstitucionalidad<\/a><\/p>\n\n\n\n<figure class=\"wp-block-gallery has-nested-images columns-default is-cropped wp-block-gallery-1 is-layout-flex wp-block-gallery-is-layout-flex\">\n<figure class=\"wp-block-image size-large\"><img loading=\"lazy\" decoding=\"async\" width=\"787\" height=\"1024\" data-id=\"73089\" src=\"https:\/\/elmetropolitano.com.gt\/es\/wp-content\/uploads\/2023\/09\/385853041_791852529607499_2994480710468637973_n-787x1024.jpg\" alt=\"\" class=\"wp-image-73089\" srcset=\"https:\/\/elmetropolitano.com.gt\/es\/wp-content\/uploads\/2023\/09\/385853041_791852529607499_2994480710468637973_n-787x1024.jpg 787w, https:\/\/elmetropolitano.com.gt\/es\/wp-content\/uploads\/2023\/09\/385853041_791852529607499_2994480710468637973_n-231x300.jpg 231w, https:\/\/elmetropolitano.com.gt\/es\/wp-content\/uploads\/2023\/09\/385853041_791852529607499_2994480710468637973_n-768x999.jpg 768w, https:\/\/elmetropolitano.com.gt\/es\/wp-content\/uploads\/2023\/09\/385853041_791852529607499_2994480710468637973_n-1181x1536.jpg 1181w, https:\/\/elmetropolitano.com.gt\/es\/wp-content\/uploads\/2023\/09\/385853041_791852529607499_2994480710468637973_n-600x780.jpg 600w, https:\/\/elmetropolitano.com.gt\/es\/wp-content\/uploads\/2023\/09\/385853041_791852529607499_2994480710468637973_n.jpg 1230w\" sizes=\"auto, (max-width: 787px) 100vw, 787px\" \/><\/figure>\n\n\n\n<figure class=\"wp-block-image size-large\"><img loading=\"lazy\" decoding=\"async\" width=\"790\" height=\"1024\" data-id=\"73088\" src=\"https:\/\/elmetropolitano.com.gt\/es\/wp-content\/uploads\/2023\/09\/384431073_791852549607497_5125726928855060842_n-790x1024.jpg\" alt=\"\" class=\"wp-image-73088\" srcset=\"https:\/\/elmetropolitano.com.gt\/es\/wp-content\/uploads\/2023\/09\/384431073_791852549607497_5125726928855060842_n-790x1024.jpg 790w, https:\/\/elmetropolitano.com.gt\/es\/wp-content\/uploads\/2023\/09\/384431073_791852549607497_5125726928855060842_n-231x300.jpg 231w, https:\/\/elmetropolitano.com.gt\/es\/wp-content\/uploads\/2023\/09\/384431073_791852549607497_5125726928855060842_n-768x996.jpg 768w, https:\/\/elmetropolitano.com.gt\/es\/wp-content\/uploads\/2023\/09\/384431073_791852549607497_5125726928855060842_n-1185x1536.jpg 1185w, https:\/\/elmetropolitano.com.gt\/es\/wp-content\/uploads\/2023\/09\/384431073_791852549607497_5125726928855060842_n-600x778.jpg 600w, https:\/\/elmetropolitano.com.gt\/es\/wp-content\/uploads\/2023\/09\/384431073_791852549607497_5125726928855060842_n.jpg 1234w\" sizes=\"auto, (max-width: 790px) 100vw, 790px\" \/><\/figure>\n<\/figure>\n","protected":false},"excerpt":{"rendered":"<p>Los Magistrados de la Corte de constitucionalidad CC Se \u201clavan las Manos \u201c al no otorgar amparo provisional, a los amparo presentados por el pleno de magistrados del tribunal Supremo Electoral TSE y le dan la espalda al Pueblo de Guatemala por lo que la crisis pol\u00edtica causada por las acciones del Ministerio P\u00fablico MP <a class=\"read-more\" href=\"https:\/\/elmetropolitano.com.gt\/es\/la-cc-se-lava-las-manos-en-medio-de-la-crisis-politica\/\">Leer m\u00e1s<\/a><\/p>\n","protected":false},"author":1,"featured_media":73087,"comment_status":"open","ping_status":"closed","sticky":false,"template":"","format":"standard","meta":{"footnotes":""},"categories":[2],"tags":[12],"class_list":["post-73086","post","type-post","status-publish","format-standard","has-post-thumbnail","hentry","category-nacionales","tag-nacionales"],"_links":{"self":[{"href":"https:\/\/elmetropolitano.com.gt\/es\/wp-json\/wp\/v2\/posts\/73086","targetHints":{"allow":["GET"]}}],"collection":[{"href":"https:\/\/elmetropolitano.com.gt\/es\/wp-json\/wp\/v2\/posts"}],"about":[{"href":"https:\/\/elmetropolitano.com.gt\/es\/wp-json\/wp\/v2\/types\/post"}],"author":[{"embeddable":true,"href":"https:\/\/elmetropolitano.com.gt\/es\/wp-json\/wp\/v2\/users\/1"}],"replies":[{"embeddable":true,"href":"https:\/\/elmetropolitano.com.gt\/es\/wp-json\/wp\/v2\/comments?post=73086"}],"version-history":[{"count":1,"href":"https:\/\/elmetropolitano.com.gt\/es\/wp-json\/wp\/v2\/posts\/73086\/revisions"}],"predecessor-version":[{"id":73090,"href":"https:\/\/elmetropolitano.com.gt\/es\/wp-json\/wp\/v2\/posts\/73086\/revisions\/73090"}],"wp:featuredmedia":[{"embeddable":true,"href":"https:\/\/elmetropolitano.com.gt\/es\/wp-json\/wp\/v2\/media\/73087"}],"wp:attachment":[{"href":"https:\/\/elmetropolitano.com.gt\/es\/wp-json\/wp\/v2\/media?parent=73086"}],"wp:term":[{"taxonomy":"category","embeddable":true,"href":"https:\/\/elmetropolitano.com.gt\/es\/wp-json\/wp\/v2\/categories?post=73086"},{"taxonomy":"post_tag","embeddable":true,"href":"https:\/\/elmetropolitano.com.gt\/es\/wp-json\/wp\/v2\/tags?post=73086"}],"curies":[{"name":"wp","href":"https:\/\/api.w.org\/{rel}","templated":true}]}}