{"id":73099,"date":"2023-09-30T21:28:52","date_gmt":"2023-10-01T03:28:52","guid":{"rendered":"https:\/\/elmetropolitano.com.gt\/es\/?p=73099"},"modified":"2023-09-30T21:28:52","modified_gmt":"2023-10-01T03:28:52","slug":"fundesa-pide-al-organismo-judicial-detener-los-actos-ilegales-del-mp","status":"publish","type":"post","link":"https:\/\/elmetropolitano.com.gt\/es\/fundesa-pide-al-organismo-judicial-detener-los-actos-ilegales-del-mp\/","title":{"rendered":"Fundesa pide al Organismo Judicial detener los \u201c actos ilegales\u201d del MP"},"content":{"rendered":"\n<p>La Fundaci\u00f3n para el Desarrollo de Guatemala, Fundesa, hizo un llamado este s\u00e1bado al Organismo Judicial para detener los \u201cactos ilegales\u201d que est\u00e1 realizando el Ministerio P\u00fablico MP y certif\u00edque lo conducente<\/p>\n\n\n\n<p>Fundesa en un comunicado de prensa expresa \u201csu en\u00e9rgico rechazo a los atropellos y el abuso de autoridad que viene cometiendo el Ministerio P\u00fablico, recordando que el Tribunal Supremo Electoral ya <a><\/a>ha oficializado debidamente los resultados de las elecciones generales 2023, por lo que todas las autoridades electas deber\u00e1n asumir el 14 de enero, incluyendo el Presidente electo, Dr. Bernardo Ar\u00e9valo y la Vicepresidenta electa, Dra. Karin Herrera\u201d<\/p><div class=\"elmet-contenido\" id=\"elmet-1619533948\"><div class=\"elmet-adlabel\">Anuncios<\/div><div style=\"margin-top: 20px;margin-right: 20px;margin-bottom: 20px;margin-left: 20px;\" id=\"elmet-2956104847\"><a href=\"https:\/\/www.facebook.com\/arrincuanantigua\/\" aria-label=\"cintillo-arrin-cual\"><img loading=\"lazy\" decoding=\"async\" src=\"https:\/\/elmetropolitano.com.gt\/es\/wp-content\/uploads\/2021\/11\/cintillo-arrin-cual-1.jpg\" alt=\"\"  srcset=\"https:\/\/elmetropolitano.com.gt\/es\/wp-content\/uploads\/2021\/11\/cintillo-arrin-cual-1.jpg 750w, https:\/\/elmetropolitano.com.gt\/es\/wp-content\/uploads\/2021\/11\/cintillo-arrin-cual-1-300x36.jpg 300w, https:\/\/elmetropolitano.com.gt\/es\/wp-content\/uploads\/2021\/11\/cintillo-arrin-cual-1-600x72.jpg 600w\" sizes=\"(max-width: 750px) 100vw, 750px\" width=\"750\" height=\"90\"   \/><\/a><\/div><\/div>\n\n\n\n<p>Adem\u00e1s Fundesa hace un llamado urgente al \u201cOrganismo Judicial para detener los actos ilegales que el Ministerio P\u00fablico est\u00e1 realizando y que se certifique lo conducente\u201d<\/p>\n\n\n\n<p>A todos los organismos e instituciones del Estado, \u201cles solicitamos no ser c\u00f3mplices de acciones que socaven nuestra institucionalidad democr\u00e1tica, a la vez de apegarse al estricto cumplimiento de la ley y al estado de derecho\u201d indican<\/p>\n\n\n\n<p><a href=\"https:\/\/www.facebook.com\/hashtag\/crisispolitica?__eep__=6&amp;__cft__[0]=AZXgrMt5v1pFEEcfZZMw6alrgtH-44WfPd6LUlnUovNP26ZHpFzs2TGsl6ixHaeR_WnMJpYaSR909MUvkHuiLQTxZEV6RL-2UBF8RHyaHkshqX_1VX0NCbi6n8cODwlNxfJOasN2BBcONKZZ-mXFvugMbzGJsI_5QIO-FWT4HFBdOg73_pzFMS6OImiZu1eMZsA&amp;__tn__=*NK-R\">#crisispolitica<\/a><a href=\"https:\/\/www.facebook.com\/hashtag\/fundesa?__eep__=6&amp;__cft__[0]=AZXgrMt5v1pFEEcfZZMw6alrgtH-44WfPd6LUlnUovNP26ZHpFzs2TGsl6ixHaeR_WnMJpYaSR909MUvkHuiLQTxZEV6RL-2UBF8RHyaHkshqX_1VX0NCbi6n8cODwlNxfJOasN2BBcONKZZ-mXFvugMbzGJsI_5QIO-FWT4HFBdOg73_pzFMS6OImiZu1eMZsA&amp;__tn__=*NK-R\">#Fundesa<\/a><a href=\"https:\/\/www.facebook.com\/hashtag\/metroredes?__eep__=6&amp;__cft__[0]=AZXgrMt5v1pFEEcfZZMw6alrgtH-44WfPd6LUlnUovNP26ZHpFzs2TGsl6ixHaeR_WnMJpYaSR909MUvkHuiLQTxZEV6RL-2UBF8RHyaHkshqX_1VX0NCbi6n8cODwlNxfJOasN2BBcONKZZ-mXFvugMbzGJsI_5QIO-FWT4HFBdOg73_pzFMS6OImiZu1eMZsA&amp;__tn__=*NK-R\">#metroredes<\/a><\/p>\n\n\n\n<p><a href=\"https:\/\/www.facebook.com\/hashtag\/tseguatemala?__eep__=6&amp;__cft__[0]=AZXgrMt5v1pFEEcfZZMw6alrgtH-44WfPd6LUlnUovNP26ZHpFzs2TGsl6ixHaeR_WnMJpYaSR909MUvkHuiLQTxZEV6RL-2UBF8RHyaHkshqX_1VX0NCbi6n8cODwlNxfJOasN2BBcONKZZ-mXFvugMbzGJsI_5QIO-FWT4HFBdOg73_pzFMS6OImiZu1eMZsA&amp;__tn__=*NK-R\">#TSEGuatemala<\/a><\/p>\n\n\n\n<figure class=\"wp-block-gallery has-nested-images columns-default is-cropped wp-block-gallery-1 is-layout-flex wp-block-gallery-is-layout-flex\">\n<figure class=\"wp-block-image size-large\"><img loading=\"lazy\" decoding=\"async\" width=\"719\" height=\"1024\" data-id=\"73101\" src=\"https:\/\/elmetropolitano.com.gt\/es\/wp-content\/uploads\/2023\/09\/385263718_791932759599476_5213621925566277172_n-1-719x1024.jpg\" alt=\"\" class=\"wp-image-73101\" srcset=\"https:\/\/elmetropolitano.com.gt\/es\/wp-content\/uploads\/2023\/09\/385263718_791932759599476_5213621925566277172_n-1-719x1024.jpg 719w, https:\/\/elmetropolitano.com.gt\/es\/wp-content\/uploads\/2023\/09\/385263718_791932759599476_5213621925566277172_n-1-211x300.jpg 211w, https:\/\/elmetropolitano.com.gt\/es\/wp-content\/uploads\/2023\/09\/385263718_791932759599476_5213621925566277172_n-1-768x1094.jpg 768w, https:\/\/elmetropolitano.com.gt\/es\/wp-content\/uploads\/2023\/09\/385263718_791932759599476_5213621925566277172_n-1-1079x1536.jpg 1079w, https:\/\/elmetropolitano.com.gt\/es\/wp-content\/uploads\/2023\/09\/385263718_791932759599476_5213621925566277172_n-1-600x854.jpg 600w, https:\/\/elmetropolitano.com.gt\/es\/wp-content\/uploads\/2023\/09\/385263718_791932759599476_5213621925566277172_n-1.jpg 1243w\" sizes=\"auto, (max-width: 719px) 100vw, 719px\" \/><\/figure>\n<\/figure>\n","protected":false},"excerpt":{"rendered":"<p>La Fundaci\u00f3n para el Desarrollo de Guatemala, Fundesa, hizo un llamado este s\u00e1bado al Organismo Judicial para detener los \u201cactos ilegales\u201d que est\u00e1 realizando el Ministerio P\u00fablico MP y certif\u00edque lo conducente Fundesa en un comunicado de prensa expresa \u201csu en\u00e9rgico rechazo a los atropellos y el abuso de autoridad que viene cometiendo el Ministerio <a class=\"read-more\" href=\"https:\/\/elmetropolitano.com.gt\/es\/fundesa-pide-al-organismo-judicial-detener-los-actos-ilegales-del-mp\/\">Leer m\u00e1s<\/a><\/p>\n","protected":false},"author":1,"featured_media":73100,"comment_status":"open","ping_status":"closed","sticky":false,"template":"","format":"standard","meta":{"footnotes":""},"categories":[2],"tags":[12],"class_list":["post-73099","post","type-post","status-publish","format-standard","has-post-thumbnail","hentry","category-nacionales","tag-nacionales"],"_links":{"self":[{"href":"https:\/\/elmetropolitano.com.gt\/es\/wp-json\/wp\/v2\/posts\/73099","targetHints":{"allow":["GET"]}}],"collection":[{"href":"https:\/\/elmetropolitano.com.gt\/es\/wp-json\/wp\/v2\/posts"}],"about":[{"href":"https:\/\/elmetropolitano.com.gt\/es\/wp-json\/wp\/v2\/types\/post"}],"author":[{"embeddable":true,"href":"https:\/\/elmetropolitano.com.gt\/es\/wp-json\/wp\/v2\/users\/1"}],"replies":[{"embeddable":true,"href":"https:\/\/elmetropolitano.com.gt\/es\/wp-json\/wp\/v2\/comments?post=73099"}],"version-history":[{"count":1,"href":"https:\/\/elmetropolitano.com.gt\/es\/wp-json\/wp\/v2\/posts\/73099\/revisions"}],"predecessor-version":[{"id":73102,"href":"https:\/\/elmetropolitano.com.gt\/es\/wp-json\/wp\/v2\/posts\/73099\/revisions\/73102"}],"wp:featuredmedia":[{"embeddable":true,"href":"https:\/\/elmetropolitano.com.gt\/es\/wp-json\/wp\/v2\/media\/73100"}],"wp:attachment":[{"href":"https:\/\/elmetropolitano.com.gt\/es\/wp-json\/wp\/v2\/media?parent=73099"}],"wp:term":[{"taxonomy":"category","embeddable":true,"href":"https:\/\/elmetropolitano.com.gt\/es\/wp-json\/wp\/v2\/categories?post=73099"},{"taxonomy":"post_tag","embeddable":true,"href":"https:\/\/elmetropolitano.com.gt\/es\/wp-json\/wp\/v2\/tags?post=73099"}],"curies":[{"name":"wp","href":"https:\/\/api.w.org\/{rel}","templated":true}]}}