{"id":73103,"date":"2023-09-30T21:30:17","date_gmt":"2023-10-01T03:30:17","guid":{"rendered":"https:\/\/elmetropolitano.com.gt\/es\/?p=73103"},"modified":"2023-09-30T21:30:18","modified_gmt":"2023-10-01T03:30:18","slug":"obispos-se-muestras-indignados-ante-el-acoso-y-acciones-violentas-al-tse-de-parte-del-mp","status":"publish","type":"post","link":"https:\/\/elmetropolitano.com.gt\/es\/obispos-se-muestras-indignados-ante-el-acoso-y-acciones-violentas-al-tse-de-parte-del-mp\/","title":{"rendered":"Obispos se muestras \u201cindignados\u201d ante el acoso y acciones violentas al TSE de parte del MP"},"content":{"rendered":"\n<p>Los Obispos de Guatemala aglutinados en la Conferencia Episcopal de Guatemala CEG por medio de un pronunciamiento pidieron la tarde de este s\u00e1bado a la Corte de Constitucionalidad que deje de \u201cpr\u00e1cticas retardar\u00edas\u201d y se pronuncie de oficio sobre la crisis pol\u00edtica que atraviesa el pa\u00eds por las acciones del Ministerio P\u00fablico<\/p>\n\n\n\n<p>\u201c En estas horas, las m\u00e1s dif\u00edciles desde hace treinta a\u00f1os en <a><\/a>Guatemala, en que el estado de derecho est\u00e1 siendo subvertido, los Obispos de Guatemala manifestamos nuestra indignaci\u00f3n ante el acoso y acciones violentas recibidos por el Tribunal Supremo Electoral provocados por otro organismo del estado, el Ministerio P\u00fablico\u201dexpresan los obispos<\/p><div class=\"elmet-contenido\" id=\"elmet-2840779454\"><div class=\"elmet-adlabel\">Anuncios<\/div><div style=\"margin-top: 20px;margin-right: 20px;margin-bottom: 20px;margin-left: 20px;\" id=\"elmet-3079010435\"><a href=\"https:\/\/www.facebook.com\/arrincuanantigua\/\" aria-label=\"cintillo-arrin-cual\"><img loading=\"lazy\" decoding=\"async\" src=\"https:\/\/elmetropolitano.com.gt\/es\/wp-content\/uploads\/2021\/11\/cintillo-arrin-cual-1.jpg\" alt=\"\"  srcset=\"https:\/\/elmetropolitano.com.gt\/es\/wp-content\/uploads\/2021\/11\/cintillo-arrin-cual-1.jpg 750w, https:\/\/elmetropolitano.com.gt\/es\/wp-content\/uploads\/2021\/11\/cintillo-arrin-cual-1-300x36.jpg 300w, https:\/\/elmetropolitano.com.gt\/es\/wp-content\/uploads\/2021\/11\/cintillo-arrin-cual-1-600x72.jpg 600w\" sizes=\"(max-width: 750px) 100vw, 750px\" width=\"750\" height=\"90\"   \/><\/a><\/div><\/div>\n\n\n\n<p>Agregando la CEG que \u201cCreemos que el Estado de derecho es el sost\u00e9n fundamental de la democracia republicana, a partir de la estricta separaci\u00f3n de poderes\u201d<\/p>\n\n\n\n<p>\u201cLlamamos a la corte suprema de justicia y otras autoridades a que ejerzan sus responsabilidades y tambi\u00e9n a quienes les corresponda que asuman la responsabilidad de<\/p>\n\n\n\n<p>sus abusos\u201d<\/p>\n\n\n\n<p>Los obispos demandan de la Corte de Constitucionalidad que cumpla con urgencia su funci\u00f3n principal, al margen de pr\u00e1cticas retardarias, y se pronuncie de oficio sobre la situaci\u00f3n de extrema vulneraci\u00f3n al marco constitucional.<\/p>\n\n\n\n<p>\u201cEs la Corte de Constitucionalidad la responsable de defender la Constituci\u00f3n, si no lo hace, ella ser\u00e1 la responsable del deterioro irreversible del estado de derecho en el pa\u00eds.<\/p>\n\n\n\n<p>6. Valoramos que toda esta situaci\u00f3n sea conocida por la opini\u00f3n internacional y que apoye el respeto a la democracia, que no es injerencia en asuntos internos\u201d enfatiza el l pronunciamiento de la conferencia Episcopal de Guatemala<\/p>\n\n\n\n<p>\u201c Pedimos a Dios Todopoderoso que proteja a Guatemala, que proteja su democracia y que proteja su legalidad; que en estas horas amargas nos gu\u00ede para salir adelante como pa\u00eds, en democracia y en libertad; exhortamos a todos a actuar con serenidad y cordura\u201d expresa el comunicado firmado por Rodolfo Valenzuela N\u00fa\u00f1ez<\/p>\n\n\n\n<p>Obispo de la Verapaz y<\/p>\n\n\n\n<p>Presidente de la CEG y su secretario Generla el obispo de Jutiapa Antonio Calder\u00f3n Cruz,<\/p>\n\n\n\n<p><a href=\"https:\/\/www.facebook.com\/hashtag\/crisispolitica?__eep__=6&amp;__cft__[0]=AZXzQOm8CAZlOkdjQXBqGSt9yC6-2RCibYy-nXCzbuzXyioIG4hc4qovOS-m7s_GYVncUnrUMf7yh_R3VsnBWcFmWUtpiHWALB831SOyLOuwLG7RuepMEWTrJ7Yy2qjIgPwO7oijYmSXV1HhJ7REQbl0prAD4ybVz_BKIm1n105M9AdB8MeGu5MZadLimIxQ5XM&amp;__tn__=*NK-R\">#crisispolitica<\/a><a href=\"https:\/\/www.facebook.com\/hashtag\/metroredes?__eep__=6&amp;__cft__[0]=AZXzQOm8CAZlOkdjQXBqGSt9yC6-2RCibYy-nXCzbuzXyioIG4hc4qovOS-m7s_GYVncUnrUMf7yh_R3VsnBWcFmWUtpiHWALB831SOyLOuwLG7RuepMEWTrJ7Yy2qjIgPwO7oijYmSXV1HhJ7REQbl0prAD4ybVz_BKIm1n105M9AdB8MeGu5MZadLimIxQ5XM&amp;__tn__=*NK-R\">#Metroredes<\/a><a href=\"https:\/\/www.facebook.com\/hashtag\/tseguatemala?__eep__=6&amp;__cft__[0]=AZXzQOm8CAZlOkdjQXBqGSt9yC6-2RCibYy-nXCzbuzXyioIG4hc4qovOS-m7s_GYVncUnrUMf7yh_R3VsnBWcFmWUtpiHWALB831SOyLOuwLG7RuepMEWTrJ7Yy2qjIgPwO7oijYmSXV1HhJ7REQbl0prAD4ybVz_BKIm1n105M9AdB8MeGu5MZadLimIxQ5XM&amp;__tn__=*NK-R\">#TSEGuatemala<\/a><a href=\"https:\/\/www.facebook.com\/hashtag\/conferenciaepiscopaldeguatemala?__eep__=6&amp;__cft__[0]=AZXzQOm8CAZlOkdjQXBqGSt9yC6-2RCibYy-nXCzbuzXyioIG4hc4qovOS-m7s_GYVncUnrUMf7yh_R3VsnBWcFmWUtpiHWALB831SOyLOuwLG7RuepMEWTrJ7Yy2qjIgPwO7oijYmSXV1HhJ7REQbl0prAD4ybVz_BKIm1n105M9AdB8MeGu5MZadLimIxQ5XM&amp;__tn__=*NK-R\">#conferenciaepiscopaldeguatemala<\/a><\/p>\n\n\n\n<figure class=\"wp-block-gallery has-nested-images columns-default is-cropped wp-block-gallery-1 is-layout-flex wp-block-gallery-is-layout-flex\">\n<figure class=\"wp-block-image size-large\"><img loading=\"lazy\" decoding=\"async\" width=\"854\" height=\"1024\" data-id=\"73105\" src=\"https:\/\/elmetropolitano.com.gt\/es\/wp-content\/uploads\/2023\/09\/384458357_792001066259312_1584285926451874719_n-1-854x1024.jpg\" alt=\"\" class=\"wp-image-73105\" srcset=\"https:\/\/elmetropolitano.com.gt\/es\/wp-content\/uploads\/2023\/09\/384458357_792001066259312_1584285926451874719_n-1-854x1024.jpg 854w, https:\/\/elmetropolitano.com.gt\/es\/wp-content\/uploads\/2023\/09\/384458357_792001066259312_1584285926451874719_n-1-250x300.jpg 250w, https:\/\/elmetropolitano.com.gt\/es\/wp-content\/uploads\/2023\/09\/384458357_792001066259312_1584285926451874719_n-1-768x921.jpg 768w, https:\/\/elmetropolitano.com.gt\/es\/wp-content\/uploads\/2023\/09\/384458357_792001066259312_1584285926451874719_n-1-600x720.jpg 600w, https:\/\/elmetropolitano.com.gt\/es\/wp-content\/uploads\/2023\/09\/384458357_792001066259312_1584285926451874719_n-1.jpg 1242w\" sizes=\"auto, (max-width: 854px) 100vw, 854px\" \/><\/figure>\n<\/figure>\n","protected":false},"excerpt":{"rendered":"<p>Los Obispos de Guatemala aglutinados en la Conferencia Episcopal de Guatemala CEG por medio de un pronunciamiento pidieron la tarde de este s\u00e1bado a la Corte de Constitucionalidad que deje de \u201cpr\u00e1cticas retardar\u00edas\u201d y se pronuncie de oficio sobre la crisis pol\u00edtica que atraviesa el pa\u00eds por las acciones del Ministerio P\u00fablico \u201c En estas <a class=\"read-more\" href=\"https:\/\/elmetropolitano.com.gt\/es\/obispos-se-muestras-indignados-ante-el-acoso-y-acciones-violentas-al-tse-de-parte-del-mp\/\">Leer m\u00e1s<\/a><\/p>\n","protected":false},"author":1,"featured_media":73104,"comment_status":"open","ping_status":"closed","sticky":false,"template":"","format":"standard","meta":{"footnotes":""},"categories":[2],"tags":[12],"class_list":["post-73103","post","type-post","status-publish","format-standard","has-post-thumbnail","hentry","category-nacionales","tag-nacionales"],"_links":{"self":[{"href":"https:\/\/elmetropolitano.com.gt\/es\/wp-json\/wp\/v2\/posts\/73103","targetHints":{"allow":["GET"]}}],"collection":[{"href":"https:\/\/elmetropolitano.com.gt\/es\/wp-json\/wp\/v2\/posts"}],"about":[{"href":"https:\/\/elmetropolitano.com.gt\/es\/wp-json\/wp\/v2\/types\/post"}],"author":[{"embeddable":true,"href":"https:\/\/elmetropolitano.com.gt\/es\/wp-json\/wp\/v2\/users\/1"}],"replies":[{"embeddable":true,"href":"https:\/\/elmetropolitano.com.gt\/es\/wp-json\/wp\/v2\/comments?post=73103"}],"version-history":[{"count":1,"href":"https:\/\/elmetropolitano.com.gt\/es\/wp-json\/wp\/v2\/posts\/73103\/revisions"}],"predecessor-version":[{"id":73106,"href":"https:\/\/elmetropolitano.com.gt\/es\/wp-json\/wp\/v2\/posts\/73103\/revisions\/73106"}],"wp:featuredmedia":[{"embeddable":true,"href":"https:\/\/elmetropolitano.com.gt\/es\/wp-json\/wp\/v2\/media\/73104"}],"wp:attachment":[{"href":"https:\/\/elmetropolitano.com.gt\/es\/wp-json\/wp\/v2\/media?parent=73103"}],"wp:term":[{"taxonomy":"category","embeddable":true,"href":"https:\/\/elmetropolitano.com.gt\/es\/wp-json\/wp\/v2\/categories?post=73103"},{"taxonomy":"post_tag","embeddable":true,"href":"https:\/\/elmetropolitano.com.gt\/es\/wp-json\/wp\/v2\/tags?post=73103"}],"curies":[{"name":"wp","href":"https:\/\/api.w.org\/{rel}","templated":true}]}}