{"id":73130,"date":"2023-10-01T21:27:38","date_gmt":"2023-10-02T03:27:38","guid":{"rendered":"https:\/\/elmetropolitano.com.gt\/es\/?p=73130"},"modified":"2023-10-01T21:27:40","modified_gmt":"2023-10-02T03:27:40","slug":"el-mp-dice-que-actuo-en-ley-en-allanamiento-del-tse","status":"publish","type":"post","link":"https:\/\/elmetropolitano.com.gt\/es\/el-mp-dice-que-actuo-en-ley-en-allanamiento-del-tse\/","title":{"rendered":"El MP dice que actu\u00f3 en ley en allanamiento del TSE"},"content":{"rendered":"\n<p>Por medio de un comunicado de prensa el Ministerio Publico MP al referirse a los allanamientos en la sede central del Tribunal Suoremo electoral donde secuestro actas de la primera vuelta indica que actu\u00f3 apegado a la ley<\/p>\n\n\n\n<p><a><\/a>Expresa el MP que \u201cel art\u00edculo 251 de la Ley Electoral y de Partidos Pol\u00edticos establece que los aspectos de delitos o faltas se resolver\u00e1n conforme al<\/p><div class=\"elmet-contenido\" id=\"elmet-4264586845\"><div class=\"elmet-adlabel\">Anuncios<\/div><div style=\"margin-top: 20px;margin-right: 20px;margin-bottom: 20px;margin-left: 20px;\" id=\"elmet-1255294372\"><a href=\"https:\/\/www.facebook.com\/arrincuanantigua\/\" aria-label=\"cintillo-arrin-cual\"><img loading=\"lazy\" decoding=\"async\" src=\"https:\/\/elmetropolitano.com.gt\/es\/wp-content\/uploads\/2021\/11\/cintillo-arrin-cual-1.jpg\" alt=\"\"  srcset=\"https:\/\/elmetropolitano.com.gt\/es\/wp-content\/uploads\/2021\/11\/cintillo-arrin-cual-1.jpg 750w, https:\/\/elmetropolitano.com.gt\/es\/wp-content\/uploads\/2021\/11\/cintillo-arrin-cual-1-300x36.jpg 300w, https:\/\/elmetropolitano.com.gt\/es\/wp-content\/uploads\/2021\/11\/cintillo-arrin-cual-1-600x72.jpg 600w\" sizes=\"(max-width: 750px) 100vw, 750px\" width=\"750\" height=\"90\"   \/><\/a><\/div><\/div>\n\n\n\n<p>C\u00f3digo Penal\u201d<\/p>\n\n\n\n<p>Asi tambi\u00e9n indica \u201c el art\u00edculo 187 del C\u00f3digo Procesal Penal establece que mediante orden de juez se podr\u00e1n efectuar allanamientos y en caso de ser necesario, se proceder\u00e1 al secuestro de indicios\u201d<\/p>\n\n\n\n<p>Enfatiza que \u201c Las diligencias realizadas en la sede del Tribunal Supremo Electoral, que fueron ordenadas por el juez penal concluyeron a pesar de los intentos de obstaculizar las mismas y la vulneraci\u00f3n de la reserva del caso, regulada en el art\u00edculo 314 del C\u00f3digo<\/p>\n\n\n\n<p>Procesal Penal\u201dexpresa el MP<\/p>\n\n\n\n<p>\u201c Es importante manifestar que todas las diligencias se han desarrollado con fundamento en la ley y en la Constituci\u00f3n Pol\u00edtica de la Rep\u00fablica, asi como el actuar del Ministerio P\u00fablico y buscan proteger elementos propios de las investigaciones en curso\u201d<\/p>\n\n\n\n<p>Indica el MP que \u201cTomando en cuenta que la elecci\u00f3n ya ha finalizado y los resultados constan en el acuerdo respectivo que oficializa los resultados, asegurar que se vulnera la custodia del voto es una afirmaci\u00f3n que se aleja de la realidad y de la naturaleza jur\u00eddica de la diligencia realizada\u201d<\/p>\n\n\n\n<p>\u201cEl llamado a las personas electas incluyendo diputados, alcaldes y diputados al Parlamento Centroamericano que hace medi\u00e1ticamente el Tribunal Supremo Electoral tambi\u00e9n se aleja de la naturaleza de la diligencia, que no tiene como objeto investigaciones contra un partido pol\u00edtico\u201d<\/p>\n\n\n\n<p>De esa cuenta, expresa \u201cel Ministerio P\u00fablico est\u00e1 obligado a continuar con las investigaciones de las denuncias puestas en conocimiento y su actuar se apega a la ley y a la Constituci\u00f3n Pol\u00edtica de la Rep\u00fablica, por lo que el pueblo de Guatemala puede tener la certeza que todas las investigaciones se desarrollan en el marco de la legalidad para garantizar el respeto a los derechos de las v\u00edctimas, la democracia, el debido proceso y el Estado de derecho\u201d<\/p>\n\n\n\n<p><a href=\"https:\/\/www.facebook.com\/hashtag\/crisispolitica?__eep__=6&amp;__cft__[0]=AZWQl5_MY5K1JPzGTiWEz9PKM9zkKHY_WMiZgzIzMMggaWy-SkPoNfKou4PN4k2wcT2EW0NlNKfD8lNl3bnbpKHXYqa0prw19b76Kpk5Vt08279Lj3_raCzBKWzZ8X2aFYmthxjVwuAK2iqo6Ww6rv-j8fE5kWy95YpCDAH7KHDm5DaW_F_kQ8a2hksGga-Kv08&amp;__tn__=*NK-R\">#CrisisPolitica<\/a><a href=\"https:\/\/www.facebook.com\/hashtag\/metroredes?__eep__=6&amp;__cft__[0]=AZWQl5_MY5K1JPzGTiWEz9PKM9zkKHY_WMiZgzIzMMggaWy-SkPoNfKou4PN4k2wcT2EW0NlNKfD8lNl3bnbpKHXYqa0prw19b76Kpk5Vt08279Lj3_raCzBKWzZ8X2aFYmthxjVwuAK2iqo6Ww6rv-j8fE5kWy95YpCDAH7KHDm5DaW_F_kQ8a2hksGga-Kv08&amp;__tn__=*NK-R\">#metroredes<\/a><a href=\"https:\/\/www.facebook.com\/hashtag\/mpguatemala?__eep__=6&amp;__cft__[0]=AZWQl5_MY5K1JPzGTiWEz9PKM9zkKHY_WMiZgzIzMMggaWy-SkPoNfKou4PN4k2wcT2EW0NlNKfD8lNl3bnbpKHXYqa0prw19b76Kpk5Vt08279Lj3_raCzBKWzZ8X2aFYmthxjVwuAK2iqo6Ww6rv-j8fE5kWy95YpCDAH7KHDm5DaW_F_kQ8a2hksGga-Kv08&amp;__tn__=*NK-R\">#MPGuatemala<\/a><\/p>\n\n\n\n<figure class=\"wp-block-gallery has-nested-images columns-default is-cropped wp-block-gallery-1 is-layout-flex wp-block-gallery-is-layout-flex\">\n<figure class=\"wp-block-image size-large\"><img loading=\"lazy\" decoding=\"async\" width=\"829\" height=\"437\" data-id=\"73132\" src=\"https:\/\/elmetropolitano.com.gt\/es\/wp-content\/uploads\/2023\/10\/382994507_792487312877354_3299003416315031134_n.jpg\" alt=\"\" class=\"wp-image-73132\" srcset=\"https:\/\/elmetropolitano.com.gt\/es\/wp-content\/uploads\/2023\/10\/382994507_792487312877354_3299003416315031134_n.jpg 829w, https:\/\/elmetropolitano.com.gt\/es\/wp-content\/uploads\/2023\/10\/382994507_792487312877354_3299003416315031134_n-300x158.jpg 300w, https:\/\/elmetropolitano.com.gt\/es\/wp-content\/uploads\/2023\/10\/382994507_792487312877354_3299003416315031134_n-768x405.jpg 768w, https:\/\/elmetropolitano.com.gt\/es\/wp-content\/uploads\/2023\/10\/382994507_792487312877354_3299003416315031134_n-600x316.jpg 600w\" sizes=\"auto, (max-width: 829px) 100vw, 829px\" \/><\/figure>\n\n\n\n<figure class=\"wp-block-image size-large\"><img loading=\"lazy\" decoding=\"async\" width=\"829\" height=\"467\" data-id=\"73133\" src=\"https:\/\/elmetropolitano.com.gt\/es\/wp-content\/uploads\/2023\/10\/385295013_792487266210692_5935361694122073234_n.jpg\" alt=\"\" class=\"wp-image-73133\" srcset=\"https:\/\/elmetropolitano.com.gt\/es\/wp-content\/uploads\/2023\/10\/385295013_792487266210692_5935361694122073234_n.jpg 829w, https:\/\/elmetropolitano.com.gt\/es\/wp-content\/uploads\/2023\/10\/385295013_792487266210692_5935361694122073234_n-300x169.jpg 300w, https:\/\/elmetropolitano.com.gt\/es\/wp-content\/uploads\/2023\/10\/385295013_792487266210692_5935361694122073234_n-768x433.jpg 768w, https:\/\/elmetropolitano.com.gt\/es\/wp-content\/uploads\/2023\/10\/385295013_792487266210692_5935361694122073234_n-600x338.jpg 600w\" sizes=\"auto, (max-width: 829px) 100vw, 829px\" \/><\/figure>\n<\/figure>\n","protected":false},"excerpt":{"rendered":"<p>Por medio de un comunicado de prensa el Ministerio Publico MP al referirse a los allanamientos en la sede central del Tribunal Suoremo electoral donde secuestro actas de la primera vuelta indica que actu\u00f3 apegado a la ley Expresa el MP que \u201cel art\u00edculo 251 de la Ley Electoral y de Partidos Pol\u00edticos establece que <a class=\"read-more\" href=\"https:\/\/elmetropolitano.com.gt\/es\/el-mp-dice-que-actuo-en-ley-en-allanamiento-del-tse\/\">Leer m\u00e1s<\/a><\/p>\n","protected":false},"author":1,"featured_media":73131,"comment_status":"open","ping_status":"closed","sticky":false,"template":"","format":"standard","meta":{"footnotes":""},"categories":[2],"tags":[12],"class_list":["post-73130","post","type-post","status-publish","format-standard","has-post-thumbnail","hentry","category-nacionales","tag-nacionales"],"_links":{"self":[{"href":"https:\/\/elmetropolitano.com.gt\/es\/wp-json\/wp\/v2\/posts\/73130","targetHints":{"allow":["GET"]}}],"collection":[{"href":"https:\/\/elmetropolitano.com.gt\/es\/wp-json\/wp\/v2\/posts"}],"about":[{"href":"https:\/\/elmetropolitano.com.gt\/es\/wp-json\/wp\/v2\/types\/post"}],"author":[{"embeddable":true,"href":"https:\/\/elmetropolitano.com.gt\/es\/wp-json\/wp\/v2\/users\/1"}],"replies":[{"embeddable":true,"href":"https:\/\/elmetropolitano.com.gt\/es\/wp-json\/wp\/v2\/comments?post=73130"}],"version-history":[{"count":1,"href":"https:\/\/elmetropolitano.com.gt\/es\/wp-json\/wp\/v2\/posts\/73130\/revisions"}],"predecessor-version":[{"id":73134,"href":"https:\/\/elmetropolitano.com.gt\/es\/wp-json\/wp\/v2\/posts\/73130\/revisions\/73134"}],"wp:featuredmedia":[{"embeddable":true,"href":"https:\/\/elmetropolitano.com.gt\/es\/wp-json\/wp\/v2\/media\/73131"}],"wp:attachment":[{"href":"https:\/\/elmetropolitano.com.gt\/es\/wp-json\/wp\/v2\/media?parent=73130"}],"wp:term":[{"taxonomy":"category","embeddable":true,"href":"https:\/\/elmetropolitano.com.gt\/es\/wp-json\/wp\/v2\/categories?post=73130"},{"taxonomy":"post_tag","embeddable":true,"href":"https:\/\/elmetropolitano.com.gt\/es\/wp-json\/wp\/v2\/tags?post=73130"}],"curies":[{"name":"wp","href":"https:\/\/api.w.org\/{rel}","templated":true}]}}