{"id":73135,"date":"2023-10-01T21:29:07","date_gmt":"2023-10-02T03:29:07","guid":{"rendered":"https:\/\/elmetropolitano.com.gt\/es\/?p=73135"},"modified":"2023-10-01T21:29:11","modified_gmt":"2023-10-02T03:29:11","slug":"cabal-se-declara-en-sesion-permanente-ante-crisis-politica-provocada-por-el-mp","status":"publish","type":"post","link":"https:\/\/elmetropolitano.com.gt\/es\/cabal-se-declara-en-sesion-permanente-ante-crisis-politica-provocada-por-el-mp\/","title":{"rendered":"CABAL se declara en sesi\u00f3n permanente ante crisis pol\u00edtica provocada por el MP"},"content":{"rendered":"\n<p>El Partido Pol\u00edtico Cabal que dirige Edmont Mulet ante la crisis pol\u00edtica promovida por el Ministerio Public\u00f3 MP se a declarado la noche de este domingo en sesi\u00f3n Permanente y exige a los magistrados de la Corte de Constitucionalidad CC que resuelva los recursos pendientes.<\/p>\n\n\n\n<p>\u201cGuatemala transita por una etapa compleja en la que se pone a prueba la fortaleza y solidez de sus instituciones\u201d expresa el <a><\/a>comit\u00e9 ejecutivo de Cabal<\/p><div class=\"elmet-contenido\" id=\"elmet-2808450778\"><div class=\"elmet-adlabel\">Anuncios<\/div><div style=\"margin-top: 20px;margin-right: 20px;margin-bottom: 20px;margin-left: 20px;\" id=\"elmet-1262342026\"><a href=\"https:\/\/www.facebook.com\/arrincuanantigua\/\" aria-label=\"cintillo-arrin-cual\"><img loading=\"lazy\" decoding=\"async\" src=\"https:\/\/elmetropolitano.com.gt\/es\/wp-content\/uploads\/2021\/11\/cintillo-arrin-cual-1.jpg\" alt=\"\"  srcset=\"https:\/\/elmetropolitano.com.gt\/es\/wp-content\/uploads\/2021\/11\/cintillo-arrin-cual-1.jpg 750w, https:\/\/elmetropolitano.com.gt\/es\/wp-content\/uploads\/2021\/11\/cintillo-arrin-cual-1-300x36.jpg 300w, https:\/\/elmetropolitano.com.gt\/es\/wp-content\/uploads\/2021\/11\/cintillo-arrin-cual-1-600x72.jpg 600w\" sizes=\"(max-width: 750px) 100vw, 750px\" width=\"750\" height=\"90\"   \/><\/a><\/div><\/div>\n\n\n\n<p>\u201cEl inter\u00e9s nacional va m\u00e1s all\u00e1 de la defensa de cualquier persona o posici\u00f3n pol\u00edtico-partidaria\u201d<\/p>\n\n\n\n<p>Enfatiza Cabal que \u201cuna de las razones del conflicto interinstitucional es la falta de claridad sobre las competencias y jurisdicciones\u201d<\/p>\n\n\n\n<p>Ante ext Cabal exige \u201c que la Corte de Constitucionalidad resuelva con claridad y contundencia los recursos pendientes que deber\u00e1n definir esas \u00e1reas\u201d<\/p>\n\n\n\n<p>\u201cLa poblaci\u00f3n expres\u00f3 su voluntad en las urnas y el resultado en la elecci\u00f3n ya fue oficializado. Todas las autoridades electas deben tomar posesi\u00f3n el 14 y 15 de enero como estipula la ley\u201d<\/p>\n\n\n\n<p>\u201cEn CABAL nos declaramos en sesi\u00f3n permanente y estaremos atentos a defender los principios consagrados en la Constituci\u00f3n Pol\u00edtica de la Rep\u00fablica de Guatemala\u201d<\/p>\n\n\n\n<p><a href=\"https:\/\/www.facebook.com\/hashtag\/crisispolitica?__eep__=6&amp;__cft__[0]=AZU-8VjFm_K3FzQ_0SorrWCaB41RF8jjCH1HdaqQYjFhg3ksD8Glnz74D9RMH2ptR9EkKgX1SZuWutNZcvJ3JpmQnJaKg3ueKYK_QuB_jJ8R9g1mRlrvj_l5P-bztmZMvdobh1XrIQhicR2MSSFgQLIoXtA7fxOaQu_Lt1fUUywLW9rZtpl3FxQYPhgR1PSYjaI&amp;__tn__=*NK-R\">#crisispolitica<\/a><a href=\"https:\/\/www.facebook.com\/hashtag\/cabal?__eep__=6&amp;__cft__[0]=AZU-8VjFm_K3FzQ_0SorrWCaB41RF8jjCH1HdaqQYjFhg3ksD8Glnz74D9RMH2ptR9EkKgX1SZuWutNZcvJ3JpmQnJaKg3ueKYK_QuB_jJ8R9g1mRlrvj_l5P-bztmZMvdobh1XrIQhicR2MSSFgQLIoXtA7fxOaQu_Lt1fUUywLW9rZtpl3FxQYPhgR1PSYjaI&amp;__tn__=*NK-R\">#CABAL<\/a><a href=\"https:\/\/www.facebook.com\/hashtag\/edmondmulet?__eep__=6&amp;__cft__[0]=AZU-8VjFm_K3FzQ_0SorrWCaB41RF8jjCH1HdaqQYjFhg3ksD8Glnz74D9RMH2ptR9EkKgX1SZuWutNZcvJ3JpmQnJaKg3ueKYK_QuB_jJ8R9g1mRlrvj_l5P-bztmZMvdobh1XrIQhicR2MSSFgQLIoXtA7fxOaQu_Lt1fUUywLW9rZtpl3FxQYPhgR1PSYjaI&amp;__tn__=*NK-R\">#EdmondMulet<\/a><\/p>\n\n\n\n<figure class=\"wp-block-gallery has-nested-images columns-default is-cropped wp-block-gallery-1 is-layout-flex wp-block-gallery-is-layout-flex\">\n<figure class=\"wp-block-image size-large\"><img loading=\"lazy\" decoding=\"async\" width=\"724\" height=\"1024\" data-id=\"73137\" src=\"https:\/\/elmetropolitano.com.gt\/es\/wp-content\/uploads\/2023\/10\/382597789_792642002861885_1030679717129681019_n-1-724x1024.jpg\" alt=\"\" class=\"wp-image-73137\" srcset=\"https:\/\/elmetropolitano.com.gt\/es\/wp-content\/uploads\/2023\/10\/382597789_792642002861885_1030679717129681019_n-1-724x1024.jpg 724w, https:\/\/elmetropolitano.com.gt\/es\/wp-content\/uploads\/2023\/10\/382597789_792642002861885_1030679717129681019_n-1-212x300.jpg 212w, https:\/\/elmetropolitano.com.gt\/es\/wp-content\/uploads\/2023\/10\/382597789_792642002861885_1030679717129681019_n-1-768x1086.jpg 768w, https:\/\/elmetropolitano.com.gt\/es\/wp-content\/uploads\/2023\/10\/382597789_792642002861885_1030679717129681019_n-1-1086x1536.jpg 1086w, https:\/\/elmetropolitano.com.gt\/es\/wp-content\/uploads\/2023\/10\/382597789_792642002861885_1030679717129681019_n-1-600x849.jpg 600w, https:\/\/elmetropolitano.com.gt\/es\/wp-content\/uploads\/2023\/10\/382597789_792642002861885_1030679717129681019_n-1.jpg 1131w\" sizes=\"auto, (max-width: 724px) 100vw, 724px\" \/><\/figure>\n<\/figure>\n","protected":false},"excerpt":{"rendered":"<p>El Partido Pol\u00edtico Cabal que dirige Edmont Mulet ante la crisis pol\u00edtica promovida por el Ministerio Public\u00f3 MP se a declarado la noche de este domingo en sesi\u00f3n Permanente y exige a los magistrados de la Corte de Constitucionalidad CC que resuelva los recursos pendientes. \u201cGuatemala transita por una etapa compleja en la que se <a class=\"read-more\" href=\"https:\/\/elmetropolitano.com.gt\/es\/cabal-se-declara-en-sesion-permanente-ante-crisis-politica-provocada-por-el-mp\/\">Leer m\u00e1s<\/a><\/p>\n","protected":false},"author":1,"featured_media":73136,"comment_status":"open","ping_status":"closed","sticky":false,"template":"","format":"standard","meta":{"footnotes":""},"categories":[2],"tags":[12],"class_list":["post-73135","post","type-post","status-publish","format-standard","has-post-thumbnail","hentry","category-nacionales","tag-nacionales"],"_links":{"self":[{"href":"https:\/\/elmetropolitano.com.gt\/es\/wp-json\/wp\/v2\/posts\/73135","targetHints":{"allow":["GET"]}}],"collection":[{"href":"https:\/\/elmetropolitano.com.gt\/es\/wp-json\/wp\/v2\/posts"}],"about":[{"href":"https:\/\/elmetropolitano.com.gt\/es\/wp-json\/wp\/v2\/types\/post"}],"author":[{"embeddable":true,"href":"https:\/\/elmetropolitano.com.gt\/es\/wp-json\/wp\/v2\/users\/1"}],"replies":[{"embeddable":true,"href":"https:\/\/elmetropolitano.com.gt\/es\/wp-json\/wp\/v2\/comments?post=73135"}],"version-history":[{"count":1,"href":"https:\/\/elmetropolitano.com.gt\/es\/wp-json\/wp\/v2\/posts\/73135\/revisions"}],"predecessor-version":[{"id":73138,"href":"https:\/\/elmetropolitano.com.gt\/es\/wp-json\/wp\/v2\/posts\/73135\/revisions\/73138"}],"wp:featuredmedia":[{"embeddable":true,"href":"https:\/\/elmetropolitano.com.gt\/es\/wp-json\/wp\/v2\/media\/73136"}],"wp:attachment":[{"href":"https:\/\/elmetropolitano.com.gt\/es\/wp-json\/wp\/v2\/media?parent=73135"}],"wp:term":[{"taxonomy":"category","embeddable":true,"href":"https:\/\/elmetropolitano.com.gt\/es\/wp-json\/wp\/v2\/categories?post=73135"},{"taxonomy":"post_tag","embeddable":true,"href":"https:\/\/elmetropolitano.com.gt\/es\/wp-json\/wp\/v2\/tags?post=73135"}],"curies":[{"name":"wp","href":"https:\/\/api.w.org\/{rel}","templated":true}]}}