{"id":73139,"date":"2023-10-01T22:38:40","date_gmt":"2023-10-02T04:38:40","guid":{"rendered":"https:\/\/elmetropolitano.com.gt\/es\/?p=73139"},"modified":"2023-10-01T22:38:41","modified_gmt":"2023-10-02T04:38:41","slug":"se-avizora-un-paro-con-fuerza-ciudadana-a-nivel-nacional","status":"publish","type":"post","link":"https:\/\/elmetropolitano.com.gt\/es\/se-avizora-un-paro-con-fuerza-ciudadana-a-nivel-nacional\/","title":{"rendered":"Se avizora un paro con fuerza ciudadana a nivel nacional"},"content":{"rendered":"\n<p>Luego de los allanamientos y el secuestro de las actas por parte de fiscales del Ministerio P\u00fablico, MP, de las pasadas elecciones del 25 de junio y el 20 de agosto, sectores nacionales e internacionales alzan la voz y en el caso de Guatemala anuncian paro nacional a partir las 5:30 de la ma\u00f1ana.<\/p>\n\n\n\n<p>M\u00e1s de 10 departamentos se unen al paro nacional y el caso del sector ind\u00edgena que incluye a los 48 cantones de Totonicap\u00e1n y los 90 cantones de Chichicastenango, estos \u00faltimos que ellos mismos dicen jam\u00e1s hab\u00edan participado en algo as\u00ed, pero ante las atrocidades del MP y la indignaci\u00f3n nacional internacional, se\u00f1alan que no se pueden quedar callados, seg\u00fan lo expresaron analistas pol\u00edticos.<\/p><div class=\"elmet-contenido\" id=\"elmet-3168317452\"><div class=\"elmet-adlabel\">Anuncios<\/div><div style=\"margin-top: 20px;margin-right: 20px;margin-bottom: 20px;margin-left: 20px;\" id=\"elmet-4247302414\"><a href=\"https:\/\/www.facebook.com\/arrincuanantigua\/\" aria-label=\"cintillo-arrin-cual\"><img loading=\"lazy\" decoding=\"async\" src=\"https:\/\/elmetropolitano.com.gt\/es\/wp-content\/uploads\/2021\/11\/cintillo-arrin-cual-1.jpg\" alt=\"\"  srcset=\"https:\/\/elmetropolitano.com.gt\/es\/wp-content\/uploads\/2021\/11\/cintillo-arrin-cual-1.jpg 750w, https:\/\/elmetropolitano.com.gt\/es\/wp-content\/uploads\/2021\/11\/cintillo-arrin-cual-1-300x36.jpg 300w, https:\/\/elmetropolitano.com.gt\/es\/wp-content\/uploads\/2021\/11\/cintillo-arrin-cual-1-600x72.jpg 600w\" sizes=\"(max-width: 750px) 100vw, 750px\" width=\"750\" height=\"90\"   \/><\/a><\/div><\/div>\n\n\n\n<p>Expertos se\u00f1alan que mientras el mismo pueblo se levanta para defender la democracia, la Corte de Constitucionalidad ya se uni\u00f3n tambi\u00e9n a los grupos oscuros y en lugar de dar un amparo provisional mientras resuelve la Corte Suprema de Justicia, se lavan las manos y se hacen a\u00fan lado dejando que las leyes y la constituci\u00f3n sean manoseados a sabor y antojo de los enemigos de la democracia.<\/p>\n\n\n\n<p>Dirigentes ind\u00edgenas se\u00f1alaron que el MP ya abus\u00f3 totalmente de la autoridad y pisotea las leyes, la constituci\u00f3n y ya es hora de que la poblaci\u00f3n se levante para defender la democracia y las elecciones reci\u00e9n pasadas, pues ya el pueblo eligi\u00f3 y no es posible que un peque\u00f1o grupo quiera desbaratar la decisi\u00f3n de todo un pueblo.<\/p>\n\n\n\n<p>De las agrupaciones pol\u00edticas por el momento solo el partido Cabal se declar\u00f3 en sesi\u00f3n permanente, de igual manera de las universidades solo la Land\u00edvar han levantado la voz para exigir que se respete la voluntad popular y detener los abusos del MP.<\/p>\n\n\n\n<p>Las canciller\u00edas de Costa Rica Pa\u00edses de Costa Rica, Panam\u00e1, Ecuador, miembros de la Alianza para el Desarrollo de la Democracia, expresaron su preocupaci\u00f3n por las intervenciones reiteradas de la Fiscal\u00eda de la Rep\u00fablica de Guatemala, las cuales van en detrimento directo de la independencia de poderes y de la clara voluntad expresada en las urnas por la ciudadan\u00eda de ese hermano pa\u00eds.<\/p>\n\n\n\n<p>Se\u00f1alan que el allanamiento y decomiso de actas electorales del d\u00eda de ayer, 30 de setiembre, representan un nuevo intento injustificado de cuestionamiento y deslegitimaci\u00f3n al proceso democr\u00e1tico electoral llevado a cabo los d\u00edas 25 de junio y 20 de agosto de 2023.<\/p>\n\n\n\n<p>Recordamos que las misiones de observaci\u00f3n electoral de la (OEA), la Uni\u00f3n Europea (UE), UNIORE, y el propio Tribunal Electoral de Guatemala, han manifestado de manera un\u00edsona que ambos comicios fueron \u00edntegros, libres y justos.<\/p>\n\n\n\n<p>En el comunicado pidieron que se respete la voluntad del pueblo guatemalteco expresada en las urnas y se garantice una transici\u00f3n pac\u00edfica que culmine con la toma de posesi\u00f3n del presidente electo, Bernardo Ar\u00e9valo. La ADD hace un llamado a las autoridades de la Rep\u00fablica de Guatemala para que cesen las acciones que atentan contra la separaci\u00f3n de poderes, el Estado de Derecho, la autonom\u00eda de la autoridad electoral y la integridad de los comicios.<\/p>\n\n\n\n<p>Paro nacional apoyado por sectores ind\u00edgenas<\/p>\n\n\n\n<p>48 Cantones:&nbsp;&nbsp; Cumbre de Alaska, Cuatro Caminos, La Morer\u00eda, Xacachavox, y salida hacia<\/p>\n\n\n\n<p>Quich\u00e9.<\/p>\n\n\n\n<p>Guatemala:&nbsp;&nbsp;&nbsp;&nbsp; Autoridades de Chuarrancho, Metronorte, zona 18<\/p>\n\n\n\n<p>Guatemala:&nbsp;&nbsp;&nbsp;&nbsp; 48 Cantones, alcald\u00eda ind\u00edgena de Solol\u00e1, entre otros, MP zona 1 y CC.<\/p>\n\n\n\n<p>Guatemala. &nbsp;&nbsp;&nbsp; Autoridades ancestrales de los pueblos ind\u00edgenas, aplicar\u00e1n sus rituales a diputados, fiscales y jueces corruptos.<\/p>\n\n\n\n<p>Quetzaltenango:&nbsp;&nbsp;&nbsp;&nbsp;&nbsp;&nbsp;&nbsp;&nbsp; Multisectorial de occidente, Centro Universitario de Occidente, CUNOC, Xela.<\/p>\n\n\n\n<p>Huehuetenango:&nbsp;&nbsp;&nbsp;&nbsp;&nbsp;&nbsp;&nbsp;&nbsp; Huehue por la Democracia, Xinacoj, ruta hacia la frontera de la Mesilla<\/p>\n\n\n\n<p>Escuintla:&nbsp;&nbsp;&nbsp;&nbsp;&nbsp;&nbsp;&nbsp;&nbsp;&nbsp;&nbsp;&nbsp;&nbsp;&nbsp;&nbsp;&nbsp;&nbsp;&nbsp;&nbsp;&nbsp; Alcald\u00eda ind\u00edgena de Pal\u00edn, se desconoce donde<\/p>\n\n\n\n<p>Chimaltenango:&nbsp;&nbsp;&nbsp;&nbsp;&nbsp;&nbsp;&nbsp;&nbsp;&nbsp; Articulaci\u00f3n de Chimaltenango, kil\u00f3metro 58 Libramiento.<\/p>\n\n\n\n<p>Sacatep\u00e9quez:&nbsp;&nbsp;&nbsp;&nbsp;&nbsp;&nbsp;&nbsp;&nbsp;&nbsp;&nbsp;&nbsp;&nbsp; Ciudadanos, Pasarela kil\u00f3metro 25 ruta Interamericana.<\/p>\n\n\n\n<p>Solol\u00e1:&nbsp;&nbsp;&nbsp;&nbsp;&nbsp;&nbsp;&nbsp;&nbsp;&nbsp;&nbsp;&nbsp;&nbsp;&nbsp;&nbsp;&nbsp;&nbsp;&nbsp;&nbsp;&nbsp;&nbsp;&nbsp;&nbsp;&nbsp;&nbsp; Alcald\u00eda ind\u00edgena de Solol\u00e1, Las Trampas, Los Encuentros, Venta del Toro, La Cuchilla y \u00e1rea urbana de Solol\u00e1.<\/p>\n\n\n\n<p>Alta Verapaz:&nbsp;&nbsp;&nbsp;&nbsp;&nbsp;&nbsp;&nbsp;&nbsp;&nbsp;&nbsp;&nbsp;&nbsp; Movimiento Pueblo Quekch\u00ed, Salida de Quiviquix, San Juli\u00e1n y salida para Guatemala.<\/p>\n\n\n\n<p>Quich\u00e9:&nbsp;&nbsp;&nbsp;&nbsp;&nbsp;&nbsp;&nbsp;&nbsp;&nbsp;&nbsp;&nbsp;&nbsp;&nbsp;&nbsp;&nbsp;&nbsp;&nbsp;&nbsp;&nbsp;&nbsp;&nbsp;&nbsp; Consejo de autoridades ancestrales de los Copanes, Franja Transversal del Norte.<\/p>\n\n\n\n<p>Chiquimula:\u00a0\u00a0\u00a0\u00a0\u00a0\u00a0\u00a0\u00a0\u00a0\u00a0\u00a0\u00a0\u00a0\u00a0\u00a0 Comunidad ind\u00edgena de San Francisco Quezaltepeque, kil\u00f3metro 196 ruta a Esquipulas.<\/p>\n\n\n\n<figure class=\"wp-block-gallery has-nested-images columns-default is-cropped wp-block-gallery-1 is-layout-flex wp-block-gallery-is-layout-flex\">\n<figure class=\"wp-block-image size-large\"><img loading=\"lazy\" decoding=\"async\" width=\"689\" height=\"1024\" data-id=\"73145\" src=\"https:\/\/elmetropolitano.com.gt\/es\/wp-content\/uploads\/2023\/10\/F7ZjZUaWEAA02JZ-1-689x1024.jpg\" alt=\"\" class=\"wp-image-73145\" srcset=\"https:\/\/elmetropolitano.com.gt\/es\/wp-content\/uploads\/2023\/10\/F7ZjZUaWEAA02JZ-1-689x1024.jpg 689w, https:\/\/elmetropolitano.com.gt\/es\/wp-content\/uploads\/2023\/10\/F7ZjZUaWEAA02JZ-1-202x300.jpg 202w, https:\/\/elmetropolitano.com.gt\/es\/wp-content\/uploads\/2023\/10\/F7ZjZUaWEAA02JZ-1-768x1142.jpg 768w, https:\/\/elmetropolitano.com.gt\/es\/wp-content\/uploads\/2023\/10\/F7ZjZUaWEAA02JZ-1-1033x1536.jpg 1033w, https:\/\/elmetropolitano.com.gt\/es\/wp-content\/uploads\/2023\/10\/F7ZjZUaWEAA02JZ-1-600x892.jpg 600w, https:\/\/elmetropolitano.com.gt\/es\/wp-content\/uploads\/2023\/10\/F7ZjZUaWEAA02JZ-1.jpg 1155w\" sizes=\"auto, (max-width: 689px) 100vw, 689px\" \/><\/figure>\n\n\n\n<figure class=\"wp-block-image size-large\"><img loading=\"lazy\" decoding=\"async\" width=\"637\" height=\"1024\" data-id=\"73143\" src=\"https:\/\/elmetropolitano.com.gt\/es\/wp-content\/uploads\/2023\/10\/F7ZjZUXXMAAVs_0-637x1024.jpg\" alt=\"\" class=\"wp-image-73143\" srcset=\"https:\/\/elmetropolitano.com.gt\/es\/wp-content\/uploads\/2023\/10\/F7ZjZUXXMAAVs_0-637x1024.jpg 637w, https:\/\/elmetropolitano.com.gt\/es\/wp-content\/uploads\/2023\/10\/F7ZjZUXXMAAVs_0-187x300.jpg 187w, https:\/\/elmetropolitano.com.gt\/es\/wp-content\/uploads\/2023\/10\/F7ZjZUXXMAAVs_0-768x1234.jpg 768w, https:\/\/elmetropolitano.com.gt\/es\/wp-content\/uploads\/2023\/10\/F7ZjZUXXMAAVs_0-956x1536.jpg 956w, https:\/\/elmetropolitano.com.gt\/es\/wp-content\/uploads\/2023\/10\/F7ZjZUXXMAAVs_0-600x964.jpg 600w, https:\/\/elmetropolitano.com.gt\/es\/wp-content\/uploads\/2023\/10\/F7ZjZUXXMAAVs_0.jpg 1169w\" sizes=\"auto, (max-width: 637px) 100vw, 637px\" \/><\/figure>\n\n\n\n<figure class=\"wp-block-image size-large\"><img loading=\"lazy\" decoding=\"async\" width=\"717\" height=\"1024\" data-id=\"73142\" src=\"https:\/\/elmetropolitano.com.gt\/es\/wp-content\/uploads\/2023\/10\/F7ZnuECWMAEf78A-717x1024.jpg\" alt=\"\" class=\"wp-image-73142\" srcset=\"https:\/\/elmetropolitano.com.gt\/es\/wp-content\/uploads\/2023\/10\/F7ZnuECWMAEf78A-717x1024.jpg 717w, https:\/\/elmetropolitano.com.gt\/es\/wp-content\/uploads\/2023\/10\/F7ZnuECWMAEf78A-210x300.jpg 210w, https:\/\/elmetropolitano.com.gt\/es\/wp-content\/uploads\/2023\/10\/F7ZnuECWMAEf78A-768x1097.jpg 768w, https:\/\/elmetropolitano.com.gt\/es\/wp-content\/uploads\/2023\/10\/F7ZnuECWMAEf78A-1075x1536.jpg 1075w, https:\/\/elmetropolitano.com.gt\/es\/wp-content\/uploads\/2023\/10\/F7ZnuECWMAEf78A-600x857.jpg 600w, https:\/\/elmetropolitano.com.gt\/es\/wp-content\/uploads\/2023\/10\/F7ZnuECWMAEf78A.jpg 1169w\" sizes=\"auto, (max-width: 717px) 100vw, 717px\" \/><\/figure>\n\n\n\n<figure class=\"wp-block-image size-large\"><img loading=\"lazy\" decoding=\"async\" width=\"636\" height=\"1024\" data-id=\"73144\" src=\"https:\/\/elmetropolitano.com.gt\/es\/wp-content\/uploads\/2023\/10\/F7ZrS4uWYAAh3Jw-636x1024.jpg\" alt=\"\" class=\"wp-image-73144\" srcset=\"https:\/\/elmetropolitano.com.gt\/es\/wp-content\/uploads\/2023\/10\/F7ZrS4uWYAAh3Jw-636x1024.jpg 636w, https:\/\/elmetropolitano.com.gt\/es\/wp-content\/uploads\/2023\/10\/F7ZrS4uWYAAh3Jw-186x300.jpg 186w, https:\/\/elmetropolitano.com.gt\/es\/wp-content\/uploads\/2023\/10\/F7ZrS4uWYAAh3Jw-768x1237.jpg 768w, https:\/\/elmetropolitano.com.gt\/es\/wp-content\/uploads\/2023\/10\/F7ZrS4uWYAAh3Jw-954x1536.jpg 954w, https:\/\/elmetropolitano.com.gt\/es\/wp-content\/uploads\/2023\/10\/F7ZrS4uWYAAh3Jw-600x966.jpg 600w, https:\/\/elmetropolitano.com.gt\/es\/wp-content\/uploads\/2023\/10\/F7ZrS4uWYAAh3Jw.jpg 1146w\" sizes=\"auto, (max-width: 636px) 100vw, 636px\" \/><\/figure>\n\n\n\n<figure class=\"wp-block-image size-large\"><img loading=\"lazy\" decoding=\"async\" width=\"1024\" height=\"682\" data-id=\"73146\" src=\"https:\/\/elmetropolitano.com.gt\/es\/wp-content\/uploads\/2023\/10\/foto-portada-PC-1024x682.jpeg\" alt=\"\" class=\"wp-image-73146\" srcset=\"https:\/\/elmetropolitano.com.gt\/es\/wp-content\/uploads\/2023\/10\/foto-portada-PC-1024x682.jpeg 1024w, https:\/\/elmetropolitano.com.gt\/es\/wp-content\/uploads\/2023\/10\/foto-portada-PC-300x200.jpeg 300w, https:\/\/elmetropolitano.com.gt\/es\/wp-content\/uploads\/2023\/10\/foto-portada-PC-768x512.jpeg 768w, https:\/\/elmetropolitano.com.gt\/es\/wp-content\/uploads\/2023\/10\/foto-portada-PC-600x400.jpeg 600w, https:\/\/elmetropolitano.com.gt\/es\/wp-content\/uploads\/2023\/10\/foto-portada-PC.jpeg 1280w\" sizes=\"auto, (max-width: 1024px) 100vw, 1024px\" \/><\/figure>\n<\/figure>\n","protected":false},"excerpt":{"rendered":"<p>Luego de los allanamientos y el secuestro de las actas por parte de fiscales del Ministerio P\u00fablico, MP, de las pasadas elecciones del 25 de junio y el 20 de agosto, sectores nacionales e internacionales alzan la voz y en el caso de Guatemala anuncian paro nacional a partir las 5:30 de la ma\u00f1ana. M\u00e1s <a class=\"read-more\" href=\"https:\/\/elmetropolitano.com.gt\/es\/se-avizora-un-paro-con-fuerza-ciudadana-a-nivel-nacional\/\">Leer m\u00e1s<\/a><\/p>\n","protected":false},"author":1,"featured_media":73141,"comment_status":"open","ping_status":"closed","sticky":false,"template":"","format":"standard","meta":{"footnotes":""},"categories":[2],"tags":[12],"class_list":["post-73139","post","type-post","status-publish","format-standard","has-post-thumbnail","hentry","category-nacionales","tag-nacionales"],"_links":{"self":[{"href":"https:\/\/elmetropolitano.com.gt\/es\/wp-json\/wp\/v2\/posts\/73139","targetHints":{"allow":["GET"]}}],"collection":[{"href":"https:\/\/elmetropolitano.com.gt\/es\/wp-json\/wp\/v2\/posts"}],"about":[{"href":"https:\/\/elmetropolitano.com.gt\/es\/wp-json\/wp\/v2\/types\/post"}],"author":[{"embeddable":true,"href":"https:\/\/elmetropolitano.com.gt\/es\/wp-json\/wp\/v2\/users\/1"}],"replies":[{"embeddable":true,"href":"https:\/\/elmetropolitano.com.gt\/es\/wp-json\/wp\/v2\/comments?post=73139"}],"version-history":[{"count":1,"href":"https:\/\/elmetropolitano.com.gt\/es\/wp-json\/wp\/v2\/posts\/73139\/revisions"}],"predecessor-version":[{"id":73147,"href":"https:\/\/elmetropolitano.com.gt\/es\/wp-json\/wp\/v2\/posts\/73139\/revisions\/73147"}],"wp:featuredmedia":[{"embeddable":true,"href":"https:\/\/elmetropolitano.com.gt\/es\/wp-json\/wp\/v2\/media\/73141"}],"wp:attachment":[{"href":"https:\/\/elmetropolitano.com.gt\/es\/wp-json\/wp\/v2\/media?parent=73139"}],"wp:term":[{"taxonomy":"category","embeddable":true,"href":"https:\/\/elmetropolitano.com.gt\/es\/wp-json\/wp\/v2\/categories?post=73139"},{"taxonomy":"post_tag","embeddable":true,"href":"https:\/\/elmetropolitano.com.gt\/es\/wp-json\/wp\/v2\/tags?post=73139"}],"curies":[{"name":"wp","href":"https:\/\/api.w.org\/{rel}","templated":true}]}}