{"id":73201,"date":"2023-10-02T15:44:02","date_gmt":"2023-10-02T21:44:02","guid":{"rendered":"https:\/\/elmetropolitano.com.gt\/es\/?p=73201"},"modified":"2023-10-02T15:44:04","modified_gmt":"2023-10-02T21:44:04","slug":"nada-ni-nadie-podria-impedir-la-toma-de-posesion-de-arevalo-y-karin-dice-tse","status":"publish","type":"post","link":"https:\/\/elmetropolitano.com.gt\/es\/nada-ni-nadie-podria-impedir-la-toma-de-posesion-de-arevalo-y-karin-dice-tse\/","title":{"rendered":"Nada ni nadie podr\u00eda impedir la toma de posesi\u00f3n de Ar\u00e9valo y Karin dice TSE"},"content":{"rendered":"\n<p>Nada ni nadie podr\u00eda impedir que las autoridades electas como el binomio presidencial de Bernardo Ar\u00e9valo y Karin Herrera, as\u00ed como diputados y alcaldes electos en las elecciones pasadas, podr\u00eda impedir que el 14 y 15 de enero del pr\u00f3ximo a\u00f1o, puedan tomar posesi\u00f3n, dijo la magistrada presidente del Tribunal Supremo Electoral, TSE, licenciada Irma Palencia.<\/p>\n\n\n\n<p>Lo anterior fue expresado en una reuni\u00f3n que los magistrados del TSE tuvieron con el binomio del partido Movimiento Semilla, para recibir el apoyo del presidente y vicepresidente electo Bernardo Ar\u00e9valo y Karin Herrera.<\/p><div class=\"elmet-contenido\" id=\"elmet-229846856\"><div class=\"elmet-adlabel\">Anuncios<\/div><div style=\"margin-top: 20px;margin-right: 20px;margin-bottom: 20px;margin-left: 20px;\" id=\"elmet-2138418189\"><a href=\"https:\/\/www.facebook.com\/arrincuanantigua\/\" aria-label=\"cintillo-arrin-cual\"><img loading=\"lazy\" decoding=\"async\" src=\"https:\/\/elmetropolitano.com.gt\/es\/wp-content\/uploads\/2021\/11\/cintillo-arrin-cual-1.jpg\" alt=\"\"  srcset=\"https:\/\/elmetropolitano.com.gt\/es\/wp-content\/uploads\/2021\/11\/cintillo-arrin-cual-1.jpg 750w, https:\/\/elmetropolitano.com.gt\/es\/wp-content\/uploads\/2021\/11\/cintillo-arrin-cual-1-300x36.jpg 300w, https:\/\/elmetropolitano.com.gt\/es\/wp-content\/uploads\/2021\/11\/cintillo-arrin-cual-1-600x72.jpg 600w\" sizes=\"(max-width: 750px) 100vw, 750px\" width=\"750\" height=\"90\"   \/><\/a><\/div><\/div>\n\n\n\n<p>La licenciada Irma Palencia se\u00f1al\u00f3 que los cargos ya fueron acreditados, los resultados ya fueron oficializados, y lo que acaba de hacer el MP no tiene nada que ver con la toma de posesi\u00f3n, esta informaci\u00f3n se da a conocer para que la ciudadan\u00eda este tranquila que los magistrados del TSE est\u00e1n para defender lo que los guatemaltecos hicieron el pasado 25 de junio y 20 de agosto, velar por la democracia y las elecciones.<\/p>\n\n\n\n<p>Por su parte el binomio presidencial Bernardo Ar\u00e9valo y Karin Herrera, estuvieron en la reuni\u00f3n donde dieron su respaldo a la valiente defensa que los magistrados del TSE electoral est\u00e1n haciendo de las elecciones reci\u00e9n pasada, a pesar de las atrocidades que fiscales del MP hacen en este alto tribunal de categor\u00eda constitucional.<\/p>\n\n\n\n<figure class=\"wp-block-gallery has-nested-images columns-default is-cropped wp-block-gallery-1 is-layout-flex wp-block-gallery-is-layout-flex\">\n<figure class=\"wp-block-image size-large\"><img loading=\"lazy\" decoding=\"async\" width=\"480\" height=\"195\" data-id=\"73203\" src=\"https:\/\/elmetropolitano.com.gt\/es\/wp-content\/uploads\/2023\/10\/Sin-titulo-3.jpg\" alt=\"\" class=\"wp-image-73203\" srcset=\"https:\/\/elmetropolitano.com.gt\/es\/wp-content\/uploads\/2023\/10\/Sin-titulo-3.jpg 480w, https:\/\/elmetropolitano.com.gt\/es\/wp-content\/uploads\/2023\/10\/Sin-titulo-3-300x122.jpg 300w\" sizes=\"auto, (max-width: 480px) 100vw, 480px\" \/><\/figure>\n\n\n\n<figure class=\"wp-block-image size-large\"><img loading=\"lazy\" decoding=\"async\" width=\"480\" height=\"201\" data-id=\"73204\" src=\"https:\/\/elmetropolitano.com.gt\/es\/wp-content\/uploads\/2023\/10\/Sin-titulo-4.jpg\" alt=\"\" class=\"wp-image-73204\" srcset=\"https:\/\/elmetropolitano.com.gt\/es\/wp-content\/uploads\/2023\/10\/Sin-titulo-4.jpg 480w, https:\/\/elmetropolitano.com.gt\/es\/wp-content\/uploads\/2023\/10\/Sin-titulo-4-300x126.jpg 300w\" sizes=\"auto, (max-width: 480px) 100vw, 480px\" \/><\/figure>\n<\/figure>\n","protected":false},"excerpt":{"rendered":"<p>Nada ni nadie podr\u00eda impedir que las autoridades electas como el binomio presidencial de Bernardo Ar\u00e9valo y Karin Herrera, as\u00ed como diputados y alcaldes electos en las elecciones pasadas, podr\u00eda impedir que el 14 y 15 de enero del pr\u00f3ximo a\u00f1o, puedan tomar posesi\u00f3n, dijo la magistrada presidente del Tribunal Supremo Electoral, TSE, licenciada Irma <a class=\"read-more\" href=\"https:\/\/elmetropolitano.com.gt\/es\/nada-ni-nadie-podria-impedir-la-toma-de-posesion-de-arevalo-y-karin-dice-tse\/\">Leer m\u00e1s<\/a><\/p>\n","protected":false},"author":1,"featured_media":73202,"comment_status":"open","ping_status":"closed","sticky":false,"template":"","format":"standard","meta":{"footnotes":""},"categories":[2],"tags":[12],"class_list":["post-73201","post","type-post","status-publish","format-standard","has-post-thumbnail","hentry","category-nacionales","tag-nacionales"],"_links":{"self":[{"href":"https:\/\/elmetropolitano.com.gt\/es\/wp-json\/wp\/v2\/posts\/73201","targetHints":{"allow":["GET"]}}],"collection":[{"href":"https:\/\/elmetropolitano.com.gt\/es\/wp-json\/wp\/v2\/posts"}],"about":[{"href":"https:\/\/elmetropolitano.com.gt\/es\/wp-json\/wp\/v2\/types\/post"}],"author":[{"embeddable":true,"href":"https:\/\/elmetropolitano.com.gt\/es\/wp-json\/wp\/v2\/users\/1"}],"replies":[{"embeddable":true,"href":"https:\/\/elmetropolitano.com.gt\/es\/wp-json\/wp\/v2\/comments?post=73201"}],"version-history":[{"count":1,"href":"https:\/\/elmetropolitano.com.gt\/es\/wp-json\/wp\/v2\/posts\/73201\/revisions"}],"predecessor-version":[{"id":73205,"href":"https:\/\/elmetropolitano.com.gt\/es\/wp-json\/wp\/v2\/posts\/73201\/revisions\/73205"}],"wp:featuredmedia":[{"embeddable":true,"href":"https:\/\/elmetropolitano.com.gt\/es\/wp-json\/wp\/v2\/media\/73202"}],"wp:attachment":[{"href":"https:\/\/elmetropolitano.com.gt\/es\/wp-json\/wp\/v2\/media?parent=73201"}],"wp:term":[{"taxonomy":"category","embeddable":true,"href":"https:\/\/elmetropolitano.com.gt\/es\/wp-json\/wp\/v2\/categories?post=73201"},{"taxonomy":"post_tag","embeddable":true,"href":"https:\/\/elmetropolitano.com.gt\/es\/wp-json\/wp\/v2\/tags?post=73201"}],"curies":[{"name":"wp","href":"https:\/\/api.w.org\/{rel}","templated":true}]}}