{"id":73207,"date":"2023-10-03T10:26:15","date_gmt":"2023-10-03T16:26:15","guid":{"rendered":"https:\/\/elmetropolitano.com.gt\/es\/?p=73207"},"modified":"2023-10-03T10:26:16","modified_gmt":"2023-10-03T16:26:16","slug":"bernando-arevalo-retoma-gira-por-estados-unidos","status":"publish","type":"post","link":"https:\/\/elmetropolitano.com.gt\/es\/bernando-arevalo-retoma-gira-por-estados-unidos\/","title":{"rendered":"Bernando Ar\u00e9valo retoma gira por Estados Unidos"},"content":{"rendered":"\n<p>El presidente electo Bernardo Ar\u00e9valo viaj\u00f3 anoche a los Estados Unidos para cumplir desde hoy con su agenda que hab\u00eda sido interrumpida por la crisis pol\u00edtica que se vive en Guatemala provocada por el Ministerio P\u00fablico MP<\/p>\n\n\n\n<p>\u201cHe <a><\/a>retomado la gira a EE.UU. para reunirme con actores importantes. Esta ma\u00f1ana asist\u00ed a una reuni\u00f3n con ASCOA en donde expuse las grandes l\u00edneas de nuestro plan de gobierno y los impactos que su implantaci\u00f3n tendr\u00e1 en el crecimiento, la generaci\u00f3n de empleo y el bienestar de Guatemala\u201d indic\u00f3 Arevalo en sus redes sociales<\/p><div class=\"elmet-contenido\" id=\"elmet-554707920\"><div class=\"elmet-adlabel\">Anuncios<\/div><div style=\"margin-top: 20px;margin-right: 20px;margin-bottom: 20px;margin-left: 20px;\" id=\"elmet-2303752063\"><a href=\"https:\/\/www.facebook.com\/arrincuanantigua\/\" aria-label=\"cintillo-arrin-cual\"><img loading=\"lazy\" decoding=\"async\" src=\"https:\/\/elmetropolitano.com.gt\/es\/wp-content\/uploads\/2021\/11\/cintillo-arrin-cual-1.jpg\" alt=\"\"  srcset=\"https:\/\/elmetropolitano.com.gt\/es\/wp-content\/uploads\/2021\/11\/cintillo-arrin-cual-1.jpg 750w, https:\/\/elmetropolitano.com.gt\/es\/wp-content\/uploads\/2021\/11\/cintillo-arrin-cual-1-300x36.jpg 300w, https:\/\/elmetropolitano.com.gt\/es\/wp-content\/uploads\/2021\/11\/cintillo-arrin-cual-1-600x72.jpg 600w\" sizes=\"(max-width: 750px) 100vw, 750px\" width=\"750\" height=\"90\"   \/><\/a><\/div><\/div>\n\n\n\n<p>Agregu\u00e9is \u201ctambi\u00e9n he advertido del problema que constituye hoy para la democracia las acciones del MP y Consuelo Porras\u201d<\/p>\n\n\n\n<p><a href=\"https:\/\/www.facebook.com\/hashtag\/crisispolitics?__eep__=6&amp;__cft__[0]=AZXhaa1nUnE9p3Ath_w_MJYke3_8vj_ASmAVayMfWX-FiF2917Xvosn1nGT-HN4MW2Xr-nRTo4oX1wbAuhZ71QvHkZSOSDKpkIFvZyohmEeGnhadw6Bo9t4e71K6h004YWzzF4Q3pba9SaPuHyhchV1y6ShKPwZfT__SM55MC1DwfjGfvXxiylFzyEv8T8Ick7w&amp;__tn__=*NK-R\">#CrisisPolitics<\/a><a href=\"https:\/\/www.facebook.com\/hashtag\/bernardoarevalo?__eep__=6&amp;__cft__[0]=AZXhaa1nUnE9p3Ath_w_MJYke3_8vj_ASmAVayMfWX-FiF2917Xvosn1nGT-HN4MW2Xr-nRTo4oX1wbAuhZ71QvHkZSOSDKpkIFvZyohmEeGnhadw6Bo9t4e71K6h004YWzzF4Q3pba9SaPuHyhchV1y6ShKPwZfT__SM55MC1DwfjGfvXxiylFzyEv8T8Ick7w&amp;__tn__=*NK-R\">#BernardoArevalo<\/a><\/p>\n\n\n\n<figure class=\"wp-block-gallery has-nested-images columns-default is-cropped wp-block-gallery-1 is-layout-flex wp-block-gallery-is-layout-flex\">\n<figure class=\"wp-block-image size-large\"><img loading=\"lazy\" decoding=\"async\" width=\"510\" height=\"680\" data-id=\"73209\" src=\"https:\/\/elmetropolitano.com.gt\/es\/wp-content\/uploads\/2023\/10\/384469632_813173544144297_5916679914820612648_n.jpg\" alt=\"\" class=\"wp-image-73209\" srcset=\"https:\/\/elmetropolitano.com.gt\/es\/wp-content\/uploads\/2023\/10\/384469632_813173544144297_5916679914820612648_n.jpg 510w, https:\/\/elmetropolitano.com.gt\/es\/wp-content\/uploads\/2023\/10\/384469632_813173544144297_5916679914820612648_n-225x300.jpg 225w\" sizes=\"auto, (max-width: 510px) 100vw, 510px\" \/><\/figure>\n<\/figure>\n","protected":false},"excerpt":{"rendered":"<p>El presidente electo Bernardo Ar\u00e9valo viaj\u00f3 anoche a los Estados Unidos para cumplir desde hoy con su agenda que hab\u00eda sido interrumpida por la crisis pol\u00edtica que se vive en Guatemala provocada por el Ministerio P\u00fablico MP \u201cHe retomado la gira a EE.UU. para reunirme con actores importantes. Esta ma\u00f1ana asist\u00ed a una reuni\u00f3n con <a class=\"read-more\" href=\"https:\/\/elmetropolitano.com.gt\/es\/bernando-arevalo-retoma-gira-por-estados-unidos\/\">Leer m\u00e1s<\/a><\/p>\n","protected":false},"author":1,"featured_media":73208,"comment_status":"open","ping_status":"closed","sticky":false,"template":"","format":"standard","meta":{"footnotes":""},"categories":[2],"tags":[12],"class_list":["post-73207","post","type-post","status-publish","format-standard","has-post-thumbnail","hentry","category-nacionales","tag-nacionales"],"_links":{"self":[{"href":"https:\/\/elmetropolitano.com.gt\/es\/wp-json\/wp\/v2\/posts\/73207","targetHints":{"allow":["GET"]}}],"collection":[{"href":"https:\/\/elmetropolitano.com.gt\/es\/wp-json\/wp\/v2\/posts"}],"about":[{"href":"https:\/\/elmetropolitano.com.gt\/es\/wp-json\/wp\/v2\/types\/post"}],"author":[{"embeddable":true,"href":"https:\/\/elmetropolitano.com.gt\/es\/wp-json\/wp\/v2\/users\/1"}],"replies":[{"embeddable":true,"href":"https:\/\/elmetropolitano.com.gt\/es\/wp-json\/wp\/v2\/comments?post=73207"}],"version-history":[{"count":1,"href":"https:\/\/elmetropolitano.com.gt\/es\/wp-json\/wp\/v2\/posts\/73207\/revisions"}],"predecessor-version":[{"id":73210,"href":"https:\/\/elmetropolitano.com.gt\/es\/wp-json\/wp\/v2\/posts\/73207\/revisions\/73210"}],"wp:featuredmedia":[{"embeddable":true,"href":"https:\/\/elmetropolitano.com.gt\/es\/wp-json\/wp\/v2\/media\/73208"}],"wp:attachment":[{"href":"https:\/\/elmetropolitano.com.gt\/es\/wp-json\/wp\/v2\/media?parent=73207"}],"wp:term":[{"taxonomy":"category","embeddable":true,"href":"https:\/\/elmetropolitano.com.gt\/es\/wp-json\/wp\/v2\/categories?post=73207"},{"taxonomy":"post_tag","embeddable":true,"href":"https:\/\/elmetropolitano.com.gt\/es\/wp-json\/wp\/v2\/tags?post=73207"}],"curies":[{"name":"wp","href":"https:\/\/api.w.org\/{rel}","templated":true}]}}