{"id":73211,"date":"2023-10-03T13:47:42","date_gmt":"2023-10-03T19:47:42","guid":{"rendered":"https:\/\/elmetropolitano.com.gt\/es\/?p=73211"},"modified":"2023-10-03T21:45:01","modified_gmt":"2023-10-04T03:45:01","slug":"pueblos-indigenas-mantienen-paralizado-el-pais-en-protesta-por-las-acciones-del-mp","status":"publish","type":"post","link":"https:\/\/elmetropolitano.com.gt\/es\/pueblos-indigenas-mantienen-paralizado-el-pais-en-protesta-por-las-acciones-del-mp\/","title":{"rendered":"Pueblos ind\u00edgenas mantienen paralizado el pa\u00eds en protesta por las acciones del MP"},"content":{"rendered":"\n<p>&nbsp;<\/p>\n\n\n\n<p>Los pueblos ind\u00edgenas se han unido y mantienen paralizado el pa\u00eds, en protesta por las acciones del Ministerio P\u00fablico, MP, contra las elecciones generales y la poca o nula acci\u00f3n de la Corte de Constitucionalidad a quienes analistas acusan de convertirse en parte del grupo que quiere debilitar las elecciones e ignorar la voluntad popular.<\/p>\n\n\n\n<p>Expertos expresan que las acciones del MP en conjunto con la complicidad de la CC han llegado al colmo y fue lo que cans\u00f3 la paciencia de la poblaci\u00f3n y en esta ocasi\u00f3n los pueblos ind\u00edgenas fueron los que alzaron la voz y se han propuesto a mantener cerrado el pa\u00eds hasta que no se ve la renuncia de Consuelo Porras, Rafael Curruchiche y el juez Fredy Orellana, principales actores del intento de golpe de estado.<\/p><div class=\"elmet-contenido\" id=\"elmet-2995391350\"><div class=\"elmet-adlabel\">Anuncios<\/div><div style=\"margin-top: 20px;margin-right: 20px;margin-bottom: 20px;margin-left: 20px;\" id=\"elmet-1294546680\"><a href=\"https:\/\/www.facebook.com\/arrincuanantigua\/\" aria-label=\"cintillo-arrin-cual\"><img loading=\"lazy\" decoding=\"async\" src=\"https:\/\/elmetropolitano.com.gt\/es\/wp-content\/uploads\/2021\/11\/cintillo-arrin-cual-1.jpg\" alt=\"\"  srcset=\"https:\/\/elmetropolitano.com.gt\/es\/wp-content\/uploads\/2021\/11\/cintillo-arrin-cual-1.jpg 750w, https:\/\/elmetropolitano.com.gt\/es\/wp-content\/uploads\/2021\/11\/cintillo-arrin-cual-1-300x36.jpg 300w, https:\/\/elmetropolitano.com.gt\/es\/wp-content\/uploads\/2021\/11\/cintillo-arrin-cual-1-600x72.jpg 600w\" sizes=\"(max-width: 750px) 100vw, 750px\" width=\"750\" height=\"90\"   \/><\/a><\/div><\/div>\n\n\n\n<p>Hoy suman ya dos d\u00edas de paros y poco a poco otros sectores se empiezan a unir a esta manifestaci\u00f3n pac\u00edfica cuyo objetivo es terminar con los abusos del MP, y la complicidad de la CC y la CSJ quienes no han hecho nada por detener los abusos del MP y del juez orellana en contra de la constituci\u00f3n y la decisi\u00f3n de todo un pueblo.<\/p>\n\n\n\n<p>Fuerzas de seguridad han sido instaladas en las aduanas y el aeropuerto internacional La Aurora, como medida de prevenci\u00f3n ante las amenazas de los manifestantes de ocupar esos lugares como medida de presi\u00f3n.<\/p>\n\n\n\n<p>En el interior del pa\u00eds varias rutas han sido paralizadas y multitudes contin\u00faan en su protesta indefinida, seg\u00fan dieron, hasta no ver la renuncia de Consuelo Porras, Rafael Curruchiche y el juez Fredy Orellana.<\/p>\n\n\n\n<p>En Solol\u00e1 los manifestantes hicieron retroceder al pelot\u00f3n antimotines y se resisten a abandonar sus lugares en el paro que mantendr\u00e1n indefinidamente, uno de los l\u00edderes ind\u00edgenas se\u00f1al\u00f3 que el paro es indefinido, pero si la renuncia se presenta y es aceptada de inmediato detienen las manifestaciones.<\/p>\n\n\n\n<p>CSJ desminti\u00f3 el tramite de quietar inmunidad a los magistrados del TSE<\/p>\n\n\n\n<p>Despu\u00e9s de conocerse en las redes sociales que la CSJ hab\u00eda dado tr\u00e1mite a un antejuicio contra los magistrados del TSE, esta informaci\u00f3n fue desmentida por esa corte de justicia, mientras que contin\u00faan los bloqueos en una buena parte del pa\u00eds por parte de los pueblos ind\u00edgenas que no est\u00e1n dispuestos a dar marcha atr\u00e1s hasta que Consuelo Porras renuncia junto el fiscal Rafael Curruchiche y el juez Fredy Orellana, se\u00f1alados de ser los principales promotores de un golpe de estado.<\/p>\n\n\n\n<p>Aparte de eso la comunidad internacional contin\u00faa pronunci\u00e1ndose al respecto y piden el respeto a la ley y al soberano voto emitido por los guatemaltecos y exhortan a la CC a tomar el papel que le corresponde y a detener esta crisis que se vive en el pa\u00eds.<\/p>\n\n\n\n<figure class=\"wp-block-gallery has-nested-images columns-default is-cropped wp-block-gallery-1 is-layout-flex wp-block-gallery-is-layout-flex\">\n<figure class=\"wp-block-image size-large\"><img loading=\"lazy\" decoding=\"async\" width=\"720\" height=\"540\" data-id=\"73213\" src=\"https:\/\/elmetropolitano.com.gt\/es\/wp-content\/uploads\/2023\/10\/2-1.jpg\" alt=\"\" class=\"wp-image-73213\" srcset=\"https:\/\/elmetropolitano.com.gt\/es\/wp-content\/uploads\/2023\/10\/2-1.jpg 720w, https:\/\/elmetropolitano.com.gt\/es\/wp-content\/uploads\/2023\/10\/2-1-300x225.jpg 300w, https:\/\/elmetropolitano.com.gt\/es\/wp-content\/uploads\/2023\/10\/2-1-600x450.jpg 600w\" sizes=\"auto, (max-width: 720px) 100vw, 720px\" \/><\/figure>\n\n\n\n<figure class=\"wp-block-image size-large\"><img loading=\"lazy\" decoding=\"async\" width=\"720\" height=\"540\" data-id=\"73215\" src=\"https:\/\/elmetropolitano.com.gt\/es\/wp-content\/uploads\/2023\/10\/3-1.jpg\" alt=\"\" class=\"wp-image-73215\" srcset=\"https:\/\/elmetropolitano.com.gt\/es\/wp-content\/uploads\/2023\/10\/3-1.jpg 720w, https:\/\/elmetropolitano.com.gt\/es\/wp-content\/uploads\/2023\/10\/3-1-300x225.jpg 300w, https:\/\/elmetropolitano.com.gt\/es\/wp-content\/uploads\/2023\/10\/3-1-600x450.jpg 600w\" sizes=\"auto, (max-width: 720px) 100vw, 720px\" \/><\/figure>\n\n\n\n<figure class=\"wp-block-image size-large\"><img loading=\"lazy\" decoding=\"async\" width=\"720\" height=\"540\" data-id=\"73214\" src=\"https:\/\/elmetropolitano.com.gt\/es\/wp-content\/uploads\/2023\/10\/4-1.jpg\" alt=\"\" class=\"wp-image-73214\" srcset=\"https:\/\/elmetropolitano.com.gt\/es\/wp-content\/uploads\/2023\/10\/4-1.jpg 720w, https:\/\/elmetropolitano.com.gt\/es\/wp-content\/uploads\/2023\/10\/4-1-300x225.jpg 300w, https:\/\/elmetropolitano.com.gt\/es\/wp-content\/uploads\/2023\/10\/4-1-600x450.jpg 600w\" sizes=\"auto, (max-width: 720px) 100vw, 720px\" \/><\/figure>\n<\/figure>\n","protected":false},"excerpt":{"rendered":"<p>&nbsp; Los pueblos ind\u00edgenas se han unido y mantienen paralizado el pa\u00eds, en protesta por las acciones del Ministerio P\u00fablico, MP, contra las elecciones generales y la poca o nula acci\u00f3n de la Corte de Constitucionalidad a quienes analistas acusan de convertirse en parte del grupo que quiere debilitar las elecciones e ignorar la voluntad <a class=\"read-more\" href=\"https:\/\/elmetropolitano.com.gt\/es\/pueblos-indigenas-mantienen-paralizado-el-pais-en-protesta-por-las-acciones-del-mp\/\">Leer m\u00e1s<\/a><\/p>\n","protected":false},"author":1,"featured_media":73212,"comment_status":"open","ping_status":"closed","sticky":false,"template":"","format":"standard","meta":{"footnotes":""},"categories":[2],"tags":[12],"class_list":["post-73211","post","type-post","status-publish","format-standard","has-post-thumbnail","hentry","category-nacionales","tag-nacionales"],"_links":{"self":[{"href":"https:\/\/elmetropolitano.com.gt\/es\/wp-json\/wp\/v2\/posts\/73211","targetHints":{"allow":["GET"]}}],"collection":[{"href":"https:\/\/elmetropolitano.com.gt\/es\/wp-json\/wp\/v2\/posts"}],"about":[{"href":"https:\/\/elmetropolitano.com.gt\/es\/wp-json\/wp\/v2\/types\/post"}],"author":[{"embeddable":true,"href":"https:\/\/elmetropolitano.com.gt\/es\/wp-json\/wp\/v2\/users\/1"}],"replies":[{"embeddable":true,"href":"https:\/\/elmetropolitano.com.gt\/es\/wp-json\/wp\/v2\/comments?post=73211"}],"version-history":[{"count":2,"href":"https:\/\/elmetropolitano.com.gt\/es\/wp-json\/wp\/v2\/posts\/73211\/revisions"}],"predecessor-version":[{"id":73218,"href":"https:\/\/elmetropolitano.com.gt\/es\/wp-json\/wp\/v2\/posts\/73211\/revisions\/73218"}],"wp:featuredmedia":[{"embeddable":true,"href":"https:\/\/elmetropolitano.com.gt\/es\/wp-json\/wp\/v2\/media\/73212"}],"wp:attachment":[{"href":"https:\/\/elmetropolitano.com.gt\/es\/wp-json\/wp\/v2\/media?parent=73211"}],"wp:term":[{"taxonomy":"category","embeddable":true,"href":"https:\/\/elmetropolitano.com.gt\/es\/wp-json\/wp\/v2\/categories?post=73211"},{"taxonomy":"post_tag","embeddable":true,"href":"https:\/\/elmetropolitano.com.gt\/es\/wp-json\/wp\/v2\/tags?post=73211"}],"curies":[{"name":"wp","href":"https:\/\/api.w.org\/{rel}","templated":true}]}}