{"id":73280,"date":"2023-10-05T11:22:33","date_gmt":"2023-10-05T17:22:33","guid":{"rendered":"https:\/\/elmetropolitano.com.gt\/es\/?p=73280"},"modified":"2023-10-05T11:22:35","modified_gmt":"2023-10-05T17:22:35","slug":"inscripciones-abiertas-iv-foro-idea-y-premios-idea-reconociendo-la-innovacion-en-salud-y-derechos-reproductivos","status":"publish","type":"post","link":"https:\/\/elmetropolitano.com.gt\/es\/inscripciones-abiertas-iv-foro-idea-y-premios-idea-reconociendo-la-innovacion-en-salud-y-derechos-reproductivos\/","title":{"rendered":"\u00a1Inscripciones Abiertas! IV Foro IDEA y Premios IDEA: Reconociendo la Innovaci\u00f3n en salud y derechos reproductivos"},"content":{"rendered":"\n<p>El pr\u00f3ximo 8, 9 y 10 de noviembre Lima, Per\u00fa, ser\u00e1 la sede en la que se celebrar\u00e1 la IV edici\u00f3n del Foro IDEA, el mayor evento global de inspiraci\u00f3n, aprendizaje y networking dedicado a impulsar la creatividad y la innovaci\u00f3n social para la salud y los derechos reproductivos.<\/p>\n\n\n\n<p>En esta edici\u00f3n se reconocer\u00e1 en los Premios IDEA con apoyo monetario a dos ideas valientes e innovadoras con el potencial de solucionar los retos que enfrenta Am\u00e9rica Latina en el \u00e1rea de la salud y el acceso a los derechos reproductivos.<\/p><div class=\"elmet-contenido\" id=\"elmet-120656009\"><div class=\"elmet-adlabel\">Anuncios<\/div><div style=\"margin-top: 20px;margin-right: 20px;margin-bottom: 20px;margin-left: 20px;\" id=\"elmet-2514699987\"><a href=\"https:\/\/www.facebook.com\/arrincuanantigua\/\" aria-label=\"cintillo-arrin-cual\"><img loading=\"lazy\" decoding=\"async\" src=\"https:\/\/elmetropolitano.com.gt\/es\/wp-content\/uploads\/2021\/11\/cintillo-arrin-cual-1.jpg\" alt=\"\"  srcset=\"https:\/\/elmetropolitano.com.gt\/es\/wp-content\/uploads\/2021\/11\/cintillo-arrin-cual-1.jpg 750w, https:\/\/elmetropolitano.com.gt\/es\/wp-content\/uploads\/2021\/11\/cintillo-arrin-cual-1-300x36.jpg 300w, https:\/\/elmetropolitano.com.gt\/es\/wp-content\/uploads\/2021\/11\/cintillo-arrin-cual-1-600x72.jpg 600w\" sizes=\"(max-width: 750px) 100vw, 750px\" width=\"750\" height=\"90\"   \/><\/a><\/div><\/div>\n\n\n\n<p>Este evento forma parte de la Iniciativa IDEA, el laboratorio de innovaci\u00f3n social de Planned Parenthood Global, y re\u00fane a las mentes m\u00e1s brillantes y valientes, desafiando el status quo desde los sectores de la publicidad, la tecnolog\u00eda, los medios digitales, el emprendimiento social y el activismo por la salud y los derechos reproductivos en Am\u00e9rica Latina.<\/p>\n\n\n\n<p>\u201cEl Foro IDEA es un espacio \u00fanico e inspirador que re\u00fane y conecta a personas valientes y l\u00edderes dentro de sus industrias, porque est\u00e1n dise\u00f1ando y aplicando soluciones novedosas a los retos que a\u00fan enfrentan millones de personas para gozar de su salud y derechos reproductivos.<\/p>\n\n\n\n<p>Es una propuesta que surge de la necesidad de acelerar el ritmo con el que avanzamos hacia la justicia social y del compromiso que por m\u00e1s de 50 a\u00f1os ha tenido Planned Parenthood Global con las ideas de vanguardia, para asegurar que todas las personas puedan tomar decisiones informadas sobre su salud y su futuro\u201d, se\u00f1al\u00f3 Dee Redwine, Vicepresidenta para Am\u00e9rica Latina de Planned Parenthood Global.<\/p>\n\n\n\n<p>Ser parte de este cambio es un imperativo a la luz del tama\u00f1o de los desaf\u00edos. Por ejemplo, para 2020, en el mundo, 218 millones de mujeres carec\u00edan de acceso a anticonceptivos, de acuerdo al Instituto Guttmacher. De ese total, 24 millones viven en Am\u00e9rica Latina.<\/p>\n\n\n\n<p>Postula tu idea valiente a los Premios IDEA 2023 Adem\u00e1s de las conferencias, paneles y action labs que han caracterizado al Foro IDEA desde su primera edici\u00f3n en 2017, este a\u00f1o el espacio tambi\u00e9n ser\u00e1 el escenario de los Premios IDEA, un reconocimiento que<\/p>\n\n\n\n<p>se otorga al talento latinoamericano dispuesto a solventar los retos en salud y derechos reproductivos con propuestas innovadoras.<\/p>\n\n\n\n<p>Podr\u00e1 participar en los Premios IDEA cualquier persona u organizaci\u00f3n en Am\u00e9rica Latina pertenecientes a las industrias de la tecnolog\u00eda, la publicidad, los medios digitales y el emprendimiento social e inversi\u00f3n de impacto, que tenga una idea creativa e innovadora con el potencial de responder a uno de estos desaf\u00edos:<\/p>\n\n\n\n<p>\u2794 El limitado acceso a la Educaci\u00f3n Sexual Integral.<\/p>\n\n\n\n<p>\u2794 La disponibilidad de anticonceptivos modernos y eficaces.<\/p>\n\n\n\n<p>\u2794 Los obst\u00e1culos para acceder al aborto legal y seguro.<\/p>\n\n\n\n<p>\u2794 Las leyes y pol\u00edticas p\u00fablicas restrictivas a los derechos reproductivos, incluido el derecho al<\/p>\n\n\n\n<p>aborto.<\/p>\n\n\n\n<p>\u2794 Los patrones socioculturales que perpet\u00faan los prejuicios contra el ejercicio de los derechos reproductivos.<\/p>\n\n\n\n<p>Las iniciativas se pueden inscribir en este formulario hasta las 11:59 pm del 11 de octubre. De todas las propuestas recibidas, se seleccionar\u00e1n 6 finalistas para defender su proyecto en una sesi\u00f3n de pitch ante un jurado en el IV Foro IDEA.<\/p>\n\n\n\n<p>Al respecto de los criterios de selecci\u00f3n de los ganadores, Dee Redwine explic\u00f3 que \u201ccon base en el compromiso con la diversidad, la equidad y la inclusi\u00f3n que forma parte de la misi\u00f3n de Planned Parenthood Global, este a\u00f1o privilegiaremos ideas y grupos liderados por personas de poblaciones que hist\u00f3ricamente han enfrentado importantes barreras para gozar plenamente de sus derechos, como personas migrantes, socioecon\u00f3micamente desfavorecidas, ind\u00edgenas, afrodescendientes, personas que residen en zonas rurales y personas de la comunidad LGBTIQ+\u201d.<\/p>\n\n\n\n<p>El jurado calificador escoger\u00e1 2 proyectos ganadores que acceder\u00e1n a un capital semilla de US$15.000 y a apoyo t\u00e9cnico de Planned Parenthood Global para prototipar su idea y posteriormente pilotearla.<\/p>\n\n\n\n<p>\u00bfC\u00f3mo participar en el Foro IDEA 2023?<\/p>\n\n\n\n<p>Las personas interesadas en participar deben completar el formulario de pre registro disponible en la p\u00e1gina web hasta el 31 de octubre, y una vez confirmado este paso deber\u00e1n completar su inscripci\u00f3n.<\/p>\n\n\n\n<p>La inscripci\u00f3n cubre la asistencia a todas las sesiones y action lab, alimentaci\u00f3n de los 2 d\u00edas de sesiones acad\u00e9micas, acceso el c\u00f3ctel de bienvenida, la fiesta de cierre y material promocional. Otros gastos, como transporte y alojamiento, no est\u00e1n incluidos. Las sesiones del Foro contar\u00e1n con interpretaci\u00f3n simult\u00e1nea espa\u00f1ol &#8211; ingl\u00e9s.<\/p>\n\n\n\n<p>Las personas participantes podr\u00e1n conectar con l\u00edderes de cambio social, conocer las \u00faltimas tendencias en el uso de las tecnolog\u00edas, comunicaciones y ampliar sus redes de contacto con potenciales inversores, donantes y colaboradores interesados en poner la innovaci\u00f3n al servicio de los Derechos Humanos.<\/p>\n\n\n\n<p>Adem\u00e1s, podr\u00e1n encontrar todas las herramientas para hacer sus ideas realidad.<\/p>\n\n\n\n<p>Desde su creaci\u00f3n en 2017, el Foro IDEA ha reunido a m\u00e1s de 1600 personas, provenientes de 24 pa\u00edses, y conectado a 147 distintas empresas y organizaciones.<\/p>\n\n\n\n<p>Ent\u00e9rate de las novedades del Foro IDEA 2023 a trav\u00e9s de sus redes sociales:<\/p>\n\n\n\n<p>Instagram: https:\/\/www.instagram.com\/iniciativaidea\/<\/p>\n\n\n\n<p>Facebook: https:\/\/www.facebook.com\/IniciativaIDEA\/<\/p>\n\n\n\n<p>Twitter: https:\/\/twitter.com\/IniciativaIDEA<\/p>\n\n\n\n<p>LinkedIn: https:\/\/www.linkedin.com\/company\/iniciativa-idea\/<\/p>\n\n\n\n<p>Sobre la Iniciativa IDEA<\/p>\n\n\n\n<p>La Iniciativa IDEA es el laboratorio de innovaci\u00f3n social de Planned Parenthood Global. Invertimos en innovadores sociales valientes con grandes ideas para resolver un desaf\u00edo compartido: acelerar el progreso para que todas las personas puedan disfrutar de su salud y sus derechos reproductivos.<\/p>\n\n\n\n<p>Desde su origen en 2017, entre otros resultados, hemos invertido en 20 proyectos disruptivos y 29 emprendimientos de impacto social que tienen el potencial de generar avances en el mundo de la salud y los derechos reproductivos, y hemos organizado 3<\/p>\n\n\n\n<p>ediciones del Foro IDEA, el Foro Latinoamericano sobre creatividad, innovaci\u00f3n y nuevos medios para los derechos reproductivos.<\/p>\n\n\n\n<p>Sobre Planned Parenthood Global<\/p>\n\n\n\n<p>Durante m\u00e1s de 50 a\u00f1os, Planned Parenthood Global, el programa internacional de Planned Parenthood Federation of Am\u00e9rica, ha apoyado a m\u00e1s de 70 organizaciones en Am\u00e9rica Latina y \u00c1frica, que re\u00fanen a las personas e ideas valientes, a la vanguardia<\/p>\n\n\n\n<p>del cambio necesario para hacer avanzar los derechos y la salud sexual y reproductiva.<\/p>\n\n\n\n<figure class=\"wp-block-gallery has-nested-images columns-default is-cropped wp-block-gallery-1 is-layout-flex wp-block-gallery-is-layout-flex\">\n<figure class=\"wp-block-image size-large\"><img loading=\"lazy\" decoding=\"async\" width=\"1024\" height=\"519\" data-id=\"73282\" src=\"https:\/\/elmetropolitano.com.gt\/es\/wp-content\/uploads\/2023\/10\/Comunicado-de-prensa_Convocatoria-a-FORO-IDEA-GLOBAL-23-1-1-1-1024x519.jpg\" alt=\"\" class=\"wp-image-73282\" srcset=\"https:\/\/elmetropolitano.com.gt\/es\/wp-content\/uploads\/2023\/10\/Comunicado-de-prensa_Convocatoria-a-FORO-IDEA-GLOBAL-23-1-1-1-1024x519.jpg 1024w, https:\/\/elmetropolitano.com.gt\/es\/wp-content\/uploads\/2023\/10\/Comunicado-de-prensa_Convocatoria-a-FORO-IDEA-GLOBAL-23-1-1-1-300x152.jpg 300w, https:\/\/elmetropolitano.com.gt\/es\/wp-content\/uploads\/2023\/10\/Comunicado-de-prensa_Convocatoria-a-FORO-IDEA-GLOBAL-23-1-1-1-768x389.jpg 768w, https:\/\/elmetropolitano.com.gt\/es\/wp-content\/uploads\/2023\/10\/Comunicado-de-prensa_Convocatoria-a-FORO-IDEA-GLOBAL-23-1-1-1-1536x778.jpg 1536w, https:\/\/elmetropolitano.com.gt\/es\/wp-content\/uploads\/2023\/10\/Comunicado-de-prensa_Convocatoria-a-FORO-IDEA-GLOBAL-23-1-1-1-600x304.jpg 600w, https:\/\/elmetropolitano.com.gt\/es\/wp-content\/uploads\/2023\/10\/Comunicado-de-prensa_Convocatoria-a-FORO-IDEA-GLOBAL-23-1-1-1.jpg 1918w\" sizes=\"auto, (max-width: 1024px) 100vw, 1024px\" \/><\/figure>\n<\/figure>\n","protected":false},"excerpt":{"rendered":"<p>El pr\u00f3ximo 8, 9 y 10 de noviembre Lima, Per\u00fa, ser\u00e1 la sede en la que se celebrar\u00e1 la IV edici\u00f3n del Foro IDEA, el mayor evento global de inspiraci\u00f3n, aprendizaje y networking dedicado a impulsar la creatividad y la innovaci\u00f3n social para la salud y los derechos reproductivos. En esta edici\u00f3n se reconocer\u00e1 en <a class=\"read-more\" href=\"https:\/\/elmetropolitano.com.gt\/es\/inscripciones-abiertas-iv-foro-idea-y-premios-idea-reconociendo-la-innovacion-en-salud-y-derechos-reproductivos\/\">Leer m\u00e1s<\/a><\/p>\n","protected":false},"author":1,"featured_media":73281,"comment_status":"open","ping_status":"closed","sticky":false,"template":"","format":"standard","meta":{"footnotes":""},"categories":[46],"tags":[47],"class_list":["post-73280","post","type-post","status-publish","format-standard","has-post-thumbnail","hentry","category-metrosalud","tag-metrosalud"],"_links":{"self":[{"href":"https:\/\/elmetropolitano.com.gt\/es\/wp-json\/wp\/v2\/posts\/73280","targetHints":{"allow":["GET"]}}],"collection":[{"href":"https:\/\/elmetropolitano.com.gt\/es\/wp-json\/wp\/v2\/posts"}],"about":[{"href":"https:\/\/elmetropolitano.com.gt\/es\/wp-json\/wp\/v2\/types\/post"}],"author":[{"embeddable":true,"href":"https:\/\/elmetropolitano.com.gt\/es\/wp-json\/wp\/v2\/users\/1"}],"replies":[{"embeddable":true,"href":"https:\/\/elmetropolitano.com.gt\/es\/wp-json\/wp\/v2\/comments?post=73280"}],"version-history":[{"count":1,"href":"https:\/\/elmetropolitano.com.gt\/es\/wp-json\/wp\/v2\/posts\/73280\/revisions"}],"predecessor-version":[{"id":73283,"href":"https:\/\/elmetropolitano.com.gt\/es\/wp-json\/wp\/v2\/posts\/73280\/revisions\/73283"}],"wp:featuredmedia":[{"embeddable":true,"href":"https:\/\/elmetropolitano.com.gt\/es\/wp-json\/wp\/v2\/media\/73281"}],"wp:attachment":[{"href":"https:\/\/elmetropolitano.com.gt\/es\/wp-json\/wp\/v2\/media?parent=73280"}],"wp:term":[{"taxonomy":"category","embeddable":true,"href":"https:\/\/elmetropolitano.com.gt\/es\/wp-json\/wp\/v2\/categories?post=73280"},{"taxonomy":"post_tag","embeddable":true,"href":"https:\/\/elmetropolitano.com.gt\/es\/wp-json\/wp\/v2\/tags?post=73280"}],"curies":[{"name":"wp","href":"https:\/\/api.w.org\/{rel}","templated":true}]}}