{"id":73328,"date":"2023-10-06T23:29:02","date_gmt":"2023-10-07T05:29:02","guid":{"rendered":"https:\/\/elmetropolitano.com.gt\/es\/?p=73328"},"modified":"2023-10-06T23:29:03","modified_gmt":"2023-10-07T05:29:03","slug":"el-colegio-belga-de-guatemala-rechaza-todas-las-acciones-que-violen-y-atenten-la-democracia","status":"publish","type":"post","link":"https:\/\/elmetropolitano.com.gt\/es\/el-colegio-belga-de-guatemala-rechaza-todas-las-acciones-que-violen-y-atenten-la-democracia\/","title":{"rendered":"El Colegio Belga de Guatemala rechaza todas las acciones que violen y atenten la democracia"},"content":{"rendered":"\n<p>Ante <a><\/a>la coyuntura actual y tomando en cuenta los valores que rigen nuestra<\/p>\n\n\n\n<p>Instituci\u00f3n, manifestamos un total rechazo a todas las acciones que violan y atentan en contra de la democracia en el pais.<\/p><div class=\"elmet-contenido\" id=\"elmet-2799232940\"><div class=\"elmet-adlabel\">Anuncios<\/div><div style=\"margin-top: 20px;margin-right: 20px;margin-bottom: 20px;margin-left: 20px;\" id=\"elmet-2111491291\"><a href=\"https:\/\/www.facebook.com\/arrincuanantigua\/\" aria-label=\"cintillo-arrin-cual\"><img loading=\"lazy\" decoding=\"async\" src=\"https:\/\/elmetropolitano.com.gt\/es\/wp-content\/uploads\/2021\/11\/cintillo-arrin-cual-1.jpg\" alt=\"\"  srcset=\"https:\/\/elmetropolitano.com.gt\/es\/wp-content\/uploads\/2021\/11\/cintillo-arrin-cual-1.jpg 750w, https:\/\/elmetropolitano.com.gt\/es\/wp-content\/uploads\/2021\/11\/cintillo-arrin-cual-1-300x36.jpg 300w, https:\/\/elmetropolitano.com.gt\/es\/wp-content\/uploads\/2021\/11\/cintillo-arrin-cual-1-600x72.jpg 600w\" sizes=\"(max-width: 750px) 100vw, 750px\" width=\"750\" height=\"90\"   \/><\/a><\/div><\/div>\n\n\n\n<p>Como Instituci\u00f3n Educativa, que promueve la formaci\u00f3n de l\u00edderes, la participaci\u00f3n democr\u00e1tica, la conciencia ciudadana y el juicio cr\u00edtico, entre otros elementos pedag\u00f3gicos que constituyen nuestro Proyecto Educativo;<\/p>\n\n\n\n<p>nos unimos a todas las Instituciones y personas que est\u00e1n luchando por salvaguardar el Estado de Derecho en Guatemala. Solicitamos el respeto a la soberan\u00eda y al ordenamiento jur\u00eddico guatemalteco, as\u00ed como a la voz del pueblo que fue manifestada a trav\u00e9s del proceso electoral realizado<\/p>\n\n\n\n<p>recientemente en el pa\u00eds.<\/p>\n\n\n\n<p>Por lo anterior, a nuestra Comunidad Educativa le exhortamos a mantenerse informada de la coyuntura nacional y a dialogar en familia, acerca de la situaci\u00f3n que como pa\u00eds estamos atravesando, a fin de seguir fortaleciendo el sentido de ciudadan\u00eda en sus hijos e hijas, asi como el juicio cr\u00edtico, basado en la justicia, indispensable para la construcci\u00f3n del<\/p>\n\n\n\n<p>Reino de Dios.<\/p>\n\n\n\n<p>Atentamente,<\/p>\n\n\n\n<p>CONSEJO DE DIRECCI\u00d3N<\/p>\n\n\n\n<p>\u00abHuyamos del des\u00e1nimo, ese obst\u00e1culo fatal para todo lo que es bueno, grande, noble y generoso. Para el pasado, repararlo: para el presente, soluciones firmes, cumplidas con \u00e1nimo\u00bb<\/p>\n\n\n\n<p>Melanie Van Biervliet,<\/p>\n\n\n\n<p>una de las Fundadoras de la Congregaci\u00f3n de la Sagrada Familia de Helmet.<\/p>\n\n\n\n<p><a href=\"https:\/\/www.facebook.com\/hashtag\/paronacionalgt?__eep__=6&amp;__cft__[0]=AZXkS70Z1rodUVHQ4pGd-R4jYTtKprYSOTO5tye3vDopO2-h-OjTmSy0pw8DPGnKuvAzi3krkeu46behH-9z8jXwyhjEDPhHoM7bBJP3fmH7QvjzuFiUS89QB3j5FeyW0VTrhC6UObJ1Swip_kPnLKDeVb410YadtYPgvXvaTm1CkyGGbra_AbskoQ9zSClZ-2c&amp;__tn__=*NK-R\">#ParoNacionalGT<\/a><\/p>\n\n\n\n<figure class=\"wp-block-gallery has-nested-images columns-default is-cropped wp-block-gallery-1 is-layout-flex wp-block-gallery-is-layout-flex\">\n<figure class=\"wp-block-image size-large\"><img loading=\"lazy\" decoding=\"async\" width=\"720\" height=\"854\" data-id=\"73330\" src=\"https:\/\/elmetropolitano.com.gt\/es\/wp-content\/uploads\/2023\/10\/387172530_795766209216131_4450383862597243043_n-1.jpg\" alt=\"\" class=\"wp-image-73330\" srcset=\"https:\/\/elmetropolitano.com.gt\/es\/wp-content\/uploads\/2023\/10\/387172530_795766209216131_4450383862597243043_n-1.jpg 720w, https:\/\/elmetropolitano.com.gt\/es\/wp-content\/uploads\/2023\/10\/387172530_795766209216131_4450383862597243043_n-1-253x300.jpg 253w, https:\/\/elmetropolitano.com.gt\/es\/wp-content\/uploads\/2023\/10\/387172530_795766209216131_4450383862597243043_n-1-600x712.jpg 600w\" sizes=\"auto, (max-width: 720px) 100vw, 720px\" \/><\/figure>\n<\/figure>\n","protected":false},"excerpt":{"rendered":"<p>Ante la coyuntura actual y tomando en cuenta los valores que rigen nuestra Instituci\u00f3n, manifestamos un total rechazo a todas las acciones que violan y atentan en contra de la democracia en el pais. Como Instituci\u00f3n Educativa, que promueve la formaci\u00f3n de l\u00edderes, la participaci\u00f3n democr\u00e1tica, la conciencia ciudadana y el juicio cr\u00edtico, entre otros <a class=\"read-more\" href=\"https:\/\/elmetropolitano.com.gt\/es\/el-colegio-belga-de-guatemala-rechaza-todas-las-acciones-que-violen-y-atenten-la-democracia\/\">Leer m\u00e1s<\/a><\/p>\n","protected":false},"author":1,"featured_media":73329,"comment_status":"open","ping_status":"closed","sticky":false,"template":"","format":"standard","meta":{"footnotes":""},"categories":[2],"tags":[12],"class_list":["post-73328","post","type-post","status-publish","format-standard","has-post-thumbnail","hentry","category-nacionales","tag-nacionales"],"_links":{"self":[{"href":"https:\/\/elmetropolitano.com.gt\/es\/wp-json\/wp\/v2\/posts\/73328","targetHints":{"allow":["GET"]}}],"collection":[{"href":"https:\/\/elmetropolitano.com.gt\/es\/wp-json\/wp\/v2\/posts"}],"about":[{"href":"https:\/\/elmetropolitano.com.gt\/es\/wp-json\/wp\/v2\/types\/post"}],"author":[{"embeddable":true,"href":"https:\/\/elmetropolitano.com.gt\/es\/wp-json\/wp\/v2\/users\/1"}],"replies":[{"embeddable":true,"href":"https:\/\/elmetropolitano.com.gt\/es\/wp-json\/wp\/v2\/comments?post=73328"}],"version-history":[{"count":1,"href":"https:\/\/elmetropolitano.com.gt\/es\/wp-json\/wp\/v2\/posts\/73328\/revisions"}],"predecessor-version":[{"id":73331,"href":"https:\/\/elmetropolitano.com.gt\/es\/wp-json\/wp\/v2\/posts\/73328\/revisions\/73331"}],"wp:featuredmedia":[{"embeddable":true,"href":"https:\/\/elmetropolitano.com.gt\/es\/wp-json\/wp\/v2\/media\/73329"}],"wp:attachment":[{"href":"https:\/\/elmetropolitano.com.gt\/es\/wp-json\/wp\/v2\/media?parent=73328"}],"wp:term":[{"taxonomy":"category","embeddable":true,"href":"https:\/\/elmetropolitano.com.gt\/es\/wp-json\/wp\/v2\/categories?post=73328"},{"taxonomy":"post_tag","embeddable":true,"href":"https:\/\/elmetropolitano.com.gt\/es\/wp-json\/wp\/v2\/tags?post=73328"}],"curies":[{"name":"wp","href":"https:\/\/api.w.org\/{rel}","templated":true}]}}