{"id":73332,"date":"2023-10-06T23:31:35","date_gmt":"2023-10-07T05:31:35","guid":{"rendered":"https:\/\/elmetropolitano.com.gt\/es\/?p=73332"},"modified":"2023-10-06T23:31:36","modified_gmt":"2023-10-07T05:31:36","slug":"oea-mediara-en-la-crisis-politica-ante-bloqueos-en-todo-el-pais","status":"publish","type":"post","link":"https:\/\/elmetropolitano.com.gt\/es\/oea-mediara-en-la-crisis-politica-ante-bloqueos-en-todo-el-pais\/","title":{"rendered":"OEA mediar\u00e1 en la crisis pol\u00edtica ante bloqueos en todo el pa\u00eds"},"content":{"rendered":"\n<p>El Secretario General de la Organizaci\u00f3n de Estados Americanos OEA Luis Almagro anunci\u00f3 esta noche que el gobierno de Alejandro Giammatei le a pedido por medio del canciller Mario B\u00facaro que medie en la crisis presentada por el Paro Nacional que realizan diversos sectores.<\/p>\n\n\n\n<p><a><\/a>\u201cAceptamos solicitud del Gobierno de Guatemala para efectuar tareas de mediaci\u00f3n entre los sectores sociales involucrados en las protestas y el Gobierno\u201d anunci\u00f3 esta noche el diplom\u00e1tico Luis Almagro.<\/p><div class=\"elmet-contenido\" id=\"elmet-3995172766\"><div class=\"elmet-adlabel\">Anuncios<\/div><div style=\"margin-top: 20px;margin-right: 20px;margin-bottom: 20px;margin-left: 20px;\" id=\"elmet-2004045847\"><a href=\"https:\/\/www.facebook.com\/arrincuanantigua\/\" aria-label=\"cintillo-arrin-cual\"><img loading=\"lazy\" decoding=\"async\" src=\"https:\/\/elmetropolitano.com.gt\/es\/wp-content\/uploads\/2021\/11\/cintillo-arrin-cual-1.jpg\" alt=\"\"  srcset=\"https:\/\/elmetropolitano.com.gt\/es\/wp-content\/uploads\/2021\/11\/cintillo-arrin-cual-1.jpg 750w, https:\/\/elmetropolitano.com.gt\/es\/wp-content\/uploads\/2021\/11\/cintillo-arrin-cual-1-300x36.jpg 300w, https:\/\/elmetropolitano.com.gt\/es\/wp-content\/uploads\/2021\/11\/cintillo-arrin-cual-1-600x72.jpg 600w\" sizes=\"(max-width: 750px) 100vw, 750px\" width=\"750\" height=\"90\"   \/><\/a><\/div><\/div>\n\n\n\n<p>La Carta enviada a Almagro<\/p>\n\n\n\n<p>Secretario General,<\/p>\n\n\n\n<p>Tengo el agrado de dirigirme a usted en seguimiento a la nota de fecha 28 de agosto de 2023, a trav\u00e9s de la cual se invita a la Organizaci\u00f3n de los Estados Americanos (OEA), a acomparar y observar el proceso de transici\u00f3n en Guatemala.<\/p>\n\n\n\n<p>Considerando el compromiso que ha demostrado la OEA con Guatemala, en nombre del Se\u00f1or Presidente de la Rep\u00fablica, Doctor Alejandro Giammattei Falla, me dirijo a Usted derivado de los \u00faltimos acontecimientos suscitados en el pa\u00eds por el paro nacional, que ha provocado limitaciones en el cumplimiento del derecho a la libre locomoci\u00f3n y dem\u00e1s<\/p>\n\n\n\n<p>derechos constitucionales.<\/p>\n\n\n\n<p>En ese sentido, se le extiende a Usted una invitaci\u00f3n para iniciar un proceso de mediaci\u00f3n, a trav\u00e9s del establecimiento de mesas de dialogo, que permita que los guatemaltecos encuentren consensos entre los distintos sectores, para coadyuvar a la cohesi\u00f3n social del pais.<\/p>\n\n\n\n<p>A la espera de su amable respuesta, aprovecho la ocasi\u00f3n para expresar a usted las seguridades de mi mayor consideraci\u00f3n y personal estima.<\/p>\n\n\n\n<p>Mario Adolfo Bicaro Flores<\/p>\n\n\n\n<p>MInistro de Relacienes Exteriores<\/p>\n\n\n\n<p><a href=\"https:\/\/www.facebook.com\/hashtag\/crisispolitica?__eep__=6&amp;__cft__[0]=AZV8X-CLq7N8Zru83V31el2Gv5ygU5zlgUzGOOrte1gz1tg9GscelOGw3kcBGatBCSdrMLkSC7PJchXIqPykISYIvQIxKuCxTfy8n2ZVc5Im3VBvwhSzAtIzPfQbn0QG9td85jzZIfRIJvediCYvcF3UjIdIFIHgUvoBiYEOXD76gxOTOwngJmEe3WfH9aPOQe4&amp;__tn__=*NK-R\">#crisispolitica<\/a><a href=\"https:\/\/www.facebook.com\/hashtag\/metroredes?__eep__=6&amp;__cft__[0]=AZV8X-CLq7N8Zru83V31el2Gv5ygU5zlgUzGOOrte1gz1tg9GscelOGw3kcBGatBCSdrMLkSC7PJchXIqPykISYIvQIxKuCxTfy8n2ZVc5Im3VBvwhSzAtIzPfQbn0QG9td85jzZIfRIJvediCYvcF3UjIdIFIHgUvoBiYEOXD76gxOTOwngJmEe3WfH9aPOQe4&amp;__tn__=*NK-R\">#metroredes<\/a><a href=\"https:\/\/www.facebook.com\/hashtag\/bloqueosgt?__eep__=6&amp;__cft__[0]=AZV8X-CLq7N8Zru83V31el2Gv5ygU5zlgUzGOOrte1gz1tg9GscelOGw3kcBGatBCSdrMLkSC7PJchXIqPykISYIvQIxKuCxTfy8n2ZVc5Im3VBvwhSzAtIzPfQbn0QG9td85jzZIfRIJvediCYvcF3UjIdIFIHgUvoBiYEOXD76gxOTOwngJmEe3WfH9aPOQe4&amp;__tn__=*NK-R\">#BloqueosGT<\/a><a href=\"https:\/\/www.facebook.com\/hashtag\/oea?__eep__=6&amp;__cft__[0]=AZV8X-CLq7N8Zru83V31el2Gv5ygU5zlgUzGOOrte1gz1tg9GscelOGw3kcBGatBCSdrMLkSC7PJchXIqPykISYIvQIxKuCxTfy8n2ZVc5Im3VBvwhSzAtIzPfQbn0QG9td85jzZIfRIJvediCYvcF3UjIdIFIHgUvoBiYEOXD76gxOTOwngJmEe3WfH9aPOQe4&amp;__tn__=*NK-R\">#OEA<\/a><\/p>\n\n\n\n<figure class=\"wp-block-gallery has-nested-images columns-default is-cropped wp-block-gallery-1 is-layout-flex wp-block-gallery-is-layout-flex\">\n<figure class=\"wp-block-image size-large\"><img loading=\"lazy\" decoding=\"async\" width=\"400\" height=\"400\" data-id=\"73334\" src=\"https:\/\/elmetropolitano.com.gt\/es\/wp-content\/uploads\/2023\/10\/370092968_795794895879929_719180843135214857_n-1.jpg\" alt=\"\" class=\"wp-image-73334\" srcset=\"https:\/\/elmetropolitano.com.gt\/es\/wp-content\/uploads\/2023\/10\/370092968_795794895879929_719180843135214857_n-1.jpg 400w, https:\/\/elmetropolitano.com.gt\/es\/wp-content\/uploads\/2023\/10\/370092968_795794895879929_719180843135214857_n-1-300x300.jpg 300w, https:\/\/elmetropolitano.com.gt\/es\/wp-content\/uploads\/2023\/10\/370092968_795794895879929_719180843135214857_n-1-150x150.jpg 150w, https:\/\/elmetropolitano.com.gt\/es\/wp-content\/uploads\/2023\/10\/370092968_795794895879929_719180843135214857_n-1-100x100.jpg 100w\" sizes=\"auto, (max-width: 400px) 100vw, 400px\" \/><\/figure>\n\n\n\n<figure class=\"wp-block-image size-large\"><img loading=\"lazy\" decoding=\"async\" width=\"828\" height=\"1024\" data-id=\"73335\" src=\"https:\/\/elmetropolitano.com.gt\/es\/wp-content\/uploads\/2023\/10\/385307889_795795012546584_2362197825750255843_n-828x1024.jpg\" alt=\"\" class=\"wp-image-73335\" srcset=\"https:\/\/elmetropolitano.com.gt\/es\/wp-content\/uploads\/2023\/10\/385307889_795795012546584_2362197825750255843_n-828x1024.jpg 828w, https:\/\/elmetropolitano.com.gt\/es\/wp-content\/uploads\/2023\/10\/385307889_795795012546584_2362197825750255843_n-243x300.jpg 243w, https:\/\/elmetropolitano.com.gt\/es\/wp-content\/uploads\/2023\/10\/385307889_795795012546584_2362197825750255843_n-768x950.jpg 768w, https:\/\/elmetropolitano.com.gt\/es\/wp-content\/uploads\/2023\/10\/385307889_795795012546584_2362197825750255843_n-600x742.jpg 600w, https:\/\/elmetropolitano.com.gt\/es\/wp-content\/uploads\/2023\/10\/385307889_795795012546584_2362197825750255843_n.jpg 1242w\" sizes=\"auto, (max-width: 828px) 100vw, 828px\" \/><\/figure>\n<\/figure>\n","protected":false},"excerpt":{"rendered":"<p>El Secretario General de la Organizaci\u00f3n de Estados Americanos OEA Luis Almagro anunci\u00f3 esta noche que el gobierno de Alejandro Giammatei le a pedido por medio del canciller Mario B\u00facaro que medie en la crisis presentada por el Paro Nacional que realizan diversos sectores. \u201cAceptamos solicitud del Gobierno de Guatemala para efectuar tareas de mediaci\u00f3n <a class=\"read-more\" href=\"https:\/\/elmetropolitano.com.gt\/es\/oea-mediara-en-la-crisis-politica-ante-bloqueos-en-todo-el-pais\/\">Leer m\u00e1s<\/a><\/p>\n","protected":false},"author":1,"featured_media":73333,"comment_status":"open","ping_status":"closed","sticky":false,"template":"","format":"standard","meta":{"footnotes":""},"categories":[2],"tags":[12],"class_list":["post-73332","post","type-post","status-publish","format-standard","has-post-thumbnail","hentry","category-nacionales","tag-nacionales"],"_links":{"self":[{"href":"https:\/\/elmetropolitano.com.gt\/es\/wp-json\/wp\/v2\/posts\/73332","targetHints":{"allow":["GET"]}}],"collection":[{"href":"https:\/\/elmetropolitano.com.gt\/es\/wp-json\/wp\/v2\/posts"}],"about":[{"href":"https:\/\/elmetropolitano.com.gt\/es\/wp-json\/wp\/v2\/types\/post"}],"author":[{"embeddable":true,"href":"https:\/\/elmetropolitano.com.gt\/es\/wp-json\/wp\/v2\/users\/1"}],"replies":[{"embeddable":true,"href":"https:\/\/elmetropolitano.com.gt\/es\/wp-json\/wp\/v2\/comments?post=73332"}],"version-history":[{"count":1,"href":"https:\/\/elmetropolitano.com.gt\/es\/wp-json\/wp\/v2\/posts\/73332\/revisions"}],"predecessor-version":[{"id":73336,"href":"https:\/\/elmetropolitano.com.gt\/es\/wp-json\/wp\/v2\/posts\/73332\/revisions\/73336"}],"wp:featuredmedia":[{"embeddable":true,"href":"https:\/\/elmetropolitano.com.gt\/es\/wp-json\/wp\/v2\/media\/73333"}],"wp:attachment":[{"href":"https:\/\/elmetropolitano.com.gt\/es\/wp-json\/wp\/v2\/media?parent=73332"}],"wp:term":[{"taxonomy":"category","embeddable":true,"href":"https:\/\/elmetropolitano.com.gt\/es\/wp-json\/wp\/v2\/categories?post=73332"},{"taxonomy":"post_tag","embeddable":true,"href":"https:\/\/elmetropolitano.com.gt\/es\/wp-json\/wp\/v2\/tags?post=73332"}],"curies":[{"name":"wp","href":"https:\/\/api.w.org\/{rel}","templated":true}]}}