{"id":73340,"date":"2023-10-06T23:39:45","date_gmt":"2023-10-07T05:39:45","guid":{"rendered":"https:\/\/elmetropolitano.com.gt\/es\/?p=73340"},"modified":"2023-10-06T23:39:46","modified_gmt":"2023-10-07T05:39:46","slug":"docentes-destacados-son-condecorados-con-la-orden-francisco-marroquin","status":"publish","type":"post","link":"https:\/\/elmetropolitano.com.gt\/es\/docentes-destacados-son-condecorados-con-la-orden-francisco-marroquin\/","title":{"rendered":"Docentes destacados son condecorados con la Orden Francisco Marroqu\u00edn"},"content":{"rendered":"\n<p>El presidente Alejandro Giammattei, en su calidad de jefe de la Orden Nacional Francisco Marroqu\u00edn, otorg\u00f3 este reconocimiento a ocho docentes por su labor invaluable en la educaci\u00f3n en Guatemala. La ministra de Educaci\u00f3n, Claudia Ru\u00edz, acompa\u00f1\u00f3 al mandatario en el evento llevado a cabo en el Palacio Nacional de la Cultura.<\/p>\n\n\n\n<p>\u201cLos ocho docentes que hoy son homenajeados han demostrado con su trabajo y esfuerzo, <a><\/a>as\u00ed como una dedicaci\u00f3n hacia sus estudiantes, asegur\u00e1ndose de que cada uno de ellos tenga las herramientas y el conocimiento necesarios para forjarse un futuro prometedor\u201d expres\u00f3 Giammattei<\/p><div class=\"elmet-contenido\" id=\"elmet-3775703930\"><div class=\"elmet-adlabel\">Anuncios<\/div><div style=\"margin-top: 20px;margin-right: 20px;margin-bottom: 20px;margin-left: 20px;\" id=\"elmet-2251002072\"><a href=\"https:\/\/www.facebook.com\/arrincuanantigua\/\" aria-label=\"cintillo-arrin-cual\"><img loading=\"lazy\" decoding=\"async\" src=\"https:\/\/elmetropolitano.com.gt\/es\/wp-content\/uploads\/2021\/11\/cintillo-arrin-cual-1.jpg\" alt=\"\"  srcset=\"https:\/\/elmetropolitano.com.gt\/es\/wp-content\/uploads\/2021\/11\/cintillo-arrin-cual-1.jpg 750w, https:\/\/elmetropolitano.com.gt\/es\/wp-content\/uploads\/2021\/11\/cintillo-arrin-cual-1-300x36.jpg 300w, https:\/\/elmetropolitano.com.gt\/es\/wp-content\/uploads\/2021\/11\/cintillo-arrin-cual-1-600x72.jpg 600w\" sizes=\"(max-width: 750px) 100vw, 750px\" width=\"750\" height=\"90\"   \/><\/a><\/div><\/div>\n\n\n\n<p>Con esta orden se reconoce la excelencia acad\u00e9mica y profesional de los docentes. Adem\u00e1s, permite visibilizar el legado que han dejado en las aulas y en cada uno de los miles de sus estudiantes.<\/p>\n\n\n\n<p>Los galardonados<\/p>\n\n\n\n<p>Seg\u00fan el Ministerio de Educaci\u00f3n (Mineduc), los condecorados para este a\u00f1o son:<\/p>\n\n\n\n<p>-Juan Carlos Villatoro Rosales<\/p>\n\n\n\n<p>-Aracely Judith Samayoa Godoy de Pineda<\/p>\n\n\n\n<p>-Facundo L\u00f3pez Ortiz<\/p>\n\n\n\n<p>-Dar\u00edo Raymundo L\u00f3pez Flores<\/p>\n\n\n\n<p>-Rosa Anabela Palacios Caniz<\/p>\n\n\n\n<p>-C\u00e9sar Donaldo Ju\u00e1rez Fuentes<\/p>\n\n\n\n<p>-Salvador Rolando Casasola Guerra<\/p>\n\n\n\n<p>-Mar\u00eda Antonieta Ovalle de Alvarado<\/p>\n\n\n\n<p>Los condecorados son originarios de Solol\u00e1, Guatemala, Baja Verapaz, Izabal, Suchitep\u00e9quez, San Marcos y Zacapa.<\/p>\n\n\n\n<p>\u201cEste reconocimiento es para exaltar la dedicaci\u00f3n, el compromiso y la excelencia de docentes que han dedicado su vida a la noble y loable tarea de la educaci\u00f3n\u201denfatiz\u00f3 el Presidente Giammattei<\/p>\n\n\n\n<p>De hecho, la Orden Francisco Marroqu\u00edn es un s\u00edmbolo de gratitud y admiraci\u00f3n hacia los maestros, que, con su trabajo diario, han desarrollado conocimiento y valores en las mentes y corazones de nuestros ni\u00f1os, ni\u00f1as y adolescentes guatemaltecos.<\/p>\n\n\n\n<p>Sobre el reconocimiento<\/p>\n\n\n\n<p>El origen de la Orden Nacional Francisco Marroqu\u00edn se basa en la necesidad de un s\u00edmbolo de honor y dignificaci\u00f3n para ser conferida a los educadores que se han distinguido en su profesi\u00f3n. Asimismo, el galard\u00f3n busca dar ejemplo de trabajo abnegado y superaci\u00f3n de la ense\u00f1anza por el bien de Guatemala.<\/p>\n\n\n\n<p>La titular de Educaci\u00f3n inform\u00f3 que esta orden ha sido entregada a m\u00e1s de 400 maestros.<\/p>\n\n\n\n<p>Desde su creaci\u00f3n mediante el Decreto y Ley n\u00famero 51 del 17 de junio de 1963 hasta 2023 este prestigioso galard\u00f3n ha sido otorgado a un total de 410 docentes.<\/p>\n\n\n\n<p>Sin embargo, derivado de la pandemia del coronavirus (COVID-19), este acto se suspendi\u00f3 en los a\u00f1os 2020 y 2021.<\/p>\n\n\n\n<p>Es a trav\u00e9s de este galard\u00f3n que el Ministerio de Educaci\u00f3n reconoce y exalta la trayectoria magisterial de los docentes de los 22 departamentos del pa\u00eds<\/p>\n\n\n\n<p>Texto: Brenda Larios<\/p>\n\n\n\n<figure class=\"wp-block-gallery has-nested-images columns-default is-cropped wp-block-gallery-1 is-layout-flex wp-block-gallery-is-layout-flex\">\n<figure class=\"wp-block-image size-large\"><img loading=\"lazy\" decoding=\"async\" width=\"1024\" height=\"689\" data-id=\"73342\" src=\"https:\/\/elmetropolitano.com.gt\/es\/wp-content\/uploads\/2023\/10\/370129205_795808612545224_8569843620392417161_n-1024x689.jpg\" alt=\"\" class=\"wp-image-73342\" srcset=\"https:\/\/elmetropolitano.com.gt\/es\/wp-content\/uploads\/2023\/10\/370129205_795808612545224_8569843620392417161_n-1024x689.jpg 1024w, https:\/\/elmetropolitano.com.gt\/es\/wp-content\/uploads\/2023\/10\/370129205_795808612545224_8569843620392417161_n-300x202.jpg 300w, https:\/\/elmetropolitano.com.gt\/es\/wp-content\/uploads\/2023\/10\/370129205_795808612545224_8569843620392417161_n-768x516.jpg 768w, https:\/\/elmetropolitano.com.gt\/es\/wp-content\/uploads\/2023\/10\/370129205_795808612545224_8569843620392417161_n-600x403.jpg 600w, https:\/\/elmetropolitano.com.gt\/es\/wp-content\/uploads\/2023\/10\/370129205_795808612545224_8569843620392417161_n.jpg 1206w\" sizes=\"auto, (max-width: 1024px) 100vw, 1024px\" \/><\/figure>\n\n\n\n<figure class=\"wp-block-image size-large\"><img loading=\"lazy\" decoding=\"async\" width=\"1024\" height=\"512\" data-id=\"73345\" src=\"https:\/\/elmetropolitano.com.gt\/es\/wp-content\/uploads\/2023\/10\/382753918_795808962545189_5921317113802249152_n-1024x512.jpg\" alt=\"\" class=\"wp-image-73345\" srcset=\"https:\/\/elmetropolitano.com.gt\/es\/wp-content\/uploads\/2023\/10\/382753918_795808962545189_5921317113802249152_n-1024x512.jpg 1024w, https:\/\/elmetropolitano.com.gt\/es\/wp-content\/uploads\/2023\/10\/382753918_795808962545189_5921317113802249152_n-300x150.jpg 300w, https:\/\/elmetropolitano.com.gt\/es\/wp-content\/uploads\/2023\/10\/382753918_795808962545189_5921317113802249152_n-768x384.jpg 768w, https:\/\/elmetropolitano.com.gt\/es\/wp-content\/uploads\/2023\/10\/382753918_795808962545189_5921317113802249152_n-600x300.jpg 600w, https:\/\/elmetropolitano.com.gt\/es\/wp-content\/uploads\/2023\/10\/382753918_795808962545189_5921317113802249152_n.jpg 1140w\" sizes=\"auto, (max-width: 1024px) 100vw, 1024px\" \/><\/figure>\n\n\n\n<figure class=\"wp-block-image size-large\"><img loading=\"lazy\" decoding=\"async\" width=\"1024\" height=\"681\" data-id=\"73344\" src=\"https:\/\/elmetropolitano.com.gt\/es\/wp-content\/uploads\/2023\/10\/385306987_795808945878524_8780902534900361109_n-1024x681.jpg\" alt=\"\" class=\"wp-image-73344\" srcset=\"https:\/\/elmetropolitano.com.gt\/es\/wp-content\/uploads\/2023\/10\/385306987_795808945878524_8780902534900361109_n-1024x681.jpg 1024w, https:\/\/elmetropolitano.com.gt\/es\/wp-content\/uploads\/2023\/10\/385306987_795808945878524_8780902534900361109_n-300x200.jpg 300w, https:\/\/elmetropolitano.com.gt\/es\/wp-content\/uploads\/2023\/10\/385306987_795808945878524_8780902534900361109_n-768x511.jpg 768w, https:\/\/elmetropolitano.com.gt\/es\/wp-content\/uploads\/2023\/10\/385306987_795808945878524_8780902534900361109_n-600x399.jpg 600w, https:\/\/elmetropolitano.com.gt\/es\/wp-content\/uploads\/2023\/10\/385306987_795808945878524_8780902534900361109_n.jpg 1204w\" sizes=\"auto, (max-width: 1024px) 100vw, 1024px\" \/><\/figure>\n\n\n\n<figure class=\"wp-block-image size-large\"><img loading=\"lazy\" decoding=\"async\" width=\"1024\" height=\"681\" data-id=\"73343\" src=\"https:\/\/elmetropolitano.com.gt\/es\/wp-content\/uploads\/2023\/10\/385861640_795808952545190_1287472945807874291_n-1024x681.jpg\" alt=\"\" class=\"wp-image-73343\" srcset=\"https:\/\/elmetropolitano.com.gt\/es\/wp-content\/uploads\/2023\/10\/385861640_795808952545190_1287472945807874291_n-1024x681.jpg 1024w, https:\/\/elmetropolitano.com.gt\/es\/wp-content\/uploads\/2023\/10\/385861640_795808952545190_1287472945807874291_n-300x200.jpg 300w, https:\/\/elmetropolitano.com.gt\/es\/wp-content\/uploads\/2023\/10\/385861640_795808952545190_1287472945807874291_n-768x511.jpg 768w, https:\/\/elmetropolitano.com.gt\/es\/wp-content\/uploads\/2023\/10\/385861640_795808952545190_1287472945807874291_n-600x399.jpg 600w, https:\/\/elmetropolitano.com.gt\/es\/wp-content\/uploads\/2023\/10\/385861640_795808952545190_1287472945807874291_n.jpg 1207w\" sizes=\"auto, (max-width: 1024px) 100vw, 1024px\" \/><\/figure>\n<\/figure>\n","protected":false},"excerpt":{"rendered":"<p>El presidente Alejandro Giammattei, en su calidad de jefe de la Orden Nacional Francisco Marroqu\u00edn, otorg\u00f3 este reconocimiento a ocho docentes por su labor invaluable en la educaci\u00f3n en Guatemala. La ministra de Educaci\u00f3n, Claudia Ru\u00edz, acompa\u00f1\u00f3 al mandatario en el evento llevado a cabo en el Palacio Nacional de la Cultura. \u201cLos ocho docentes <a class=\"read-more\" href=\"https:\/\/elmetropolitano.com.gt\/es\/docentes-destacados-son-condecorados-con-la-orden-francisco-marroquin\/\">Leer m\u00e1s<\/a><\/p>\n","protected":false},"author":1,"featured_media":73341,"comment_status":"open","ping_status":"closed","sticky":false,"template":"","format":"standard","meta":{"footnotes":""},"categories":[2],"tags":[12],"class_list":["post-73340","post","type-post","status-publish","format-standard","has-post-thumbnail","hentry","category-nacionales","tag-nacionales"],"_links":{"self":[{"href":"https:\/\/elmetropolitano.com.gt\/es\/wp-json\/wp\/v2\/posts\/73340","targetHints":{"allow":["GET"]}}],"collection":[{"href":"https:\/\/elmetropolitano.com.gt\/es\/wp-json\/wp\/v2\/posts"}],"about":[{"href":"https:\/\/elmetropolitano.com.gt\/es\/wp-json\/wp\/v2\/types\/post"}],"author":[{"embeddable":true,"href":"https:\/\/elmetropolitano.com.gt\/es\/wp-json\/wp\/v2\/users\/1"}],"replies":[{"embeddable":true,"href":"https:\/\/elmetropolitano.com.gt\/es\/wp-json\/wp\/v2\/comments?post=73340"}],"version-history":[{"count":1,"href":"https:\/\/elmetropolitano.com.gt\/es\/wp-json\/wp\/v2\/posts\/73340\/revisions"}],"predecessor-version":[{"id":73346,"href":"https:\/\/elmetropolitano.com.gt\/es\/wp-json\/wp\/v2\/posts\/73340\/revisions\/73346"}],"wp:featuredmedia":[{"embeddable":true,"href":"https:\/\/elmetropolitano.com.gt\/es\/wp-json\/wp\/v2\/media\/73341"}],"wp:attachment":[{"href":"https:\/\/elmetropolitano.com.gt\/es\/wp-json\/wp\/v2\/media?parent=73340"}],"wp:term":[{"taxonomy":"category","embeddable":true,"href":"https:\/\/elmetropolitano.com.gt\/es\/wp-json\/wp\/v2\/categories?post=73340"},{"taxonomy":"post_tag","embeddable":true,"href":"https:\/\/elmetropolitano.com.gt\/es\/wp-json\/wp\/v2\/tags?post=73340"}],"curies":[{"name":"wp","href":"https:\/\/api.w.org\/{rel}","templated":true}]}}