{"id":73347,"date":"2023-10-06T23:50:34","date_gmt":"2023-10-07T05:50:34","guid":{"rendered":"https:\/\/elmetropolitano.com.gt\/es\/?p=73347"},"modified":"2023-10-06T23:50:35","modified_gmt":"2023-10-07T05:50:35","slug":"en-un-memorial-y-de-manera-formal-solicitan-al-presidente-la-destitucion-de-consuelo-porras","status":"publish","type":"post","link":"https:\/\/elmetropolitano.com.gt\/es\/en-un-memorial-y-de-manera-formal-solicitan-al-presidente-la-destitucion-de-consuelo-porras\/","title":{"rendered":"En un memorial y de manera formal solicitan al presidente la destituci\u00f3n de Consuelo Porras"},"content":{"rendered":"\n<p>A trav\u00e9s de un memorial se solicita la destituci\u00f3n formal de la fiscal general Consuelo Porras, de car\u00e1cter URGENTE al presidente de la Rep\u00fablica, Alejandro Giammattei, el documento consta de 57 hojas firmadas y selladas por diferentes personalidades.<\/p>\n\n\n\n<figure class=\"wp-block-gallery has-nested-images columns-default is-cropped wp-block-gallery-1 is-layout-flex wp-block-gallery-is-layout-flex\">\n<figure class=\"wp-block-image size-large\"><img loading=\"lazy\" decoding=\"async\" width=\"509\" height=\"720\" data-id=\"73350\" src=\"https:\/\/elmetropolitano.com.gt\/es\/wp-content\/uploads\/2023\/10\/3-2.jpg\" alt=\"\" class=\"wp-image-73350\" srcset=\"https:\/\/elmetropolitano.com.gt\/es\/wp-content\/uploads\/2023\/10\/3-2.jpg 509w, https:\/\/elmetropolitano.com.gt\/es\/wp-content\/uploads\/2023\/10\/3-2-212x300.jpg 212w\" sizes=\"auto, (max-width: 509px) 100vw, 509px\" \/><\/figure>\n\n\n\n<figure class=\"wp-block-image size-large\"><img loading=\"lazy\" decoding=\"async\" width=\"491\" height=\"720\" data-id=\"73349\" src=\"https:\/\/elmetropolitano.com.gt\/es\/wp-content\/uploads\/2023\/10\/1-2.jpg\" alt=\"\" class=\"wp-image-73349\" srcset=\"https:\/\/elmetropolitano.com.gt\/es\/wp-content\/uploads\/2023\/10\/1-2.jpg 491w, https:\/\/elmetropolitano.com.gt\/es\/wp-content\/uploads\/2023\/10\/1-2-205x300.jpg 205w\" sizes=\"auto, (max-width: 491px) 100vw, 491px\" \/><\/figure>\n<\/figure>\n","protected":false},"excerpt":{"rendered":"<p>A trav\u00e9s de un memorial se solicita la destituci\u00f3n formal de la fiscal general Consuelo Porras, de car\u00e1cter URGENTE al presidente de la Rep\u00fablica, Alejandro Giammattei, el documento consta de 57 hojas firmadas y selladas por diferentes personalidades.<\/p>\n","protected":false},"author":1,"featured_media":73348,"comment_status":"open","ping_status":"closed","sticky":false,"template":"","format":"standard","meta":{"footnotes":""},"categories":[2],"tags":[12],"class_list":["post-73347","post","type-post","status-publish","format-standard","has-post-thumbnail","hentry","category-nacionales","tag-nacionales"],"_links":{"self":[{"href":"https:\/\/elmetropolitano.com.gt\/es\/wp-json\/wp\/v2\/posts\/73347","targetHints":{"allow":["GET"]}}],"collection":[{"href":"https:\/\/elmetropolitano.com.gt\/es\/wp-json\/wp\/v2\/posts"}],"about":[{"href":"https:\/\/elmetropolitano.com.gt\/es\/wp-json\/wp\/v2\/types\/post"}],"author":[{"embeddable":true,"href":"https:\/\/elmetropolitano.com.gt\/es\/wp-json\/wp\/v2\/users\/1"}],"replies":[{"embeddable":true,"href":"https:\/\/elmetropolitano.com.gt\/es\/wp-json\/wp\/v2\/comments?post=73347"}],"version-history":[{"count":1,"href":"https:\/\/elmetropolitano.com.gt\/es\/wp-json\/wp\/v2\/posts\/73347\/revisions"}],"predecessor-version":[{"id":73351,"href":"https:\/\/elmetropolitano.com.gt\/es\/wp-json\/wp\/v2\/posts\/73347\/revisions\/73351"}],"wp:featuredmedia":[{"embeddable":true,"href":"https:\/\/elmetropolitano.com.gt\/es\/wp-json\/wp\/v2\/media\/73348"}],"wp:attachment":[{"href":"https:\/\/elmetropolitano.com.gt\/es\/wp-json\/wp\/v2\/media?parent=73347"}],"wp:term":[{"taxonomy":"category","embeddable":true,"href":"https:\/\/elmetropolitano.com.gt\/es\/wp-json\/wp\/v2\/categories?post=73347"},{"taxonomy":"post_tag","embeddable":true,"href":"https:\/\/elmetropolitano.com.gt\/es\/wp-json\/wp\/v2\/tags?post=73347"}],"curies":[{"name":"wp","href":"https:\/\/api.w.org\/{rel}","templated":true}]}}