{"id":73393,"date":"2023-10-08T18:12:50","date_gmt":"2023-10-09T00:12:50","guid":{"rendered":"https:\/\/elmetropolitano.com.gt\/es\/?p=73393"},"modified":"2023-10-08T18:12:51","modified_gmt":"2023-10-09T00:12:51","slug":"vecinos-del-puerto-de-san-jose-claman-por-ayuda-de-parte-de-las-autoridades","status":"publish","type":"post","link":"https:\/\/elmetropolitano.com.gt\/es\/vecinos-del-puerto-de-san-jose-claman-por-ayuda-de-parte-de-las-autoridades\/","title":{"rendered":"Vecinos del Puerto de San Jos\u00e9 claman por ayuda de parte de las autoridades"},"content":{"rendered":"\n<p>Pobladores de las comunidades Bot\u00f3n Blanco, Campamento La Barrita y Barrita Vieja ubicadas en San Jos\u00e9, Escuintla, sufren las inclemencias del clima, debido al desbordamiento del r\u00edo Achiguate, sus casas se encuentran inundadas, por lo que piden a las autoridades buscar soluci\u00f3n a este problema.<\/p>\n\n\n\n<p><a><\/a>Lamentamos que el alcalde Vinicio Najarro de Vamos , la Conred, y el gobernador, no se han preocupado por apoyarnos, pese a ser los indicados de hacerlo expresaron<\/p><div class=\"elmet-contenido\" id=\"elmet-5273235\"><div class=\"elmet-adlabel\">Anuncios<\/div><div style=\"margin-top: 20px;margin-right: 20px;margin-bottom: 20px;margin-left: 20px;\" id=\"elmet-2087161596\"><a href=\"https:\/\/www.facebook.com\/arrincuanantigua\/\" aria-label=\"cintillo-arrin-cual\"><img loading=\"lazy\" decoding=\"async\" src=\"https:\/\/elmetropolitano.com.gt\/es\/wp-content\/uploads\/2021\/11\/cintillo-arrin-cual-1.jpg\" alt=\"\"  srcset=\"https:\/\/elmetropolitano.com.gt\/es\/wp-content\/uploads\/2021\/11\/cintillo-arrin-cual-1.jpg 750w, https:\/\/elmetropolitano.com.gt\/es\/wp-content\/uploads\/2021\/11\/cintillo-arrin-cual-1-300x36.jpg 300w, https:\/\/elmetropolitano.com.gt\/es\/wp-content\/uploads\/2021\/11\/cintillo-arrin-cual-1-600x72.jpg 600w\" sizes=\"(max-width: 750px) 100vw, 750px\" width=\"750\" height=\"90\"   \/><\/a><\/div><\/div>\n\n\n\n<p>Desde el pasado viernes, que llovi\u00f3 fuerte en la parte alta del r\u00edo, se desbordo, y nos ha dejado afectados, nos estamos quedando sin agua para beber, porque los pozos se han contaminado y tambi\u00e9n estamos qued\u00e1ndonos sin alimentos, dijo Juana L\u00f3pez, vecina afectada.<\/p>\n\n\n\n<p>Es urgente que nos apoyen, porque la salud de nuestros ni\u00f1os y personas de la tercera edad, est\u00e1 en riesgo, ojal\u00e1 est\u00e1s autoridades hagan su trabajo, porque el r\u00edo se sigue desbordado debido al da\u00f1o en las bordas y que la boca barra est\u00e1 azolvada, porque las autoridades no le han dado mantenimiento, comento Mauricio Ramos, vecino.<\/p>\n\n\n\n<p><a href=\"https:\/\/www.facebook.com\/hashtag\/escuintla?__eep__=6&amp;__cft__[0]=AZWnKDSrmWzZ2ErulWzE4FCpoKrfL1Ec31XJQ_nHiKzoWs4iCAuW92b6uPBiGVJdx2t3F22QMcwHcHwKrhB-drOnt6bmnZTGI1USKa8a90fQuHS_Zc_OxoBzrqmxrBOjad7Ps4dtfvKYUgaZB3NbK45AaUqC8nPZcxt7P128na8aUNOMJmedDVv-i__nYTGX9pk&amp;__tn__=*NK-R\">#Escuintla<\/a><a href=\"https:\/\/www.facebook.com\/hashtag\/metroredes?__eep__=6&amp;__cft__[0]=AZWnKDSrmWzZ2ErulWzE4FCpoKrfL1Ec31XJQ_nHiKzoWs4iCAuW92b6uPBiGVJdx2t3F22QMcwHcHwKrhB-drOnt6bmnZTGI1USKa8a90fQuHS_Zc_OxoBzrqmxrBOjad7Ps4dtfvKYUgaZB3NbK45AaUqC8nPZcxt7P128na8aUNOMJmedDVv-i__nYTGX9pk&amp;__tn__=*NK-R\">#metroredes<\/a><a href=\"https:\/\/www.facebook.com\/hashtag\/elescuintleco?__eep__=6&amp;__cft__[0]=AZWnKDSrmWzZ2ErulWzE4FCpoKrfL1Ec31XJQ_nHiKzoWs4iCAuW92b6uPBiGVJdx2t3F22QMcwHcHwKrhB-drOnt6bmnZTGI1USKa8a90fQuHS_Zc_OxoBzrqmxrBOjad7Ps4dtfvKYUgaZB3NbK45AaUqC8nPZcxt7P128na8aUNOMJmedDVv-i__nYTGX9pk&amp;__tn__=*NK-R\">#ElEscuintleco<\/a><a href=\"https:\/\/www.facebook.com\/hashtag\/puertodesanjose?__eep__=6&amp;__cft__[0]=AZWnKDSrmWzZ2ErulWzE4FCpoKrfL1Ec31XJQ_nHiKzoWs4iCAuW92b6uPBiGVJdx2t3F22QMcwHcHwKrhB-drOnt6bmnZTGI1USKa8a90fQuHS_Zc_OxoBzrqmxrBOjad7Ps4dtfvKYUgaZB3NbK45AaUqC8nPZcxt7P128na8aUNOMJmedDVv-i__nYTGX9pk&amp;__tn__=*NK-R\">#PuertodeSanJose<\/a><a href=\"https:\/\/www.facebook.com\/hashtag\/elheraldodeguatemala?__eep__=6&amp;__cft__[0]=AZWnKDSrmWzZ2ErulWzE4FCpoKrfL1Ec31XJQ_nHiKzoWs4iCAuW92b6uPBiGVJdx2t3F22QMcwHcHwKrhB-drOnt6bmnZTGI1USKa8a90fQuHS_Zc_OxoBzrqmxrBOjad7Ps4dtfvKYUgaZB3NbK45AaUqC8nPZcxt7P128na8aUNOMJmedDVv-i__nYTGX9pk&amp;__tn__=*NK-R\">#elheraldodeguatemala<\/a><\/p>\n\n\n\n<figure class=\"wp-block-gallery has-nested-images columns-default is-cropped wp-block-gallery-1 is-layout-flex wp-block-gallery-is-layout-flex\">\n<figure class=\"wp-block-image size-large\"><img loading=\"lazy\" decoding=\"async\" width=\"1024\" height=\"768\" data-id=\"73396\" src=\"https:\/\/elmetropolitano.com.gt\/es\/wp-content\/uploads\/2023\/10\/385270358_796884309104321_8850108787427548476_n.jpg\" alt=\"\" class=\"wp-image-73396\" srcset=\"https:\/\/elmetropolitano.com.gt\/es\/wp-content\/uploads\/2023\/10\/385270358_796884309104321_8850108787427548476_n.jpg 1024w, https:\/\/elmetropolitano.com.gt\/es\/wp-content\/uploads\/2023\/10\/385270358_796884309104321_8850108787427548476_n-300x225.jpg 300w, https:\/\/elmetropolitano.com.gt\/es\/wp-content\/uploads\/2023\/10\/385270358_796884309104321_8850108787427548476_n-768x576.jpg 768w, https:\/\/elmetropolitano.com.gt\/es\/wp-content\/uploads\/2023\/10\/385270358_796884309104321_8850108787427548476_n-600x450.jpg 600w\" sizes=\"auto, (max-width: 1024px) 100vw, 1024px\" \/><\/figure>\n\n\n\n<figure class=\"wp-block-image size-large\"><img loading=\"lazy\" decoding=\"async\" width=\"771\" height=\"1024\" data-id=\"73395\" src=\"https:\/\/elmetropolitano.com.gt\/es\/wp-content\/uploads\/2023\/10\/385872654_796884322437653_5093561369684760884_n.jpg\" alt=\"\" class=\"wp-image-73395\" srcset=\"https:\/\/elmetropolitano.com.gt\/es\/wp-content\/uploads\/2023\/10\/385872654_796884322437653_5093561369684760884_n.jpg 771w, https:\/\/elmetropolitano.com.gt\/es\/wp-content\/uploads\/2023\/10\/385872654_796884322437653_5093561369684760884_n-226x300.jpg 226w, https:\/\/elmetropolitano.com.gt\/es\/wp-content\/uploads\/2023\/10\/385872654_796884322437653_5093561369684760884_n-768x1020.jpg 768w, https:\/\/elmetropolitano.com.gt\/es\/wp-content\/uploads\/2023\/10\/385872654_796884322437653_5093561369684760884_n-600x797.jpg 600w\" sizes=\"auto, (max-width: 771px) 100vw, 771px\" \/><\/figure>\n\n\n\n<figure class=\"wp-block-image size-large\"><img loading=\"lazy\" decoding=\"async\" width=\"1024\" height=\"771\" data-id=\"73397\" src=\"https:\/\/elmetropolitano.com.gt\/es\/wp-content\/uploads\/2023\/10\/387032014_796884345770984_7327572208472715888_n.jpg\" alt=\"\" class=\"wp-image-73397\" srcset=\"https:\/\/elmetropolitano.com.gt\/es\/wp-content\/uploads\/2023\/10\/387032014_796884345770984_7327572208472715888_n.jpg 1024w, https:\/\/elmetropolitano.com.gt\/es\/wp-content\/uploads\/2023\/10\/387032014_796884345770984_7327572208472715888_n-300x226.jpg 300w, https:\/\/elmetropolitano.com.gt\/es\/wp-content\/uploads\/2023\/10\/387032014_796884345770984_7327572208472715888_n-768x578.jpg 768w, https:\/\/elmetropolitano.com.gt\/es\/wp-content\/uploads\/2023\/10\/387032014_796884345770984_7327572208472715888_n-600x452.jpg 600w\" sizes=\"auto, (max-width: 1024px) 100vw, 1024px\" \/><\/figure>\n\n\n\n<figure class=\"wp-block-image size-large\"><img loading=\"lazy\" decoding=\"async\" width=\"770\" height=\"1024\" data-id=\"73398\" src=\"https:\/\/elmetropolitano.com.gt\/es\/wp-content\/uploads\/2023\/10\/387035440_796884559104296_1507750896325083432_n.jpg\" alt=\"\" class=\"wp-image-73398\" srcset=\"https:\/\/elmetropolitano.com.gt\/es\/wp-content\/uploads\/2023\/10\/387035440_796884559104296_1507750896325083432_n.jpg 770w, https:\/\/elmetropolitano.com.gt\/es\/wp-content\/uploads\/2023\/10\/387035440_796884559104296_1507750896325083432_n-226x300.jpg 226w, https:\/\/elmetropolitano.com.gt\/es\/wp-content\/uploads\/2023\/10\/387035440_796884559104296_1507750896325083432_n-768x1021.jpg 768w, https:\/\/elmetropolitano.com.gt\/es\/wp-content\/uploads\/2023\/10\/387035440_796884559104296_1507750896325083432_n-600x798.jpg 600w\" sizes=\"auto, (max-width: 770px) 100vw, 770px\" \/><\/figure>\n\n\n\n<figure class=\"wp-block-image size-large\"><img loading=\"lazy\" decoding=\"async\" width=\"1024\" height=\"768\" data-id=\"73399\" src=\"https:\/\/elmetropolitano.com.gt\/es\/wp-content\/uploads\/2023\/10\/387043208_796884335770985_8858541628561629172_n.jpg\" alt=\"\" class=\"wp-image-73399\" srcset=\"https:\/\/elmetropolitano.com.gt\/es\/wp-content\/uploads\/2023\/10\/387043208_796884335770985_8858541628561629172_n.jpg 1024w, https:\/\/elmetropolitano.com.gt\/es\/wp-content\/uploads\/2023\/10\/387043208_796884335770985_8858541628561629172_n-300x225.jpg 300w, https:\/\/elmetropolitano.com.gt\/es\/wp-content\/uploads\/2023\/10\/387043208_796884335770985_8858541628561629172_n-768x576.jpg 768w, https:\/\/elmetropolitano.com.gt\/es\/wp-content\/uploads\/2023\/10\/387043208_796884335770985_8858541628561629172_n-600x450.jpg 600w\" sizes=\"auto, (max-width: 1024px) 100vw, 1024px\" \/><\/figure>\n\n\n\n<figure class=\"wp-block-image size-large\"><img loading=\"lazy\" decoding=\"async\" width=\"1024\" height=\"768\" data-id=\"73400\" src=\"https:\/\/elmetropolitano.com.gt\/es\/wp-content\/uploads\/2023\/10\/387153636_796884282437657_6769755885311886231_n.jpg\" alt=\"\" class=\"wp-image-73400\" srcset=\"https:\/\/elmetropolitano.com.gt\/es\/wp-content\/uploads\/2023\/10\/387153636_796884282437657_6769755885311886231_n.jpg 1024w, https:\/\/elmetropolitano.com.gt\/es\/wp-content\/uploads\/2023\/10\/387153636_796884282437657_6769755885311886231_n-300x225.jpg 300w, https:\/\/elmetropolitano.com.gt\/es\/wp-content\/uploads\/2023\/10\/387153636_796884282437657_6769755885311886231_n-768x576.jpg 768w, https:\/\/elmetropolitano.com.gt\/es\/wp-content\/uploads\/2023\/10\/387153636_796884282437657_6769755885311886231_n-600x450.jpg 600w\" sizes=\"auto, (max-width: 1024px) 100vw, 1024px\" \/><\/figure>\n<\/figure>\n","protected":false},"excerpt":{"rendered":"<p>Pobladores de las comunidades Bot\u00f3n Blanco, Campamento La Barrita y Barrita Vieja ubicadas en San Jos\u00e9, Escuintla, sufren las inclemencias del clima, debido al desbordamiento del r\u00edo Achiguate, sus casas se encuentran inundadas, por lo que piden a las autoridades buscar soluci\u00f3n a este problema. Lamentamos que el alcalde Vinicio Najarro de Vamos , la <a class=\"read-more\" href=\"https:\/\/elmetropolitano.com.gt\/es\/vecinos-del-puerto-de-san-jose-claman-por-ayuda-de-parte-de-las-autoridades\/\">Leer m\u00e1s<\/a><\/p>\n","protected":false},"author":1,"featured_media":73394,"comment_status":"open","ping_status":"closed","sticky":false,"template":"","format":"standard","meta":{"footnotes":""},"categories":[4],"tags":[13],"class_list":["post-73393","post","type-post","status-publish","format-standard","has-post-thumbnail","hentry","category-departamentales","tag-departamentales"],"_links":{"self":[{"href":"https:\/\/elmetropolitano.com.gt\/es\/wp-json\/wp\/v2\/posts\/73393","targetHints":{"allow":["GET"]}}],"collection":[{"href":"https:\/\/elmetropolitano.com.gt\/es\/wp-json\/wp\/v2\/posts"}],"about":[{"href":"https:\/\/elmetropolitano.com.gt\/es\/wp-json\/wp\/v2\/types\/post"}],"author":[{"embeddable":true,"href":"https:\/\/elmetropolitano.com.gt\/es\/wp-json\/wp\/v2\/users\/1"}],"replies":[{"embeddable":true,"href":"https:\/\/elmetropolitano.com.gt\/es\/wp-json\/wp\/v2\/comments?post=73393"}],"version-history":[{"count":1,"href":"https:\/\/elmetropolitano.com.gt\/es\/wp-json\/wp\/v2\/posts\/73393\/revisions"}],"predecessor-version":[{"id":73401,"href":"https:\/\/elmetropolitano.com.gt\/es\/wp-json\/wp\/v2\/posts\/73393\/revisions\/73401"}],"wp:featuredmedia":[{"embeddable":true,"href":"https:\/\/elmetropolitano.com.gt\/es\/wp-json\/wp\/v2\/media\/73394"}],"wp:attachment":[{"href":"https:\/\/elmetropolitano.com.gt\/es\/wp-json\/wp\/v2\/media?parent=73393"}],"wp:term":[{"taxonomy":"category","embeddable":true,"href":"https:\/\/elmetropolitano.com.gt\/es\/wp-json\/wp\/v2\/categories?post=73393"},{"taxonomy":"post_tag","embeddable":true,"href":"https:\/\/elmetropolitano.com.gt\/es\/wp-json\/wp\/v2\/tags?post=73393"}],"curies":[{"name":"wp","href":"https:\/\/api.w.org\/{rel}","templated":true}]}}