{"id":73615,"date":"2023-10-15T21:42:20","date_gmt":"2023-10-16T03:42:20","guid":{"rendered":"https:\/\/elmetropolitano.com.gt\/es\/?p=73615"},"modified":"2023-10-15T21:42:21","modified_gmt":"2023-10-16T03:42:21","slug":"la-cc-ordena-desalojar-y-liberar-en-un-plazo-de-6-horas-la-represa-tesoro","status":"publish","type":"post","link":"https:\/\/elmetropolitano.com.gt\/es\/la-cc-ordena-desalojar-y-liberar-en-un-plazo-de-6-horas-la-represa-tesoro\/","title":{"rendered":"La CC ordena desalojar y liberar en un plazo de 6 horas la represa Tesoro"},"content":{"rendered":"\n<p>La Corte de Constitucionalidad CC da seis horas a las fuerzas de seguridad y el ej\u00e9rcito para que desalojen a los invasores que tiene ocupada la \u201cPresa tesoro\u201d de Xaya Pixcay\u00e1, ubicada en Zaragoza, Chimaltenango o de lo contrario se proceder\u00e1 a su inmediata destituci\u00f3n.<\/p>\n\n\n\n<p>Lo <a><\/a>que dice el comunicado de la CC<\/p><div class=\"elmet-contenido\" id=\"elmet-1541480792\"><div class=\"elmet-adlabel\">Anuncios<\/div><div style=\"margin-top: 20px;margin-right: 20px;margin-bottom: 20px;margin-left: 20px;\" id=\"elmet-1139839603\"><a href=\"https:\/\/www.facebook.com\/arrincuanantigua\/\" aria-label=\"cintillo-arrin-cual\"><img loading=\"lazy\" decoding=\"async\" src=\"https:\/\/elmetropolitano.com.gt\/es\/wp-content\/uploads\/2021\/11\/cintillo-arrin-cual-1.jpg\" alt=\"\"  srcset=\"https:\/\/elmetropolitano.com.gt\/es\/wp-content\/uploads\/2021\/11\/cintillo-arrin-cual-1.jpg 750w, https:\/\/elmetropolitano.com.gt\/es\/wp-content\/uploads\/2021\/11\/cintillo-arrin-cual-1-300x36.jpg 300w, https:\/\/elmetropolitano.com.gt\/es\/wp-content\/uploads\/2021\/11\/cintillo-arrin-cual-1-600x72.jpg 600w\" sizes=\"(max-width: 750px) 100vw, 750px\" width=\"750\" height=\"90\"   \/><\/a><\/div><\/div>\n\n\n\n<p>Corte de Constitucionalidad a la opini\u00f3n p\u00fablica informa:<\/p>\n\n\n\n<p>Que el d\u00eda de hoy, el Pleno de Magistrados conoci\u00f3 la solicitud de asistencia para la debida ejecuci\u00f3n formulada por la Municipalidad de Guatemala, respecto de la resoluci\u00f3n dictada por esta Corte el 12 de octubre de 2023, en la que otorg\u00f3 el amparo provisional solicitado por la Municipalidad de Guatemala.<\/p>\n\n\n\n<p>Al analizar lo denunciado y teniendo en consideraci\u00f3n que el derecho humano al agua es fundamental y que las acciones violentas que tengan como objetivo obstruir o coartar el acceso a este servicio, conforme tratados internacionales son concebidas como de lesa humanidad; y al haber establecido que las acciones a la fecha adoptadas por las autoridades encargadas de la seguridad ciudadana no han sido suficientes, puesto que se mantiene el estado de vulneraci\u00f3n a los derechos tutelados por este Tribunal en la resoluci\u00f3n obieto de ejecuci\u00f3n y otras que le han precedido, se orden\u00f3:<\/p>\n\n\n\n<p>iii)<\/p>\n\n\n\n<p>Que INMEDIATAMENTE, y sin perjuicio del resto de derechos tutelados en la resoluci\u00f3n emitida, se asuman las acciones y medidas pertinentes para restituir el orden p\u00fablico en la planta de tratamiento y distribuci\u00f3n de agua potable de la \u00abPRESA TESORO\u00bb.<\/p>\n\n\n\n<p>El resguardo de forma permanente de las dem\u00e1s plantas de tratamiento y distribuci\u00f3n de agua potable indicadas en el planteamiento del amparo, para garantizar el acceso eficiente, continuo y seguro del servicio de agua.<\/p>\n\n\n\n<p>Para el efecto, se fij\u00f3 plazo de seis horas a partir de la notificaci\u00f3n, para que se formule y ejecute un plan operativo, a efecto de desplegar los elementos de seguridad necesarios para garantizar las medidas determinadas en la resoluci\u00f3n.<\/p>\n\n\n\n<p>Este Tribunal conmina al debido cumplimiento del presente fallo pues, en caso de incumplimiento de lo ordenado, se incurrir\u00eda en desobediencia de una orden emanada de un tribunal de amparo, teniendo como efecto la destituci\u00f3n ipso facto del cargo p\u00fablico, sin detrimento de las dem\u00e1s responsabilidad en que se pueda incurrir.<\/p>\n\n\n\n<p>Guatemala, 15 de octubre de 2023<\/p>\n\n\n\n<p><a href=\"https:\/\/www.facebook.com\/hashtag\/crisispolitica?__eep__=6&amp;__cft__[0]=AZU9NkaWuIHq_g7vcgGgbt7IhYNoTV0rfC7G19xeqTeD__AwNMMtnhOmbMPiukGY23Pja-DL141uXyhNrOpcHbe_q-6CLgBa3SvOeA00SsArnk-nawVOzGLvQGv21zRI_-KIH_Tnt4mkul9OlHtyohu5jjT4Tn8h0ueVYjAxABHtBsI5-UQVSApjBC1nFCUdICA&amp;__tn__=*NK-R\">#crisispolitica<\/a><a href=\"https:\/\/www.facebook.com\/hashtag\/chimaltenango?__eep__=6&amp;__cft__[0]=AZU9NkaWuIHq_g7vcgGgbt7IhYNoTV0rfC7G19xeqTeD__AwNMMtnhOmbMPiukGY23Pja-DL141uXyhNrOpcHbe_q-6CLgBa3SvOeA00SsArnk-nawVOzGLvQGv21zRI_-KIH_Tnt4mkul9OlHtyohu5jjT4Tn8h0ueVYjAxABHtBsI5-UQVSApjBC1nFCUdICA&amp;__tn__=*NK-R\">#Chimaltenango<\/a>  www.metroredes.com  <\/p>\n\n\n\n<figure class=\"wp-block-gallery has-nested-images columns-default is-cropped wp-block-gallery-1 is-layout-flex wp-block-gallery-is-layout-flex\">\n<figure class=\"wp-block-image size-large\"><img loading=\"lazy\" decoding=\"async\" width=\"789\" height=\"1024\" data-id=\"73617\" src=\"https:\/\/elmetropolitano.com.gt\/es\/wp-content\/uploads\/2023\/10\/393128756_801893855270033_6827034593357576887_n-1-789x1024.jpg\" alt=\"\" class=\"wp-image-73617\" srcset=\"https:\/\/elmetropolitano.com.gt\/es\/wp-content\/uploads\/2023\/10\/393128756_801893855270033_6827034593357576887_n-1-789x1024.jpg 789w, https:\/\/elmetropolitano.com.gt\/es\/wp-content\/uploads\/2023\/10\/393128756_801893855270033_6827034593357576887_n-1-231x300.jpg 231w, https:\/\/elmetropolitano.com.gt\/es\/wp-content\/uploads\/2023\/10\/393128756_801893855270033_6827034593357576887_n-1-768x997.jpg 768w, https:\/\/elmetropolitano.com.gt\/es\/wp-content\/uploads\/2023\/10\/393128756_801893855270033_6827034593357576887_n-1-1184x1536.jpg 1184w, https:\/\/elmetropolitano.com.gt\/es\/wp-content\/uploads\/2023\/10\/393128756_801893855270033_6827034593357576887_n-1-600x779.jpg 600w, https:\/\/elmetropolitano.com.gt\/es\/wp-content\/uploads\/2023\/10\/393128756_801893855270033_6827034593357576887_n-1.jpg 1233w\" sizes=\"auto, (max-width: 789px) 100vw, 789px\" \/><\/figure>\n<\/figure>\n","protected":false},"excerpt":{"rendered":"<p>La Corte de Constitucionalidad CC da seis horas a las fuerzas de seguridad y el ej\u00e9rcito para que desalojen a los invasores que tiene ocupada la \u201cPresa tesoro\u201d de Xaya Pixcay\u00e1, ubicada en Zaragoza, Chimaltenango o de lo contrario se proceder\u00e1 a su inmediata destituci\u00f3n. Lo que dice el comunicado de la CC Corte de <a class=\"read-more\" href=\"https:\/\/elmetropolitano.com.gt\/es\/la-cc-ordena-desalojar-y-liberar-en-un-plazo-de-6-horas-la-represa-tesoro\/\">Leer m\u00e1s<\/a><\/p>\n","protected":false},"author":1,"featured_media":73616,"comment_status":"open","ping_status":"closed","sticky":false,"template":"","format":"standard","meta":{"footnotes":""},"categories":[4],"tags":[13],"class_list":["post-73615","post","type-post","status-publish","format-standard","has-post-thumbnail","hentry","category-departamentales","tag-departamentales"],"_links":{"self":[{"href":"https:\/\/elmetropolitano.com.gt\/es\/wp-json\/wp\/v2\/posts\/73615","targetHints":{"allow":["GET"]}}],"collection":[{"href":"https:\/\/elmetropolitano.com.gt\/es\/wp-json\/wp\/v2\/posts"}],"about":[{"href":"https:\/\/elmetropolitano.com.gt\/es\/wp-json\/wp\/v2\/types\/post"}],"author":[{"embeddable":true,"href":"https:\/\/elmetropolitano.com.gt\/es\/wp-json\/wp\/v2\/users\/1"}],"replies":[{"embeddable":true,"href":"https:\/\/elmetropolitano.com.gt\/es\/wp-json\/wp\/v2\/comments?post=73615"}],"version-history":[{"count":1,"href":"https:\/\/elmetropolitano.com.gt\/es\/wp-json\/wp\/v2\/posts\/73615\/revisions"}],"predecessor-version":[{"id":73618,"href":"https:\/\/elmetropolitano.com.gt\/es\/wp-json\/wp\/v2\/posts\/73615\/revisions\/73618"}],"wp:featuredmedia":[{"embeddable":true,"href":"https:\/\/elmetropolitano.com.gt\/es\/wp-json\/wp\/v2\/media\/73616"}],"wp:attachment":[{"href":"https:\/\/elmetropolitano.com.gt\/es\/wp-json\/wp\/v2\/media?parent=73615"}],"wp:term":[{"taxonomy":"category","embeddable":true,"href":"https:\/\/elmetropolitano.com.gt\/es\/wp-json\/wp\/v2\/categories?post=73615"},{"taxonomy":"post_tag","embeddable":true,"href":"https:\/\/elmetropolitano.com.gt\/es\/wp-json\/wp\/v2\/tags?post=73615"}],"curies":[{"name":"wp","href":"https:\/\/api.w.org\/{rel}","templated":true}]}}