{"id":73638,"date":"2023-10-16T22:32:11","date_gmt":"2023-10-17T04:32:11","guid":{"rendered":"https:\/\/elmetropolitano.com.gt\/es\/?p=73638"},"modified":"2023-10-16T22:32:13","modified_gmt":"2023-10-17T04:32:13","slug":"las-manifestaciones-ya-tienen-primera-victima-en-san-marcos","status":"publish","type":"post","link":"https:\/\/elmetropolitano.com.gt\/es\/las-manifestaciones-ya-tienen-primera-victima-en-san-marcos\/","title":{"rendered":"Las manifestaciones ya tienen primera v\u00edctima en San Marcos"},"content":{"rendered":"\n<p>Las manifestaciones para pedir la renuncia de Consuelo Porras ya tienen la primera v\u00edctima, luego que hombres armados dispararon contra un grupo de manifestantes que se encontraban pac\u00edficamente en la carretera de Orizaba San Marcos.<\/p>\n\n\n\n<p>Los <a><\/a>hechores del hecho ya fueron plenamente identificados y se espera ver si el Ministerio P\u00fablico MP har\u00e1 algo al respecto, luego que la Corte de Constitucionalidad amparara a los 48 Cantones para realizar sus manifestaciones.<\/p><div class=\"elmet-contenido\" id=\"elmet-1627959685\"><div class=\"elmet-adlabel\">Anuncios<\/div><div style=\"margin-top: 20px;margin-right: 20px;margin-bottom: 20px;margin-left: 20px;\" id=\"elmet-1753007406\"><a href=\"https:\/\/www.facebook.com\/arrincuanantigua\/\" aria-label=\"cintillo-arrin-cual\"><img loading=\"lazy\" decoding=\"async\" src=\"https:\/\/elmetropolitano.com.gt\/es\/wp-content\/uploads\/2021\/11\/cintillo-arrin-cual-1.jpg\" alt=\"\"  srcset=\"https:\/\/elmetropolitano.com.gt\/es\/wp-content\/uploads\/2021\/11\/cintillo-arrin-cual-1.jpg 750w, https:\/\/elmetropolitano.com.gt\/es\/wp-content\/uploads\/2021\/11\/cintillo-arrin-cual-1-300x36.jpg 300w, https:\/\/elmetropolitano.com.gt\/es\/wp-content\/uploads\/2021\/11\/cintillo-arrin-cual-1-600x72.jpg 600w\" sizes=\"(max-width: 750px) 100vw, 750px\" width=\"750\" height=\"90\"   \/><\/a><\/div><\/div>\n\n\n\n<p>48 horas dan los 48 Cantones<\/p>\n\n\n\n<p>Las cosas se ponen peor luego que el l\u00edder ind\u00edgena Alberto Tuy, alcalde de los Encuentros Solol\u00e1, expresara que se est\u00e1n agotando las instancias legales y de no haber ninguna respuesta, en 48 horas las manifestaciones ser\u00e1n m\u00e1s fuertes al igual que los bloqueos en todo el pa\u00eds.<\/p>\n\n\n\n<p>Arevalo condena la violencia<\/p>\n\n\n\n<p>El presidente Electo Bernardo Ar\u00e9valo indic\u00f3 en sus redes sociales que \u201ccondenamos la violencia que grupos de choque han desatado en Malacat\u00e1n, San Marcos\u201d<\/p>\n\n\n\n<p>el Presidente Bernardo Ar\u00e9valo exige \u201ca las autoridades que velen por la seguridad de quienes pac\u00edficamente manifiestan y se garantice que este hecho no quede impune\u201d<\/p>\n\n\n\n<p><a href=\"https:\/\/www.facebook.com\/hashtag\/crisispolitica?__eep__=6&amp;__cft__[0]=AZUhSsBQHKDSbQj8amecRp8zBCP0DYJzVeaSirYJf1Andwwn4u7B4tJ4CDqKaso0-7w5irAFAbbD18fmHAv6DCAHhMGz8TVDpu0_-SE_GHD3FWsfj9_ELHykdNBUImykR0Ji6OeQ2_3b8_68iyhVeCLXosxj5AJ1YUziZiL6B0G7OEcAvJC8eVZkHaKuIBe66oI&amp;__tn__=*NK-R\">#CrisisPolitica<\/a><a href=\"https:\/\/www.facebook.com\/hashtag\/bloqueosgt?__eep__=6&amp;__cft__[0]=AZUhSsBQHKDSbQj8amecRp8zBCP0DYJzVeaSirYJf1Andwwn4u7B4tJ4CDqKaso0-7w5irAFAbbD18fmHAv6DCAHhMGz8TVDpu0_-SE_GHD3FWsfj9_ELHykdNBUImykR0Ji6OeQ2_3b8_68iyhVeCLXosxj5AJ1YUziZiL6B0G7OEcAvJC8eVZkHaKuIBe66oI&amp;__tn__=*NK-R\">#BloqueosGT<\/a><\/p>\n\n\n\n<figure class=\"wp-block-gallery has-nested-images columns-default is-cropped wp-block-gallery-1 is-layout-flex wp-block-gallery-is-layout-flex\">\n<figure class=\"wp-block-image size-large\"><img loading=\"lazy\" decoding=\"async\" width=\"649\" height=\"1024\" data-id=\"73641\" src=\"https:\/\/elmetropolitano.com.gt\/es\/wp-content\/uploads\/2023\/10\/392945871_802500491876036_6393656451806731802_n-649x1024.jpg\" alt=\"\" class=\"wp-image-73641\" srcset=\"https:\/\/elmetropolitano.com.gt\/es\/wp-content\/uploads\/2023\/10\/392945871_802500491876036_6393656451806731802_n-649x1024.jpg 649w, https:\/\/elmetropolitano.com.gt\/es\/wp-content\/uploads\/2023\/10\/392945871_802500491876036_6393656451806731802_n-190x300.jpg 190w, https:\/\/elmetropolitano.com.gt\/es\/wp-content\/uploads\/2023\/10\/392945871_802500491876036_6393656451806731802_n-768x1212.jpg 768w, https:\/\/elmetropolitano.com.gt\/es\/wp-content\/uploads\/2023\/10\/392945871_802500491876036_6393656451806731802_n-973x1536.jpg 973w, https:\/\/elmetropolitano.com.gt\/es\/wp-content\/uploads\/2023\/10\/392945871_802500491876036_6393656451806731802_n-600x947.jpg 600w, https:\/\/elmetropolitano.com.gt\/es\/wp-content\/uploads\/2023\/10\/392945871_802500491876036_6393656451806731802_n.jpg 1284w\" sizes=\"auto, (max-width: 649px) 100vw, 649px\" \/><\/figure>\n\n\n\n<figure class=\"wp-block-image size-large\"><img loading=\"lazy\" decoding=\"async\" width=\"576\" height=\"1024\" data-id=\"73640\" src=\"https:\/\/elmetropolitano.com.gt\/es\/wp-content\/uploads\/2023\/10\/393005464_802500365209382_1260931932577396568_n-576x1024.jpg\" alt=\"\" class=\"wp-image-73640\" srcset=\"https:\/\/elmetropolitano.com.gt\/es\/wp-content\/uploads\/2023\/10\/393005464_802500365209382_1260931932577396568_n-576x1024.jpg 576w, https:\/\/elmetropolitano.com.gt\/es\/wp-content\/uploads\/2023\/10\/393005464_802500365209382_1260931932577396568_n-169x300.jpg 169w, https:\/\/elmetropolitano.com.gt\/es\/wp-content\/uploads\/2023\/10\/393005464_802500365209382_1260931932577396568_n-600x1067.jpg 600w, https:\/\/elmetropolitano.com.gt\/es\/wp-content\/uploads\/2023\/10\/393005464_802500365209382_1260931932577396568_n.jpg 713w\" sizes=\"auto, (max-width: 576px) 100vw, 576px\" \/><\/figure>\n\n\n\n<figure class=\"wp-block-image size-large\"><img loading=\"lazy\" decoding=\"async\" width=\"640\" height=\"1024\" data-id=\"73642\" src=\"https:\/\/elmetropolitano.com.gt\/es\/wp-content\/uploads\/2023\/10\/393355751_802500485209370_1746592990857512407_n-640x1024.jpg\" alt=\"\" class=\"wp-image-73642\" srcset=\"https:\/\/elmetropolitano.com.gt\/es\/wp-content\/uploads\/2023\/10\/393355751_802500485209370_1746592990857512407_n-640x1024.jpg 640w, https:\/\/elmetropolitano.com.gt\/es\/wp-content\/uploads\/2023\/10\/393355751_802500485209370_1746592990857512407_n-188x300.jpg 188w, https:\/\/elmetropolitano.com.gt\/es\/wp-content\/uploads\/2023\/10\/393355751_802500485209370_1746592990857512407_n-768x1229.jpg 768w, https:\/\/elmetropolitano.com.gt\/es\/wp-content\/uploads\/2023\/10\/393355751_802500485209370_1746592990857512407_n-960x1536.jpg 960w, https:\/\/elmetropolitano.com.gt\/es\/wp-content\/uploads\/2023\/10\/393355751_802500485209370_1746592990857512407_n-600x960.jpg 600w, https:\/\/elmetropolitano.com.gt\/es\/wp-content\/uploads\/2023\/10\/393355751_802500485209370_1746592990857512407_n.jpg 1280w\" sizes=\"auto, (max-width: 640px) 100vw, 640px\" \/><\/figure>\n<\/figure>\n","protected":false},"excerpt":{"rendered":"<p>Las manifestaciones para pedir la renuncia de Consuelo Porras ya tienen la primera v\u00edctima, luego que hombres armados dispararon contra un grupo de manifestantes que se encontraban pac\u00edficamente en la carretera de Orizaba San Marcos. Los hechores del hecho ya fueron plenamente identificados y se espera ver si el Ministerio P\u00fablico MP har\u00e1 algo al <a class=\"read-more\" href=\"https:\/\/elmetropolitano.com.gt\/es\/las-manifestaciones-ya-tienen-primera-victima-en-san-marcos\/\">Leer m\u00e1s<\/a><\/p>\n","protected":false},"author":1,"featured_media":73639,"comment_status":"open","ping_status":"closed","sticky":false,"template":"","format":"standard","meta":{"footnotes":""},"categories":[4],"tags":[13],"class_list":["post-73638","post","type-post","status-publish","format-standard","has-post-thumbnail","hentry","category-departamentales","tag-departamentales"],"_links":{"self":[{"href":"https:\/\/elmetropolitano.com.gt\/es\/wp-json\/wp\/v2\/posts\/73638","targetHints":{"allow":["GET"]}}],"collection":[{"href":"https:\/\/elmetropolitano.com.gt\/es\/wp-json\/wp\/v2\/posts"}],"about":[{"href":"https:\/\/elmetropolitano.com.gt\/es\/wp-json\/wp\/v2\/types\/post"}],"author":[{"embeddable":true,"href":"https:\/\/elmetropolitano.com.gt\/es\/wp-json\/wp\/v2\/users\/1"}],"replies":[{"embeddable":true,"href":"https:\/\/elmetropolitano.com.gt\/es\/wp-json\/wp\/v2\/comments?post=73638"}],"version-history":[{"count":1,"href":"https:\/\/elmetropolitano.com.gt\/es\/wp-json\/wp\/v2\/posts\/73638\/revisions"}],"predecessor-version":[{"id":73643,"href":"https:\/\/elmetropolitano.com.gt\/es\/wp-json\/wp\/v2\/posts\/73638\/revisions\/73643"}],"wp:featuredmedia":[{"embeddable":true,"href":"https:\/\/elmetropolitano.com.gt\/es\/wp-json\/wp\/v2\/media\/73639"}],"wp:attachment":[{"href":"https:\/\/elmetropolitano.com.gt\/es\/wp-json\/wp\/v2\/media?parent=73638"}],"wp:term":[{"taxonomy":"category","embeddable":true,"href":"https:\/\/elmetropolitano.com.gt\/es\/wp-json\/wp\/v2\/categories?post=73638"},{"taxonomy":"post_tag","embeddable":true,"href":"https:\/\/elmetropolitano.com.gt\/es\/wp-json\/wp\/v2\/tags?post=73638"}],"curies":[{"name":"wp","href":"https:\/\/api.w.org\/{rel}","templated":true}]}}