{"id":73658,"date":"2023-10-16T22:39:14","date_gmt":"2023-10-17T04:39:14","guid":{"rendered":"https:\/\/elmetropolitano.com.gt\/es\/?p=73658"},"modified":"2023-10-16T22:39:15","modified_gmt":"2023-10-17T04:39:15","slug":"detienen-a-11-hombres-que-interrumpieron-en-bloqueo-en-san-marcos-que-dejo-un-fallecido","status":"publish","type":"post","link":"https:\/\/elmetropolitano.com.gt\/es\/detienen-a-11-hombres-que-interrumpieron-en-bloqueo-en-san-marcos-que-dejo-un-fallecido\/","title":{"rendered":"Detienen a 11 hombres que interrumpieron en bloqueo en San Marcos que dej\u00f3 un fallecido"},"content":{"rendered":"\n<p>La Polic\u00eda Nacional Civil PNC a capturado la tarde de este lunes a 11 hombres involucrados en la intensa balacera de un bloqueo en el cruce Orizaba kilometro 272 San Marcos que dej\u00f3 a tres heridos y un fallecido<\/p>\n\n\n\n<p>Las investigaciones de la PNC llevaron tambi\u00e9n a incautadas 4 armas y 2 veh\u00edculos y los diferentes videos divulgados en las redes sociales sirvieron para identificar a las 11 <a><\/a>personas detenidas<\/p><div class=\"elmet-contenido\" id=\"elmet-3718154498\"><div class=\"elmet-adlabel\">Anuncios<\/div><div style=\"margin-top: 20px;margin-right: 20px;margin-bottom: 20px;margin-left: 20px;\" id=\"elmet-131123356\"><a href=\"https:\/\/www.facebook.com\/arrincuanantigua\/\" aria-label=\"cintillo-arrin-cual\"><img loading=\"lazy\" decoding=\"async\" src=\"https:\/\/elmetropolitano.com.gt\/es\/wp-content\/uploads\/2021\/11\/cintillo-arrin-cual-1.jpg\" alt=\"\"  srcset=\"https:\/\/elmetropolitano.com.gt\/es\/wp-content\/uploads\/2021\/11\/cintillo-arrin-cual-1.jpg 750w, https:\/\/elmetropolitano.com.gt\/es\/wp-content\/uploads\/2021\/11\/cintillo-arrin-cual-1-300x36.jpg 300w, https:\/\/elmetropolitano.com.gt\/es\/wp-content\/uploads\/2021\/11\/cintillo-arrin-cual-1-600x72.jpg 600w\" sizes=\"(max-width: 750px) 100vw, 750px\" width=\"750\" height=\"90\"   \/><\/a><\/div><\/div>\n\n\n\n<p>Quienes son los detenidos:<\/p>\n\n\n\n<p>-Cesar Gudiel Ram\u00edrez Castillo, de 33 a\u00f1os.<\/p>\n\n\n\n<p>-Edi Gabriel Gonz\u00e1lez L\u00f3pez, de 34 a\u00f1os.<\/p>\n\n\n\n<p>-Oscar David Tuiguila Chay, de 41 a\u00f1os.<\/p>\n\n\n\n<p>-Elver Jovany Escobar, de 58 a\u00f1os.<\/p>\n\n\n\n<p>-Jayro Edilberto P\u00e9rez S\u00e1nchez, de 25 a\u00f1os.<\/p>\n\n\n\n<p>-Raudel Roel\u00ed Miranda Acabal, de 23 a\u00f1os.<\/p>\n\n\n\n<p>-Eddy Marcotulio Lima Carlos, de 25 a\u00f1os.<\/p>\n\n\n\n<p>-Marlon Alberto Hern\u00e1ndez Ochoa, de 29 a\u00f1os.<\/p>\n\n\n\n<p>-Gerber Misael Soto Alvarado, de 37 a\u00f1os.<\/p>\n\n\n\n<p>-Jos\u00e9 Ricardo Alfonso Loza M\u00e9rida, de 28 a\u00f1os.<\/p>\n\n\n\n<p>-Jos\u00e9 Alan P\u00e9rez Leal, de 61 a\u00f1os.<\/p>\n\n\n\n<p>La intensa balacera<\/p>\n\n\n\n<p>Gobernacion dice que fueron<\/p>\n\n\n\n<p>50 personas involucradas<\/p>\n\n\n\n<p>En \u201cel incidente estuvieron involucradas cerca de 50 personas que llegaron con armas de fuego, palos y piedras con la intenci\u00f3n de desalojar a los manifestantes, como lo indica el reporte policial desde el lugar de los hechos\u201d expres\u00f3 el ministerio de gobernaci\u00f3n en un comunicado de prensa.<\/p>\n\n\n\n<p>Los agentes de Polic\u00eda Nacional Civil (PNC) que brindaban seguridad en el \u00e1rea permanec\u00edan sin armas, tal y como se establece en los protocolos de actuaci\u00f3n policial y de acuerdo a las directrices de la Corte de Constitucionalidad que as\u00ed lo ordena indic\u00f3 Gobernacion<\/p>\n\n\n\n<p>Agrega que \u201ctras el ataque se coordin\u00f3 la b\u00fasqueda de los veh\u00edculos involucrados y se logr\u00f3 la localizaci\u00f3n de tres heridos, quienes se encontraban en la emergencia del hospital nacional de la localidad.<\/p>\n\n\n\n<p>Gobernacion tambi\u00e9n reporta una patrulla de la Polic\u00eda Nacional Civil incendiada as\u00ed como un veh\u00edculo particular<\/p>\n\n\n\n<p><a href=\"https:\/\/www.facebook.com\/hashtag\/bloqueosgt?__eep__=6&amp;__cft__[0]=AZWOQ2jjSR81fXUqnYm2samtna315iUaT3atbyOqIlEtBoqBBoiJPpbP4NzEP57KC2FFz76Z7golAZeKG3-6fCyXLfXHVSXJzprpULXqI7IsyDFVNK3EDWK-CSfJ17vVGT1I3hY5lJthbvlDiGSq3_0o8ZWAUfTEbEV43qwHiRd75UlxWp6VwY14MZ9yeOGTl-0&amp;__tn__=*NK-R\">#BloqueosGT<\/a><a href=\"https:\/\/www.facebook.com\/hashtag\/crisispolitica?__eep__=6&amp;__cft__[0]=AZWOQ2jjSR81fXUqnYm2samtna315iUaT3atbyOqIlEtBoqBBoiJPpbP4NzEP57KC2FFz76Z7golAZeKG3-6fCyXLfXHVSXJzprpULXqI7IsyDFVNK3EDWK-CSfJ17vVGT1I3hY5lJthbvlDiGSq3_0o8ZWAUfTEbEV43qwHiRd75UlxWp6VwY14MZ9yeOGTl-0&amp;__tn__=*NK-R\">#crisispolitica<\/a><a href=\"https:\/\/www.facebook.com\/hashtag\/sanmarcos?__eep__=6&amp;__cft__[0]=AZWOQ2jjSR81fXUqnYm2samtna315iUaT3atbyOqIlEtBoqBBoiJPpbP4NzEP57KC2FFz76Z7golAZeKG3-6fCyXLfXHVSXJzprpULXqI7IsyDFVNK3EDWK-CSfJ17vVGT1I3hY5lJthbvlDiGSq3_0o8ZWAUfTEbEV43qwHiRd75UlxWp6VwY14MZ9yeOGTl-0&amp;__tn__=*NK-R\">#SanMarcos<\/a><a href=\"https:\/\/www.facebook.com\/hashtag\/metroredes?__eep__=6&amp;__cft__[0]=AZWOQ2jjSR81fXUqnYm2samtna315iUaT3atbyOqIlEtBoqBBoiJPpbP4NzEP57KC2FFz76Z7golAZeKG3-6fCyXLfXHVSXJzprpULXqI7IsyDFVNK3EDWK-CSfJ17vVGT1I3hY5lJthbvlDiGSq3_0o8ZWAUfTEbEV43qwHiRd75UlxWp6VwY14MZ9yeOGTl-0&amp;__tn__=*NK-R\">#metroredes<\/a><\/p>\n\n\n\n<figure class=\"wp-block-gallery has-nested-images columns-default is-cropped wp-block-gallery-1 is-layout-flex wp-block-gallery-is-layout-flex\">\n<figure class=\"wp-block-image size-large\"><img loading=\"lazy\" decoding=\"async\" width=\"1024\" height=\"577\" data-id=\"73661\" src=\"https:\/\/elmetropolitano.com.gt\/es\/wp-content\/uploads\/2023\/10\/392936591_802571781868907_1265437326123954274_n-1024x577.jpg\" alt=\"\" class=\"wp-image-73661\" srcset=\"https:\/\/elmetropolitano.com.gt\/es\/wp-content\/uploads\/2023\/10\/392936591_802571781868907_1265437326123954274_n-1024x577.jpg 1024w, https:\/\/elmetropolitano.com.gt\/es\/wp-content\/uploads\/2023\/10\/392936591_802571781868907_1265437326123954274_n-300x169.jpg 300w, https:\/\/elmetropolitano.com.gt\/es\/wp-content\/uploads\/2023\/10\/392936591_802571781868907_1265437326123954274_n-768x432.jpg 768w, https:\/\/elmetropolitano.com.gt\/es\/wp-content\/uploads\/2023\/10\/392936591_802571781868907_1265437326123954274_n-1536x865.jpg 1536w, https:\/\/elmetropolitano.com.gt\/es\/wp-content\/uploads\/2023\/10\/392936591_802571781868907_1265437326123954274_n-600x338.jpg 600w, https:\/\/elmetropolitano.com.gt\/es\/wp-content\/uploads\/2023\/10\/392936591_802571781868907_1265437326123954274_n.jpg 1600w\" sizes=\"auto, (max-width: 1024px) 100vw, 1024px\" \/><\/figure>\n\n\n\n<figure class=\"wp-block-image size-large\"><img loading=\"lazy\" decoding=\"async\" width=\"719\" height=\"710\" data-id=\"73660\" src=\"https:\/\/elmetropolitano.com.gt\/es\/wp-content\/uploads\/2023\/10\/393352554_802571561868929_7381844100521793422_n.jpg\" alt=\"\" class=\"wp-image-73660\" srcset=\"https:\/\/elmetropolitano.com.gt\/es\/wp-content\/uploads\/2023\/10\/393352554_802571561868929_7381844100521793422_n.jpg 719w, https:\/\/elmetropolitano.com.gt\/es\/wp-content\/uploads\/2023\/10\/393352554_802571561868929_7381844100521793422_n-300x296.jpg 300w, https:\/\/elmetropolitano.com.gt\/es\/wp-content\/uploads\/2023\/10\/393352554_802571561868929_7381844100521793422_n-600x592.jpg 600w, https:\/\/elmetropolitano.com.gt\/es\/wp-content\/uploads\/2023\/10\/393352554_802571561868929_7381844100521793422_n-100x100.jpg 100w\" sizes=\"auto, (max-width: 719px) 100vw, 719px\" \/><\/figure>\n<\/figure>\n","protected":false},"excerpt":{"rendered":"<p>La Polic\u00eda Nacional Civil PNC a capturado la tarde de este lunes a 11 hombres involucrados en la intensa balacera de un bloqueo en el cruce Orizaba kilometro 272 San Marcos que dej\u00f3 a tres heridos y un fallecido Las investigaciones de la PNC llevaron tambi\u00e9n a incautadas 4 armas y 2 veh\u00edculos y los <a class=\"read-more\" href=\"https:\/\/elmetropolitano.com.gt\/es\/detienen-a-11-hombres-que-interrumpieron-en-bloqueo-en-san-marcos-que-dejo-un-fallecido\/\">Leer m\u00e1s<\/a><\/p>\n","protected":false},"author":1,"featured_media":73659,"comment_status":"open","ping_status":"closed","sticky":false,"template":"","format":"standard","meta":{"footnotes":""},"categories":[4],"tags":[13],"class_list":["post-73658","post","type-post","status-publish","format-standard","has-post-thumbnail","hentry","category-departamentales","tag-departamentales"],"_links":{"self":[{"href":"https:\/\/elmetropolitano.com.gt\/es\/wp-json\/wp\/v2\/posts\/73658","targetHints":{"allow":["GET"]}}],"collection":[{"href":"https:\/\/elmetropolitano.com.gt\/es\/wp-json\/wp\/v2\/posts"}],"about":[{"href":"https:\/\/elmetropolitano.com.gt\/es\/wp-json\/wp\/v2\/types\/post"}],"author":[{"embeddable":true,"href":"https:\/\/elmetropolitano.com.gt\/es\/wp-json\/wp\/v2\/users\/1"}],"replies":[{"embeddable":true,"href":"https:\/\/elmetropolitano.com.gt\/es\/wp-json\/wp\/v2\/comments?post=73658"}],"version-history":[{"count":1,"href":"https:\/\/elmetropolitano.com.gt\/es\/wp-json\/wp\/v2\/posts\/73658\/revisions"}],"predecessor-version":[{"id":73663,"href":"https:\/\/elmetropolitano.com.gt\/es\/wp-json\/wp\/v2\/posts\/73658\/revisions\/73663"}],"wp:featuredmedia":[{"embeddable":true,"href":"https:\/\/elmetropolitano.com.gt\/es\/wp-json\/wp\/v2\/media\/73659"}],"wp:attachment":[{"href":"https:\/\/elmetropolitano.com.gt\/es\/wp-json\/wp\/v2\/media?parent=73658"}],"wp:term":[{"taxonomy":"category","embeddable":true,"href":"https:\/\/elmetropolitano.com.gt\/es\/wp-json\/wp\/v2\/categories?post=73658"},{"taxonomy":"post_tag","embeddable":true,"href":"https:\/\/elmetropolitano.com.gt\/es\/wp-json\/wp\/v2\/tags?post=73658"}],"curies":[{"name":"wp","href":"https:\/\/api.w.org\/{rel}","templated":true}]}}