{"id":73801,"date":"2023-10-20T11:44:12","date_gmt":"2023-10-20T17:44:12","guid":{"rendered":"https:\/\/elmetropolitano.com.gt\/es\/?p=73801"},"modified":"2023-10-20T11:44:13","modified_gmt":"2023-10-20T17:44:13","slug":"guatemaltecos-recuerdan-la-revolucion-del-44-y-luchan-por-que-no-les-roben-la-democracia","status":"publish","type":"post","link":"https:\/\/elmetropolitano.com.gt\/es\/guatemaltecos-recuerdan-la-revolucion-del-44-y-luchan-por-que-no-les-roben-la-democracia\/","title":{"rendered":"Guatemaltecos recuerdan la revoluci\u00f3n del 44 y luchan por que no les roben la democracia"},"content":{"rendered":"\n<p>Con multitudinarias marchas de diferentes sectores econ\u00f3micos del pa\u00eds y de distintos puntos de la Rep\u00fablica de Guatemala, los guatemaltecos, encabezados por los l\u00edderes de los 48 Cantones, conmemoran los 79 a\u00f1os de la Revoluci\u00f3n de Octubre y hoy se levantan para luchar en defensa por la democracia y por el rechazo total contra las acciones del Ministerio P\u00fablico, clamando por la renuncia de la fiscal general Consuelo Porras, Rafael Curruchiche, Cinthia Monterroso y el juez Fredy Orellana.<\/p>\n\n\n\n<p>Desde las primeras horas de la ma\u00f1ana de hoy, miles de guatemaltecos se dirigieron de distintos lugares de la capital y del interior del pa\u00eds, para manifestar frente a la Plaza de la Constituci\u00f3n, la Corte de Constitucionalidad, el Ministerio Publico y la Corte Suprema de Justicia, pidiendo respeto por la voluntad popular.<\/p><div class=\"elmet-contenido\" id=\"elmet-491940255\"><div class=\"elmet-adlabel\">Anuncios<\/div><div style=\"margin-top: 20px;margin-right: 20px;margin-bottom: 20px;margin-left: 20px;\" id=\"elmet-421913893\"><a href=\"https:\/\/www.facebook.com\/arrincuanantigua\/\" aria-label=\"cintillo-arrin-cual\"><img loading=\"lazy\" decoding=\"async\" src=\"https:\/\/elmetropolitano.com.gt\/es\/wp-content\/uploads\/2021\/11\/cintillo-arrin-cual-1.jpg\" alt=\"\"  srcset=\"https:\/\/elmetropolitano.com.gt\/es\/wp-content\/uploads\/2021\/11\/cintillo-arrin-cual-1.jpg 750w, https:\/\/elmetropolitano.com.gt\/es\/wp-content\/uploads\/2021\/11\/cintillo-arrin-cual-1-300x36.jpg 300w, https:\/\/elmetropolitano.com.gt\/es\/wp-content\/uploads\/2021\/11\/cintillo-arrin-cual-1-600x72.jpg 600w\" sizes=\"(max-width: 750px) 100vw, 750px\" width=\"750\" height=\"90\"   \/><\/a><\/div><\/div>\n\n\n\n<p><strong>El gobierno no tiene ninguna voluntad de<\/strong><\/p>\n\n\n\n<p><strong>solucionar el problema dice Bernardo Ar\u00e9valo<\/strong><\/p>\n\n\n\n<p>\u201cNos encontramos en un impase por la falta de voluntad del gobierno de la Rep\u00fablica para encontrar una soluci\u00f3n al asalto que se hace desde el MP contra el pueblo de Guatemala burl\u00e1ndose de la voluntad popular expresada en las urnas el 25 de junio y el 20 de agosto\u201d, dice el presidente electo Bernardo Ar\u00e9valo.<\/p>\n\n\n\n<p>\u201cSi existiera la voluntad pol\u00edtica ya se hubiera terminado con estos roces y dejar de evitar las demandas de la poblaci\u00f3n por el rechazo absoluto en contra de los corruptos que se niegan a aceptar el veredicto de Guatemala con un pueblo que ya manifest\u00f3 en las urnas y ante el silencio de las autoridades, ahora lo hace en las calles\u201d, a\u00f1adi\u00f3 Ar\u00e9valo.<\/p>\n\n\n\n<p><strong>El pueblo de Guatemala no se rinde<\/strong><\/p>\n\n\n\n<p>\u201cEl pueblo de Guatemala no se rinde, quiere florecer en paz, las calles del pa\u00eds est\u00e1n llenas de protestas pac\u00edficas en rechazo al golpe de estado promovido desde el MP y lucha por la paz, conscientes de la amenaza de nuestro futuro, y las autoridades ancestrales ind\u00edgenas abrieron el camino a los estudiantes de todas las universidades, lideres comunitarios, profesionales, sindicatos, sector p\u00fablico y privado, liderazgo de mercados, l\u00edderes empresariales que se manifiestan de diferentes formas y espacios gritando que este pueblo nunca m\u00e1s vivir\u00e1 bajo la corrupci\u00f3n\u201d, expres\u00f3 Ar\u00e9valo.<\/p>\n\n\n\n<p><strong>Un peque\u00f1o grupo no ha hundido en una crisis pol\u00edtica en el pa\u00eds, dice Karin Herrera<\/strong><\/p>\n\n\n\n<p>\u00abMe comprometo a trabajar incansablemente por construir un mejor pa\u00eds. En medio de esta profunda crisis que nos ha hundido un peque\u00f1o grupo que se quiere aferrar al poder y a sus privilegios, pero que no perdamos ese sue\u00f1o ni nos lo dejemos robar\u00bb, expres\u00f3 la vicepresidente electa Karin Herrera<\/p>\n\n\n\n<p><strong>\u00abEstamos firmes con la postura de que esta lucha sigue\u00bb<\/strong><\/p>\n\n\n\n<p>Mientras tantas autoridades ancestrales de toda Guatemala afirmaron esta ma\u00f1ana que se est\u00e1 viviendo un levantamiento ind\u00edgena, en donde los pueblos originarios levantan su mirada y no agachan la cara ante las amenazas y decisiones judiciales que solo protegen la corrupci\u00f3n y criminalizan una manifestaci\u00f3n pac\u00edfica, dijeron l\u00edderes de 48 Cantones.<\/p>\n\n\n\n<p><strong>M\u00e1s de 500 profesionales se unen a la manifestaci\u00f3n<\/strong><\/p>\n\n\n\n<p>Profesionales de diferentes sectores y universidades se unen a la manifestaci\u00f3n del 20 de octubre para reunirse en el Centro Hist\u00f3rico y el Ministerio P\u00fablico en la conmemoraci\u00f3n de la Revoluci\u00f3n de Octubre y rechazan el intento de golpe que se fragua desde el MP.<\/p>\n\n\n\n<p><strong>En la conmemoraci\u00f3n de la Revoluci\u00f3n de Octubre<\/strong><\/p>\n\n\n\n<p><strong>rechazan el intento de golpe de Estado.<\/strong><\/p>\n\n\n\n<p>Unidos con un prop\u00f3sito com\u00fan, la poblaci\u00f3n de San Pedro La Laguna, Solol\u00e1, se encamin\u00f3 desde anoche con determinaci\u00f3n a la ciudad capital, para unirse a la marcha pac\u00edfica en conmemoraci\u00f3n del 20 de octubre y en defensa de la democracia. #metroredes\u00a0\u00a0 <a href=\"http:\/\/www.metroredes.com\">www.metroredes.com<\/a><a href=\"http:\/\/www.elescuinteco.com\">www.elescuinteco.com<\/a><a href=\"http:\/\/www.elmetropolitano.com.gt\">www.elmetropolitano.com.gt<\/a><\/p>\n\n\n\n<figure class=\"wp-block-gallery has-nested-images columns-default is-cropped wp-block-gallery-1 is-layout-flex wp-block-gallery-is-layout-flex\">\n<figure class=\"wp-block-image size-large\"><img loading=\"lazy\" decoding=\"async\" width=\"1024\" height=\"777\" data-id=\"73804\" src=\"https:\/\/elmetropolitano.com.gt\/es\/wp-content\/uploads\/2023\/10\/F85JAcQXMAAWAfi-1024x777.jpg\" alt=\"\" class=\"wp-image-73804\" srcset=\"https:\/\/elmetropolitano.com.gt\/es\/wp-content\/uploads\/2023\/10\/F85JAcQXMAAWAfi-1024x777.jpg 1024w, https:\/\/elmetropolitano.com.gt\/es\/wp-content\/uploads\/2023\/10\/F85JAcQXMAAWAfi-300x228.jpg 300w, https:\/\/elmetropolitano.com.gt\/es\/wp-content\/uploads\/2023\/10\/F85JAcQXMAAWAfi-768x583.jpg 768w, https:\/\/elmetropolitano.com.gt\/es\/wp-content\/uploads\/2023\/10\/F85JAcQXMAAWAfi-600x455.jpg 600w, https:\/\/elmetropolitano.com.gt\/es\/wp-content\/uploads\/2023\/10\/F85JAcQXMAAWAfi.jpg 1212w\" sizes=\"auto, (max-width: 1024px) 100vw, 1024px\" \/><\/figure>\n\n\n\n<figure class=\"wp-block-image size-large\"><img loading=\"lazy\" decoding=\"async\" width=\"1024\" height=\"863\" data-id=\"73806\" src=\"https:\/\/elmetropolitano.com.gt\/es\/wp-content\/uploads\/2023\/10\/F85JAcWXkAAkV5R-1024x863.jpg\" alt=\"\" class=\"wp-image-73806\" srcset=\"https:\/\/elmetropolitano.com.gt\/es\/wp-content\/uploads\/2023\/10\/F85JAcWXkAAkV5R-1024x863.jpg 1024w, https:\/\/elmetropolitano.com.gt\/es\/wp-content\/uploads\/2023\/10\/F85JAcWXkAAkV5R-300x253.jpg 300w, https:\/\/elmetropolitano.com.gt\/es\/wp-content\/uploads\/2023\/10\/F85JAcWXkAAkV5R-768x648.jpg 768w, https:\/\/elmetropolitano.com.gt\/es\/wp-content\/uploads\/2023\/10\/F85JAcWXkAAkV5R-600x506.jpg 600w, https:\/\/elmetropolitano.com.gt\/es\/wp-content\/uploads\/2023\/10\/F85JAcWXkAAkV5R.jpg 1326w\" sizes=\"auto, (max-width: 1024px) 100vw, 1024px\" \/><\/figure>\n\n\n\n<figure class=\"wp-block-image size-large\"><img loading=\"lazy\" decoding=\"async\" width=\"1024\" height=\"768\" data-id=\"73807\" src=\"https:\/\/elmetropolitano.com.gt\/es\/wp-content\/uploads\/2023\/10\/F85OM0uWUAAImjT-1024x768.jpg\" alt=\"\" class=\"wp-image-73807\" srcset=\"https:\/\/elmetropolitano.com.gt\/es\/wp-content\/uploads\/2023\/10\/F85OM0uWUAAImjT-1024x768.jpg 1024w, https:\/\/elmetropolitano.com.gt\/es\/wp-content\/uploads\/2023\/10\/F85OM0uWUAAImjT-300x225.jpg 300w, https:\/\/elmetropolitano.com.gt\/es\/wp-content\/uploads\/2023\/10\/F85OM0uWUAAImjT-768x576.jpg 768w, https:\/\/elmetropolitano.com.gt\/es\/wp-content\/uploads\/2023\/10\/F85OM0uWUAAImjT-1536x1152.jpg 1536w, https:\/\/elmetropolitano.com.gt\/es\/wp-content\/uploads\/2023\/10\/F85OM0uWUAAImjT-600x450.jpg 600w, https:\/\/elmetropolitano.com.gt\/es\/wp-content\/uploads\/2023\/10\/F85OM0uWUAAImjT.jpg 1600w\" sizes=\"auto, (max-width: 1024px) 100vw, 1024px\" \/><\/figure>\n\n\n\n<figure class=\"wp-block-image size-large\"><img loading=\"lazy\" decoding=\"async\" width=\"960\" height=\"719\" data-id=\"73805\" src=\"https:\/\/elmetropolitano.com.gt\/es\/wp-content\/uploads\/2023\/10\/F85OzsrXMAASrDO.jpg\" alt=\"\" class=\"wp-image-73805\" srcset=\"https:\/\/elmetropolitano.com.gt\/es\/wp-content\/uploads\/2023\/10\/F85OzsrXMAASrDO.jpg 960w, https:\/\/elmetropolitano.com.gt\/es\/wp-content\/uploads\/2023\/10\/F85OzsrXMAASrDO-300x225.jpg 300w, https:\/\/elmetropolitano.com.gt\/es\/wp-content\/uploads\/2023\/10\/F85OzsrXMAASrDO-768x575.jpg 768w, https:\/\/elmetropolitano.com.gt\/es\/wp-content\/uploads\/2023\/10\/F85OzsrXMAASrDO-600x449.jpg 600w\" sizes=\"auto, (max-width: 960px) 100vw, 960px\" \/><\/figure>\n\n\n\n<figure class=\"wp-block-image size-large\"><img loading=\"lazy\" decoding=\"async\" width=\"1024\" height=\"484\" data-id=\"73803\" src=\"https:\/\/elmetropolitano.com.gt\/es\/wp-content\/uploads\/2023\/10\/F8491U0WwAAhlkx-1024x484.jpg\" alt=\"\" class=\"wp-image-73803\" srcset=\"https:\/\/elmetropolitano.com.gt\/es\/wp-content\/uploads\/2023\/10\/F8491U0WwAAhlkx-1024x484.jpg 1024w, https:\/\/elmetropolitano.com.gt\/es\/wp-content\/uploads\/2023\/10\/F8491U0WwAAhlkx-300x142.jpg 300w, https:\/\/elmetropolitano.com.gt\/es\/wp-content\/uploads\/2023\/10\/F8491U0WwAAhlkx-768x363.jpg 768w, https:\/\/elmetropolitano.com.gt\/es\/wp-content\/uploads\/2023\/10\/F8491U0WwAAhlkx-1536x726.jpg 1536w, https:\/\/elmetropolitano.com.gt\/es\/wp-content\/uploads\/2023\/10\/F8491U0WwAAhlkx-600x284.jpg 600w, https:\/\/elmetropolitano.com.gt\/es\/wp-content\/uploads\/2023\/10\/F8491U0WwAAhlkx.jpg 1899w\" sizes=\"auto, (max-width: 1024px) 100vw, 1024px\" \/><\/figure>\n\n\n\n<figure class=\"wp-block-image size-large\"><img loading=\"lazy\" decoding=\"async\" width=\"1024\" height=\"623\" data-id=\"73808\" src=\"https:\/\/elmetropolitano.com.gt\/es\/wp-content\/uploads\/2023\/10\/F8491UyXAAAHOMe-1024x623.jpg\" alt=\"\" class=\"wp-image-73808\" srcset=\"https:\/\/elmetropolitano.com.gt\/es\/wp-content\/uploads\/2023\/10\/F8491UyXAAAHOMe-1024x623.jpg 1024w, https:\/\/elmetropolitano.com.gt\/es\/wp-content\/uploads\/2023\/10\/F8491UyXAAAHOMe-300x182.jpg 300w, https:\/\/elmetropolitano.com.gt\/es\/wp-content\/uploads\/2023\/10\/F8491UyXAAAHOMe-768x467.jpg 768w, https:\/\/elmetropolitano.com.gt\/es\/wp-content\/uploads\/2023\/10\/F8491UyXAAAHOMe-1536x934.jpg 1536w, https:\/\/elmetropolitano.com.gt\/es\/wp-content\/uploads\/2023\/10\/F8491UyXAAAHOMe-600x365.jpg 600w, https:\/\/elmetropolitano.com.gt\/es\/wp-content\/uploads\/2023\/10\/F8491UyXAAAHOMe.jpg 1756w\" sizes=\"auto, (max-width: 1024px) 100vw, 1024px\" \/><\/figure>\n<\/figure>\n","protected":false},"excerpt":{"rendered":"<p>Con multitudinarias marchas de diferentes sectores econ\u00f3micos del pa\u00eds y de distintos puntos de la Rep\u00fablica de Guatemala, los guatemaltecos, encabezados por los l\u00edderes de los 48 Cantones, conmemoran los 79 a\u00f1os de la Revoluci\u00f3n de Octubre y hoy se levantan para luchar en defensa por la democracia y por el rechazo total contra las <a class=\"read-more\" href=\"https:\/\/elmetropolitano.com.gt\/es\/guatemaltecos-recuerdan-la-revolucion-del-44-y-luchan-por-que-no-les-roben-la-democracia\/\">Leer m\u00e1s<\/a><\/p>\n","protected":false},"author":1,"featured_media":73802,"comment_status":"open","ping_status":"closed","sticky":false,"template":"","format":"standard","meta":{"footnotes":""},"categories":[2],"tags":[12],"class_list":["post-73801","post","type-post","status-publish","format-standard","has-post-thumbnail","hentry","category-nacionales","tag-nacionales"],"_links":{"self":[{"href":"https:\/\/elmetropolitano.com.gt\/es\/wp-json\/wp\/v2\/posts\/73801","targetHints":{"allow":["GET"]}}],"collection":[{"href":"https:\/\/elmetropolitano.com.gt\/es\/wp-json\/wp\/v2\/posts"}],"about":[{"href":"https:\/\/elmetropolitano.com.gt\/es\/wp-json\/wp\/v2\/types\/post"}],"author":[{"embeddable":true,"href":"https:\/\/elmetropolitano.com.gt\/es\/wp-json\/wp\/v2\/users\/1"}],"replies":[{"embeddable":true,"href":"https:\/\/elmetropolitano.com.gt\/es\/wp-json\/wp\/v2\/comments?post=73801"}],"version-history":[{"count":1,"href":"https:\/\/elmetropolitano.com.gt\/es\/wp-json\/wp\/v2\/posts\/73801\/revisions"}],"predecessor-version":[{"id":73809,"href":"https:\/\/elmetropolitano.com.gt\/es\/wp-json\/wp\/v2\/posts\/73801\/revisions\/73809"}],"wp:featuredmedia":[{"embeddable":true,"href":"https:\/\/elmetropolitano.com.gt\/es\/wp-json\/wp\/v2\/media\/73802"}],"wp:attachment":[{"href":"https:\/\/elmetropolitano.com.gt\/es\/wp-json\/wp\/v2\/media?parent=73801"}],"wp:term":[{"taxonomy":"category","embeddable":true,"href":"https:\/\/elmetropolitano.com.gt\/es\/wp-json\/wp\/v2\/categories?post=73801"},{"taxonomy":"post_tag","embeddable":true,"href":"https:\/\/elmetropolitano.com.gt\/es\/wp-json\/wp\/v2\/tags?post=73801"}],"curies":[{"name":"wp","href":"https:\/\/api.w.org\/{rel}","templated":true}]}}