{"id":73815,"date":"2023-10-20T20:25:38","date_gmt":"2023-10-21T02:25:38","guid":{"rendered":"https:\/\/elmetropolitano.com.gt\/es\/?p=73815"},"modified":"2023-10-20T20:25:38","modified_gmt":"2023-10-21T02:25:38","slug":"camtur-pide-al-tse-ampliar-fin-del-proceso-electoral-hasta-el-16-de-enero","status":"publish","type":"post","link":"https:\/\/elmetropolitano.com.gt\/es\/camtur-pide-al-tse-ampliar-fin-del-proceso-electoral-hasta-el-16-de-enero\/","title":{"rendered":"CAMTUR pide al TSE ampliar fin del proceso electoral hasta el 16 de enero"},"content":{"rendered":"\n<p>La C\u00e1mara de Turismo de Guatemala, CAMTUR sus filiales, gremiales comit\u00e9s y asociaciones afines, pidi\u00f3 hoy al Tribunal Supremo Electoral TSE que extienda el peri\u00f3dico electoral hasta el 14 de enero del 2024 para garantizar que las personas electas tomen posesi\u00f3n<\/p>\n\n\n\n<p>CAMTUR expresa en un comunicado de prensa que \u201c como guatemaltecos estamos comprometidos con la defensa de nuestra democracia, el<\/p><div class=\"elmet-contenido\" id=\"elmet-2760072507\"><div class=\"elmet-adlabel\">Anuncios<\/div><div style=\"margin-top: 20px;margin-right: 20px;margin-bottom: 20px;margin-left: 20px;\" id=\"elmet-1649784946\"><a href=\"https:\/\/www.facebook.com\/arrincuanantigua\/\" aria-label=\"cintillo-arrin-cual\"><img loading=\"lazy\" decoding=\"async\" src=\"https:\/\/elmetropolitano.com.gt\/es\/wp-content\/uploads\/2021\/11\/cintillo-arrin-cual-1.jpg\" alt=\"\"  srcset=\"https:\/\/elmetropolitano.com.gt\/es\/wp-content\/uploads\/2021\/11\/cintillo-arrin-cual-1.jpg 750w, https:\/\/elmetropolitano.com.gt\/es\/wp-content\/uploads\/2021\/11\/cintillo-arrin-cual-1-300x36.jpg 300w, https:\/\/elmetropolitano.com.gt\/es\/wp-content\/uploads\/2021\/11\/cintillo-arrin-cual-1-600x72.jpg 600w\" sizes=\"(max-width: 750px) 100vw, 750px\" width=\"750\" height=\"90\"   \/><\/a><\/div><\/div>\n\n\n\n<p><a><\/a>Estado de Derecho y el fortalecimiento de la institucionalidad\u201d<\/p>\n\n\n\n<p>Es por ello que la c\u00e1mara de turismo exige \u201c el respeto a los resultados oficializados por el Tribunal Supremo Electoral garantizando que el proceso de transici\u00f3n gubernamental se realice de manera pac\u00edfica y que los alcaldes, diputados, presidente electo, Bernardo Ar\u00e9valo y vicepresidenta electa Karin Herrera, tomen posesi\u00f3n el pr\u00f3ximo 14 y 15 de enero de 2024\u201d<\/p>\n\n\n\n<p>Agrega que \u201cnos corresponde a todos los quatemaltecos defender el sistema electoral, as\u00ed como el trabajo de las Juntas Electorales y Juntas Receptoras de votos que velaron por unas elecciones transparentes y en paz\u201d<\/p>\n\n\n\n<p>Es por ello expresa \u201csolicitamos al Tribunal Supremo Electoral que para garantizar que todas las personas electas en las urnas tomen posesi\u00f3n el 14 y 15 de enero de 2024, se extienda el periodo electoral hasta el 16 de enero de 2024 (Art. 197 LEDPP).<\/p>\n\n\n\n<p>Manifestaciones que sean Pac\u00edficas<\/p>\n\n\n\n<p>Reiteramos \u201cque la manifestaci\u00f3n es un derecho constitucional y una importante herramienta para defender nuestra democracia por lo que solicitamos a los l\u00edderes que la misma sea ejercida de manera pac\u00edfica sin violentar el derecho que otras personas tenemos de movilizarnos, acceder a nuestros trabajos, a educaci\u00f3n, a salud y seguridad alimentaria\u201d indica el sector turismo<\/p>\n\n\n\n<p>Finalmente expresan que \u201ctodos los guatemaltecos queremos vivir en una Guatemala libre, democr\u00e1tica y que ofrezca oportunidades para todos en condiciones de igualdad. Que este deseo nos una y prevalezca en el di\u00e1logo para que la comunicaci\u00f3n, el conocimiento, la comprensi\u00f3n\u201d<\/p>\n\n\n\n<p><a href=\"https:\/\/www.facebook.com\/hashtag\/camtur?__eep__=6&amp;__cft__[0]=AZWG7PrfwAVjukCkjTJMr-Xv7y6dDo5xMk3s1DJVO5vY1Md0EytiKiiOd0YkuU3mDl9f2fh9KPYkUuUVkQK7lEY916lNNEgnV6DUl7bhQkBV5ePINQ8LJ5Q2JXH-d0jkVv3vaukG7pua8szrEaYO_p7R3EFYKcevrmRR39fG7OIHT1yRXeJTt7muwM2rgX7mA3k&amp;__tn__=*NK-R\">#Camtur<\/a><a href=\"https:\/\/www.facebook.com\/hashtag\/metroredes?__eep__=6&amp;__cft__[0]=AZWG7PrfwAVjukCkjTJMr-Xv7y6dDo5xMk3s1DJVO5vY1Md0EytiKiiOd0YkuU3mDl9f2fh9KPYkUuUVkQK7lEY916lNNEgnV6DUl7bhQkBV5ePINQ8LJ5Q2JXH-d0jkVv3vaukG7pua8szrEaYO_p7R3EFYKcevrmRR39fG7OIHT1yRXeJTt7muwM2rgX7mA3k&amp;__tn__=*NK-R\">#metroredes<\/a><a href=\"https:\/\/www.facebook.com\/hashtag\/tseguatemala?__eep__=6&amp;__cft__[0]=AZWG7PrfwAVjukCkjTJMr-Xv7y6dDo5xMk3s1DJVO5vY1Md0EytiKiiOd0YkuU3mDl9f2fh9KPYkUuUVkQK7lEY916lNNEgnV6DUl7bhQkBV5ePINQ8LJ5Q2JXH-d0jkVv3vaukG7pua8szrEaYO_p7R3EFYKcevrmRR39fG7OIHT1yRXeJTt7muwM2rgX7mA3k&amp;__tn__=*NK-R\">#TSEGuatemala<\/a> www.metroredes.com   www.elescuuintleco.com  <\/p>\n\n\n\n<figure class=\"wp-block-gallery has-nested-images columns-default is-cropped wp-block-gallery-1 is-layout-flex wp-block-gallery-is-layout-flex\">\n<figure class=\"wp-block-image size-large\"><img loading=\"lazy\" decoding=\"async\" width=\"791\" height=\"1024\" data-id=\"73817\" src=\"https:\/\/elmetropolitano.com.gt\/es\/wp-content\/uploads\/2023\/10\/392956013_805178514941567_551883867774030214_n-1-791x1024.jpg\" alt=\"\" class=\"wp-image-73817\" srcset=\"https:\/\/elmetropolitano.com.gt\/es\/wp-content\/uploads\/2023\/10\/392956013_805178514941567_551883867774030214_n-1-791x1024.jpg 791w, https:\/\/elmetropolitano.com.gt\/es\/wp-content\/uploads\/2023\/10\/392956013_805178514941567_551883867774030214_n-1-232x300.jpg 232w, https:\/\/elmetropolitano.com.gt\/es\/wp-content\/uploads\/2023\/10\/392956013_805178514941567_551883867774030214_n-1-768x994.jpg 768w, https:\/\/elmetropolitano.com.gt\/es\/wp-content\/uploads\/2023\/10\/392956013_805178514941567_551883867774030214_n-1-1187x1536.jpg 1187w, https:\/\/elmetropolitano.com.gt\/es\/wp-content\/uploads\/2023\/10\/392956013_805178514941567_551883867774030214_n-1-600x776.jpg 600w, https:\/\/elmetropolitano.com.gt\/es\/wp-content\/uploads\/2023\/10\/392956013_805178514941567_551883867774030214_n-1.jpg 1275w\" sizes=\"auto, (max-width: 791px) 100vw, 791px\" \/><\/figure>\n<\/figure>\n","protected":false},"excerpt":{"rendered":"<p>La C\u00e1mara de Turismo de Guatemala, CAMTUR sus filiales, gremiales comit\u00e9s y asociaciones afines, pidi\u00f3 hoy al Tribunal Supremo Electoral TSE que extienda el peri\u00f3dico electoral hasta el 14 de enero del 2024 para garantizar que las personas electas tomen posesi\u00f3n CAMTUR expresa en un comunicado de prensa que \u201c como guatemaltecos estamos comprometidos con <a class=\"read-more\" href=\"https:\/\/elmetropolitano.com.gt\/es\/camtur-pide-al-tse-ampliar-fin-del-proceso-electoral-hasta-el-16-de-enero\/\">Leer m\u00e1s<\/a><\/p>\n","protected":false},"author":1,"featured_media":73816,"comment_status":"open","ping_status":"closed","sticky":false,"template":"","format":"standard","meta":{"footnotes":""},"categories":[2],"tags":[12],"class_list":["post-73815","post","type-post","status-publish","format-standard","has-post-thumbnail","hentry","category-nacionales","tag-nacionales"],"_links":{"self":[{"href":"https:\/\/elmetropolitano.com.gt\/es\/wp-json\/wp\/v2\/posts\/73815","targetHints":{"allow":["GET"]}}],"collection":[{"href":"https:\/\/elmetropolitano.com.gt\/es\/wp-json\/wp\/v2\/posts"}],"about":[{"href":"https:\/\/elmetropolitano.com.gt\/es\/wp-json\/wp\/v2\/types\/post"}],"author":[{"embeddable":true,"href":"https:\/\/elmetropolitano.com.gt\/es\/wp-json\/wp\/v2\/users\/1"}],"replies":[{"embeddable":true,"href":"https:\/\/elmetropolitano.com.gt\/es\/wp-json\/wp\/v2\/comments?post=73815"}],"version-history":[{"count":1,"href":"https:\/\/elmetropolitano.com.gt\/es\/wp-json\/wp\/v2\/posts\/73815\/revisions"}],"predecessor-version":[{"id":73818,"href":"https:\/\/elmetropolitano.com.gt\/es\/wp-json\/wp\/v2\/posts\/73815\/revisions\/73818"}],"wp:featuredmedia":[{"embeddable":true,"href":"https:\/\/elmetropolitano.com.gt\/es\/wp-json\/wp\/v2\/media\/73816"}],"wp:attachment":[{"href":"https:\/\/elmetropolitano.com.gt\/es\/wp-json\/wp\/v2\/media?parent=73815"}],"wp:term":[{"taxonomy":"category","embeddable":true,"href":"https:\/\/elmetropolitano.com.gt\/es\/wp-json\/wp\/v2\/categories?post=73815"},{"taxonomy":"post_tag","embeddable":true,"href":"https:\/\/elmetropolitano.com.gt\/es\/wp-json\/wp\/v2\/tags?post=73815"}],"curies":[{"name":"wp","href":"https:\/\/api.w.org\/{rel}","templated":true}]}}