{"id":73819,"date":"2023-10-20T20:35:24","date_gmt":"2023-10-21T02:35:24","guid":{"rendered":"https:\/\/elmetropolitano.com.gt\/es\/?p=73819"},"modified":"2023-10-20T20:35:25","modified_gmt":"2023-10-21T02:35:25","slug":"liberado-el-paso-por-cuatro-caminos-la-presion-sera-aqui-en-la-capital-dicen-lideres-campesinos","status":"publish","type":"post","link":"https:\/\/elmetropolitano.com.gt\/es\/liberado-el-paso-por-cuatro-caminos-la-presion-sera-aqui-en-la-capital-dicen-lideres-campesinos\/","title":{"rendered":"Liberado el paso por Cuatro Caminos la presi\u00f3n ser\u00e1 aqu\u00ed en la capital dicen l\u00edderes campesinos"},"content":{"rendered":"\n<p>Autoridades de 48 Cantones de Totonicap\u00e1n liberaron la tarde de este viernes el paso por Cuatro Caminos, ruta Interamericana que estuvo bloqueado durante 19 d\u00edas para exigir la renuncia de la Fiscal Consuelo Porras<\/p>\n\n\n\n<p>Seg\u00fan se indic\u00f3 un buen n\u00famero de protestantes se trasladar\u00e1n a la ciudad capital a apoyar a los l\u00edderes de los 48 cantones que est\u00e1n frente a la sede del Ministerio P\u00fablico MP<\/p><div class=\"elmet-contenido\" id=\"elmet-3915755157\"><div class=\"elmet-adlabel\">Anuncios<\/div><div style=\"margin-top: 20px;margin-right: 20px;margin-bottom: 20px;margin-left: 20px;\" id=\"elmet-2679534797\"><a href=\"https:\/\/www.facebook.com\/arrincuanantigua\/\" aria-label=\"cintillo-arrin-cual\"><img loading=\"lazy\" decoding=\"async\" src=\"https:\/\/elmetropolitano.com.gt\/es\/wp-content\/uploads\/2021\/11\/cintillo-arrin-cual-1.jpg\" alt=\"\"  srcset=\"https:\/\/elmetropolitano.com.gt\/es\/wp-content\/uploads\/2021\/11\/cintillo-arrin-cual-1.jpg 750w, https:\/\/elmetropolitano.com.gt\/es\/wp-content\/uploads\/2021\/11\/cintillo-arrin-cual-1-300x36.jpg 300w, https:\/\/elmetropolitano.com.gt\/es\/wp-content\/uploads\/2021\/11\/cintillo-arrin-cual-1-600x72.jpg 600w\" sizes=\"(max-width: 750px) 100vw, 750px\" width=\"750\" height=\"90\"   \/><\/a><\/div><\/div>\n\n\n\n<p>#metroredes  www.metroredes.com   www.elescuintleco.com  <\/p>\n","protected":false},"excerpt":{"rendered":"<p>Autoridades de 48 Cantones de Totonicap\u00e1n liberaron la tarde de este viernes el paso por Cuatro Caminos, ruta Interamericana que estuvo bloqueado durante 19 d\u00edas para exigir la renuncia de la Fiscal Consuelo Porras Seg\u00fan se indic\u00f3 un buen n\u00famero de protestantes se trasladar\u00e1n a la ciudad capital a apoyar a los l\u00edderes de los <a class=\"read-more\" href=\"https:\/\/elmetropolitano.com.gt\/es\/liberado-el-paso-por-cuatro-caminos-la-presion-sera-aqui-en-la-capital-dicen-lideres-campesinos\/\">Leer m\u00e1s<\/a><\/p>\n","protected":false},"author":1,"featured_media":73820,"comment_status":"open","ping_status":"closed","sticky":false,"template":"","format":"standard","meta":{"footnotes":""},"categories":[4],"tags":[13],"class_list":["post-73819","post","type-post","status-publish","format-standard","has-post-thumbnail","hentry","category-departamentales","tag-departamentales"],"_links":{"self":[{"href":"https:\/\/elmetropolitano.com.gt\/es\/wp-json\/wp\/v2\/posts\/73819","targetHints":{"allow":["GET"]}}],"collection":[{"href":"https:\/\/elmetropolitano.com.gt\/es\/wp-json\/wp\/v2\/posts"}],"about":[{"href":"https:\/\/elmetropolitano.com.gt\/es\/wp-json\/wp\/v2\/types\/post"}],"author":[{"embeddable":true,"href":"https:\/\/elmetropolitano.com.gt\/es\/wp-json\/wp\/v2\/users\/1"}],"replies":[{"embeddable":true,"href":"https:\/\/elmetropolitano.com.gt\/es\/wp-json\/wp\/v2\/comments?post=73819"}],"version-history":[{"count":1,"href":"https:\/\/elmetropolitano.com.gt\/es\/wp-json\/wp\/v2\/posts\/73819\/revisions"}],"predecessor-version":[{"id":73821,"href":"https:\/\/elmetropolitano.com.gt\/es\/wp-json\/wp\/v2\/posts\/73819\/revisions\/73821"}],"wp:featuredmedia":[{"embeddable":true,"href":"https:\/\/elmetropolitano.com.gt\/es\/wp-json\/wp\/v2\/media\/73820"}],"wp:attachment":[{"href":"https:\/\/elmetropolitano.com.gt\/es\/wp-json\/wp\/v2\/media?parent=73819"}],"wp:term":[{"taxonomy":"category","embeddable":true,"href":"https:\/\/elmetropolitano.com.gt\/es\/wp-json\/wp\/v2\/categories?post=73819"},{"taxonomy":"post_tag","embeddable":true,"href":"https:\/\/elmetropolitano.com.gt\/es\/wp-json\/wp\/v2\/tags?post=73819"}],"curies":[{"name":"wp","href":"https:\/\/api.w.org\/{rel}","templated":true}]}}