{"id":73847,"date":"2023-10-21T20:32:49","date_gmt":"2023-10-22T02:32:49","guid":{"rendered":"https:\/\/elmetropolitano.com.gt\/es\/?p=73847"},"modified":"2023-10-21T20:33:36","modified_gmt":"2023-10-22T02:33:36","slug":"sector-empresarial-organizado-exige-respeto-a-la-democracia-y-el-estado-de-derecho-en-guatemala","status":"publish","type":"post","link":"https:\/\/elmetropolitano.com.gt\/es\/sector-empresarial-organizado-exige-respeto-a-la-democracia-y-el-estado-de-derecho-en-guatemala\/","title":{"rendered":"Sector empresarial organizado exige respeto a la democracia y el estado de derecho en Guatemala"},"content":{"rendered":"\n<p>\u201cExigimos a los organismos Ejecutivo, Legislativo y Judicial, y a todas las instituciones que conforme el tejido institucional del Estado de Guatemala, respeten y hagan cumplir la ley y fortalecer y proteger el proceso electoral y respeto a la voluntad popular manifestada con claridad por medio de las urnas\u201d, seg\u00fan lo dieron a conocer en un comunicado.<\/p>\n\n\n\n<p>\u201cReafirmamos nuestro compromiso y defensa incondicional hacia el estado de derecho y la democracia que rige la Rep\u00fablica de Guatemala y cualquier acto contra estos principios atenta contra el bienestar y progreso de nuestra naci\u00f3n, por lo que cada una de las instituciones debe cumplir con sus funciones y respetar el l\u00edmite de sus competencias y para cumplir con sus funciones\u201d, dijeron.<\/p><div class=\"elmet-contenido\" id=\"elmet-2115764935\"><div class=\"elmet-adlabel\">Anuncios<\/div><div style=\"margin-top: 20px;margin-right: 20px;margin-bottom: 20px;margin-left: 20px;\" id=\"elmet-2969722253\"><a href=\"https:\/\/www.facebook.com\/arrincuanantigua\/\" aria-label=\"cintillo-arrin-cual\"><img loading=\"lazy\" decoding=\"async\" src=\"https:\/\/elmetropolitano.com.gt\/es\/wp-content\/uploads\/2021\/11\/cintillo-arrin-cual-1.jpg\" alt=\"\"  srcset=\"https:\/\/elmetropolitano.com.gt\/es\/wp-content\/uploads\/2021\/11\/cintillo-arrin-cual-1.jpg 750w, https:\/\/elmetropolitano.com.gt\/es\/wp-content\/uploads\/2021\/11\/cintillo-arrin-cual-1-300x36.jpg 300w, https:\/\/elmetropolitano.com.gt\/es\/wp-content\/uploads\/2021\/11\/cintillo-arrin-cual-1-600x72.jpg 600w\" sizes=\"(max-width: 750px) 100vw, 750px\" width=\"750\" height=\"90\"   \/><\/a><\/div><\/div>\n\n\n\n<p>A\u00f1aden que recientemente en nuestro pa\u00eds se llevaron a cabo elecciones libres y democr\u00e1ticas; estos comicios ofrecieron resultados claros y contundentes que dieron lugar a la elecci\u00f3n de cargos de presidente, vicepresidente, miembros del organismo legislativo, alcaldes e integrantes de corporaciones municipales. A su vez, el pa\u00eds se ha visto gravemente afectado por bloqueos que atentan contra el derecho de la libre locomoci\u00f3n y han impactado a todos los guatemaltecos.<\/p>\n\n\n\n<p>Los empresarios se\u00f1alan que en este contexto respetan el derecho de manifestaci\u00f3n pac\u00edfica, el cual es incompatible con los bloqueos que general caos e incertidumbre, por lo que se hace imperativo que liberen los bloqueos que a\u00fan persisten en todo el territorio nacional.<\/p>\n\n\n\n<p>Agrega que es imperativo que todas las decisiones tomadas en relaci\u00f3n con este proceso est\u00e9n enmarcadas en el apoyo y fortalecimiento del estado de derechos y defensa de los valores democr\u00e1ticos y republicanos del pa\u00eds.<\/p>\n\n\n\n<p>Hicieron un llamado a proteger a los voluntarios de todas las juntas electorales involucrados en este proceso y las autoridades electas, deben tomar posesi\u00f3n de sus respectivos cargos el 14 y 15 de enero de 2024, cumpliendo con la ley vigente en nuestro pa\u00eds. #metroredes&nbsp; <a href=\"http:\/\/www.metroredes.com\">www.metroredes.com<\/a><a href=\"http:\/\/www.lescuintleco.com\">www.lescuintleco.com<\/a><a href=\"http:\/\/www.elmetropolitano.com.gt\">www.elmetropolitano.com.gt<\/a><\/p>\n\n\n\n<figure class=\"wp-block-gallery has-nested-images columns-default is-cropped wp-block-gallery-1 is-layout-flex wp-block-gallery-is-layout-flex\">\n<figure class=\"wp-block-image size-large\"><img loading=\"lazy\" decoding=\"async\" width=\"895\" height=\"1024\" data-id=\"73850\" src=\"https:\/\/elmetropolitano.com.gt\/es\/wp-content\/uploads\/2023\/10\/d306a40d-a61c-4042-84d8-78e99b413334-1-895x1024.jpg\" alt=\"\" class=\"wp-image-73850\" srcset=\"https:\/\/elmetropolitano.com.gt\/es\/wp-content\/uploads\/2023\/10\/d306a40d-a61c-4042-84d8-78e99b413334-1-895x1024.jpg 895w, https:\/\/elmetropolitano.com.gt\/es\/wp-content\/uploads\/2023\/10\/d306a40d-a61c-4042-84d8-78e99b413334-1-262x300.jpg 262w, https:\/\/elmetropolitano.com.gt\/es\/wp-content\/uploads\/2023\/10\/d306a40d-a61c-4042-84d8-78e99b413334-1-768x879.jpg 768w, https:\/\/elmetropolitano.com.gt\/es\/wp-content\/uploads\/2023\/10\/d306a40d-a61c-4042-84d8-78e99b413334-1-600x686.jpg 600w, https:\/\/elmetropolitano.com.gt\/es\/wp-content\/uploads\/2023\/10\/d306a40d-a61c-4042-84d8-78e99b413334-1.jpg 1284w\" sizes=\"auto, (max-width: 895px) 100vw, 895px\" \/><\/figure>\n\n\n\n<figure class=\"wp-block-image size-large\"><img loading=\"lazy\" decoding=\"async\" width=\"957\" height=\"1024\" data-id=\"73849\" src=\"https:\/\/elmetropolitano.com.gt\/es\/wp-content\/uploads\/2023\/10\/0960a722-d971-43bb-80cb-e08363b31b4e-957x1024.jpg\" alt=\"\" class=\"wp-image-73849\" srcset=\"https:\/\/elmetropolitano.com.gt\/es\/wp-content\/uploads\/2023\/10\/0960a722-d971-43bb-80cb-e08363b31b4e-957x1024.jpg 957w, https:\/\/elmetropolitano.com.gt\/es\/wp-content\/uploads\/2023\/10\/0960a722-d971-43bb-80cb-e08363b31b4e-280x300.jpg 280w, https:\/\/elmetropolitano.com.gt\/es\/wp-content\/uploads\/2023\/10\/0960a722-d971-43bb-80cb-e08363b31b4e-768x822.jpg 768w, https:\/\/elmetropolitano.com.gt\/es\/wp-content\/uploads\/2023\/10\/0960a722-d971-43bb-80cb-e08363b31b4e-600x642.jpg 600w, https:\/\/elmetropolitano.com.gt\/es\/wp-content\/uploads\/2023\/10\/0960a722-d971-43bb-80cb-e08363b31b4e.jpg 1284w\" sizes=\"auto, (max-width: 957px) 100vw, 957px\" \/><\/figure>\n<\/figure>\n","protected":false},"excerpt":{"rendered":"<p>\u201cExigimos a los organismos Ejecutivo, Legislativo y Judicial, y a todas las instituciones que conforme el tejido institucional del Estado de Guatemala, respeten y hagan cumplir la ley y fortalecer y proteger el proceso electoral y respeto a la voluntad popular manifestada con claridad por medio de las urnas\u201d, seg\u00fan lo dieron a conocer en <a class=\"read-more\" href=\"https:\/\/elmetropolitano.com.gt\/es\/sector-empresarial-organizado-exige-respeto-a-la-democracia-y-el-estado-de-derecho-en-guatemala\/\">Leer m\u00e1s<\/a><\/p>\n","protected":false},"author":1,"featured_media":73848,"comment_status":"open","ping_status":"closed","sticky":false,"template":"","format":"standard","meta":{"footnotes":""},"categories":[2],"tags":[12],"class_list":["post-73847","post","type-post","status-publish","format-standard","has-post-thumbnail","hentry","category-nacionales","tag-nacionales"],"_links":{"self":[{"href":"https:\/\/elmetropolitano.com.gt\/es\/wp-json\/wp\/v2\/posts\/73847","targetHints":{"allow":["GET"]}}],"collection":[{"href":"https:\/\/elmetropolitano.com.gt\/es\/wp-json\/wp\/v2\/posts"}],"about":[{"href":"https:\/\/elmetropolitano.com.gt\/es\/wp-json\/wp\/v2\/types\/post"}],"author":[{"embeddable":true,"href":"https:\/\/elmetropolitano.com.gt\/es\/wp-json\/wp\/v2\/users\/1"}],"replies":[{"embeddable":true,"href":"https:\/\/elmetropolitano.com.gt\/es\/wp-json\/wp\/v2\/comments?post=73847"}],"version-history":[{"count":2,"href":"https:\/\/elmetropolitano.com.gt\/es\/wp-json\/wp\/v2\/posts\/73847\/revisions"}],"predecessor-version":[{"id":73852,"href":"https:\/\/elmetropolitano.com.gt\/es\/wp-json\/wp\/v2\/posts\/73847\/revisions\/73852"}],"wp:featuredmedia":[{"embeddable":true,"href":"https:\/\/elmetropolitano.com.gt\/es\/wp-json\/wp\/v2\/media\/73848"}],"wp:attachment":[{"href":"https:\/\/elmetropolitano.com.gt\/es\/wp-json\/wp\/v2\/media?parent=73847"}],"wp:term":[{"taxonomy":"category","embeddable":true,"href":"https:\/\/elmetropolitano.com.gt\/es\/wp-json\/wp\/v2\/categories?post=73847"},{"taxonomy":"post_tag","embeddable":true,"href":"https:\/\/elmetropolitano.com.gt\/es\/wp-json\/wp\/v2\/tags?post=73847"}],"curies":[{"name":"wp","href":"https:\/\/api.w.org\/{rel}","templated":true}]}}