{"id":73883,"date":"2023-10-23T08:11:25","date_gmt":"2023-10-23T14:11:25","guid":{"rendered":"https:\/\/elmetropolitano.com.gt\/es\/?p=73883"},"modified":"2023-10-23T08:11:26","modified_gmt":"2023-10-23T14:11:26","slug":"sergio-massa-gana-apoyos-y-se-medira-con-javier-milei-en-el-balotaje-por-la-presidencia-argentina","status":"publish","type":"post","link":"https:\/\/elmetropolitano.com.gt\/es\/sergio-massa-gana-apoyos-y-se-medira-con-javier-milei-en-el-balotaje-por-la-presidencia-argentina\/","title":{"rendered":"Sergio Massa gana apoyos y se medir\u00e1 con Javier Milei en el balotaje por la presidencia argentina"},"content":{"rendered":"\n<p>Con un sorpresivo desempe\u00f1o electoral del oficialismo, los elegidos por el pueblo argentino para disputar la Presidencia el pr\u00f3ximo 19 de noviembre ser\u00e1n el ministro de Econom\u00eda de la Administraci\u00f3n actual, Sergio Massa, y el economista libertario de extrema derecha, Javier Milei, mismo que tuvo un rendimiento mucho menor de lo esperado. Patricia Bullrich, candidata de <a><\/a>centroderecha del &#8216;macrismo&#8217;, se qued\u00f3 en el camino.<\/p>\n\n\n\n<p>El candidato de Uni\u00f3n por la Patria propin\u00f3 un batacazo hist\u00f3rico en las elecciones presidenciales argentinas, ya que, contra todo pron\u00f3stico, lider\u00f3 el escrutinio con el 36,6% de las boletas contabilizadas a su favor, por encima de un Milei que solamente pudo reunir el 30,1% de los votos con su nombre, con el 98% de los votos contabilizados. Patricia Bullrich se qued\u00f3 en tercer lugar con apenas el 23,8%.<\/p><div class=\"elmet-contenido\" id=\"elmet-3706471786\"><div class=\"elmet-adlabel\">Anuncios<\/div><div style=\"margin-top: 20px;margin-right: 20px;margin-bottom: 20px;margin-left: 20px;\" id=\"elmet-678710354\"><a href=\"https:\/\/www.facebook.com\/arrincuanantigua\/\" aria-label=\"cintillo-arrin-cual\"><img loading=\"lazy\" decoding=\"async\" src=\"https:\/\/elmetropolitano.com.gt\/es\/wp-content\/uploads\/2021\/11\/cintillo-arrin-cual-1.jpg\" alt=\"\"  srcset=\"https:\/\/elmetropolitano.com.gt\/es\/wp-content\/uploads\/2021\/11\/cintillo-arrin-cual-1.jpg 750w, https:\/\/elmetropolitano.com.gt\/es\/wp-content\/uploads\/2021\/11\/cintillo-arrin-cual-1-300x36.jpg 300w, https:\/\/elmetropolitano.com.gt\/es\/wp-content\/uploads\/2021\/11\/cintillo-arrin-cual-1-600x72.jpg 600w\" sizes=\"(max-width: 750px) 100vw, 750px\" width=\"750\" height=\"90\"   \/><\/a><\/div><\/div>\n\n\n\n<p>A pesar del intenso empuje de Javier Milei en campa\u00f1a y su impensable resultado en las Elecciones PASO del pasado agosto, en donde lider\u00f3 la preferencia argentina (30% de los votos), el elegido del oficialismo parece haberse beneficiado de los dos debates presidenciales previos a la elecci\u00f3n, al instalarse en la c\u00faspide de la primera vuelta electoral y asegurar su ventaja para el balotaje de noviembre.<\/p>\n\n\n\n<p>\u201cFelicitaciones a todo el pueblo argentino ha sido una elecci\u00f3n ejemplar. Las cinco provincias que ten\u00edan doble votaci\u00f3n fueron las que m\u00e1s tardaron, lo que ya hab\u00edamos anticipado\u201d, afirm\u00f3 Julio Vitobello, secretario general de la Presidencia, despu\u00e9s de anunciar el porcentaje de participaci\u00f3n en las elecciones, cerrado en un 77% de los ciudadanos llamados a votar.<\/p>\n\n\n\n<p>El equipo electoral del candidato presidencial de La Libertad Avanza denunci\u00f3 ciertas irregularidades en la jornada electoral, llegando a abrir un sitio web en el que se recib\u00edan \u00abdenuncias an\u00f3nimas\u00bb sobre cualquier cuesti\u00f3n extra\u00f1a en las urnas. La C\u00e1mara Nacional Electoral descart\u00f3 los alegatos del partido de ultraderecha, afirmando que la exhibici\u00f3n de irregularidades tiene que estar sustentada por la identidad de los denunciantes para tener car\u00e1cter legal.<\/p>\n\n\n\n<p>Sergio Massa, el h\u00e9roe del oficialismo<\/p>\n\n\n\n<p>Despu\u00e9s de constantes se\u00f1alamientos por ser uno de los presuntos responsables de la estruendosa crisis econ\u00f3mica que azota a Argentina en la actualidad, Sergio Massa logr\u00f3 recuperar la confianza de los y las argentinas para esta primera vuelta electoral, logrando sacarle m\u00e1s de 6 puntos de ventaja al libertario, favorito de las encuestas.<\/p>\n\n\n\n<p>\u00abSi algo qued\u00f3 en claro en esta elecci\u00f3n es que la grieta se muri\u00f3 y empieza una nueva etapa el 10 de diciembre en mi gobierno\u00bb<\/p>\n\n\n\n<p>Desde el cuartel general de su partido en Buenos Aires, el ministro de Econom\u00eda convertido a candidato presidencial agradeci\u00f3 a los \u00abcasi 8 millones de argentinos\u00bb que depositaron su confianza en \u00e9l, pero sin olvidar a todos aquellos que prefirieron a otro candidato, dirigi\u00e9ndose al p\u00fablico con \u00e1nimos de di\u00e1logo, cooperaci\u00f3n y uni\u00f3n para convocar a un gobierno \u00abde unidad nacional\u00bb en caso de ser elegido.<\/p>\n\n\n\n<p>\u00abQuiero poner punto final a la idea de la destrucci\u00f3n del otro, del amigo-enemigo. Si algo qued\u00f3 en claro en esta elecci\u00f3n es que la grieta se muri\u00f3 y empieza una nueva etapa el 10 de diciembre en mi gobierno\u00bb, exclam\u00f3 el candidato de Uni\u00f3n por la Patria.<\/p>\n\n\n\n<p>En una referencia indirecta a su contrincante en el balotaje del pr\u00f3ximo noviembre, Massa mostr\u00f3 su rechaz\u00f3 a que los estudiantes lleven \u00abarmas en la mochila\u00bb y a la propuesta de &#8216;v\u00e1uchers educativos&#8217; para desmantelar la educaci\u00f3n p\u00fablica, misma instituci\u00f3n que encumbr\u00f3 en su discurso de celebraci\u00f3n y prometi\u00f3 proteger de ser elegido.<\/p>\n\n\n\n<p>\u00abTodav\u00eda quedan 30 d\u00edas. El 19 de noviembre tenemos que definir si construimos un pa\u00eds que abrace a todos o el pa\u00eds del s\u00e1lvese quien pueda (\u2026) Cuenten conmigo, cuento con cada uno de ustedes\u00bb, sentenci\u00f3, rodeado por su familia y vitoreado por sus partidarios.<\/p>\n\n\n\n<p>Milei apunta a la uni\u00f3n en contra del kirchnerismo<\/p>\n\n\n\n<p>El &#8216;outsider&#8217; libertario no se mostr\u00f3 tan entusiasmado en su discurso de cierre de jornada, como lo hizo el pasado mes de agosto cuando rompi\u00f3 todos los pron\u00f3sticos y se coloc\u00f3 como puntero en las elecciones primarias del pa\u00eds, aunque s\u00ed reconoci\u00f3 que se trataba de un d\u00eda hist\u00f3rico para su movimiento, que en poco tiempo lleg\u00f3 a medirse con el tradicional peronismo.<\/p>\n\n\n\n<p>\u00abHace dos a\u00f1os si nos hubieran dicho que \u00edbamos a estar disputando una segunda vuelta con el kirchnerismo, no lo habr\u00edamos cre\u00eddo. Es un hecho hist\u00f3rico\u00bb, afirm\u00f3 el candidato de La Libertad Avanza, a\u00f1adiendo que las c\u00fapulas pol\u00edticas del oficialismo son una \u00aborganizaci\u00f3n criminal\u00bb que hay que derrocar en la segunda vuelta electoral.<\/p>\n\n\n\n<p>A pesar de sus encontronazos en los debates presidenciales previos a la elecci\u00f3n, Milei fue cauteloso en referirse al combinado pol\u00edtico de Patricia Bullrich, Juntos por el Cambio, felicitando a Jorge Macri, hermano del expresidente Mauricio Macri, por su victoria en la Ciudad de Buenos Aires, adem\u00e1s de hacer una apelaci\u00f3n indirecta a la base electoral de dicho partido.<\/p>\n\n\n\n<p>\u00abTodos los que queremos un cambio tenemos que trabajar juntos\u00bb, dijo Milei, agregando que la contienda del pr\u00f3ximo 19 de noviembre se resume en \u00ablos que defienden el populismo vs. los que quieren que la pol\u00edtica est\u00e9 al servicio de los argentinos de bien\u201d.<\/p>\n\n\n\n<p>Repunte del peronismo en Buenos Aires, pero perdiendo esca\u00f1os en la C\u00e1mara de Diputados<\/p>\n\n\n\n<p>No solo fue en los comicios presidenciales en donde la izquierda argentina toco el cielo, pero tambi\u00e9n logr\u00f3 recuperar el apoyo de su basti\u00f3n hist\u00f3rico con la reelecci\u00f3n del gobernador de la provincia, Axel Kicillof, que gan\u00f3 el 44.87% de los votos por encima de su competidor principal N\u00e9stor Grindetti, de la coalici\u00f3n derechista Juntos por el Cambio, que solo lleg\u00f3 a acumular el 26.62% de las boletas.<\/p>\n\n\n\n<p>\u00abEstamos muy emocionados. Ustedes recordar\u00e1n por 2019 cuando asumimos una provincia a la que denominamos \u2018tierra arrasada\u2019. Recibimos una provincia que era tierra arrasada. Es por eso que lo que emociona todo el d\u00eda de hoy es ver el acompa\u00f1amiento, la fuerza, la alegr\u00eda y la convicci\u00f3n del pueblo de la Provincia\u201d, afirm\u00f3 el gobernador de Uni\u00f3n por la Patria en su discurso de celebraci\u00f3n.<\/p>\n\n\n\n<p>Por otro lado, el futuro pol\u00edtico de la Ciudad de Buenos Aires quedo suspendido, tras la victoria parcial de Jorge Macri, ya que se qued\u00f3 a unas d\u00e9cimas de ser ratificado como el nuevo regente de la ciudad y se medir\u00e1 en una segunda vuelta con el candidato peronista, Leadro Santoro, que solo pudo reunir el 32.20% de los votos a su nombre.<\/p>\n\n\n\n<p>En una de las pocas alegr\u00edas para la derecha &#8216;macrista&#8217;, Rogelio Frigerio fue electo como gobernador de la provincia de Entre R\u00edos, arrebat\u00e1ndole el mandato al peronista Ad\u00e1n Humberto Bahl. En la demarcaci\u00f3n de Catamarca, el candidato a gobernador de Uni\u00f3n por la Patria, Ra\u00fal Jalil, se impuso como ganador logrando as\u00ed su reelecci\u00f3n en el puesto.<\/p>\n\n\n\n<p>Dentro del poder Legislativo, el oficialismo perdi\u00f3 11 esca\u00f1os qued\u00e1ndose con 107 de los 257 asientos que existen en la c\u00e1mara baja. La irrupci\u00f3n libertaria fue evidente, subiendo en representaci\u00f3n de los 3 lugares que ten\u00edan a 39, convirti\u00e9ndose en la tercera fuerza pol\u00edtica de la diputaci\u00f3n argentina. La derecha tradicional representada por Juntos por el Cambio redujo su representaci\u00f3n, de 117 asientos a 94, confirm\u00e1ndose como el gran perdedor de la jornada electoral.<\/p>\n\n\n\n<p>En el Senado, la entrada del libertarismo fue a expensas de la bancada de Juntos por el Cambio, ya que en los 24 curules que estaban sometidos a votaci\u00f3n, la facci\u00f3n encabezada por Milei logr\u00f3 entrar al escenario con 8 asientos, provocando la reducci\u00f3n de la representaci\u00f3n &#8216;macrista&#8217; que bajo de 33 a 24. Uni\u00f3n por la Patria logr\u00f3 aumentar 3 esca\u00f1os, para quedar finalmente en 34 asientos para su movimiento.<\/p>\n\n\n\n<p>A pesar de las divisiones en el oficialismo y la desconfianza del pueblo argentino, sumido en una de las peores crisis inflacionarias de su historia, el peronismo se postula como la primera fuerza pol\u00edtica en el pa\u00eds sudamericano, pasando por encima del furor popular que provoc\u00f3 la irrupci\u00f3n de Javier Milei en el escenario pol\u00edtico argentino y dejando a la derecha tradicional derrotada. El resultado final se decidir\u00e1 en la segunda vuelta del pr\u00f3ximo mes de noviembre.<\/p>\n\n\n\n<p>An\u00e1lisis de Franc\u00e9s 24<\/p>\n\n\n\n<p>#metroredes  www.metroredes.com   www.elescuintleco.com  <\/p>\n\n\n\n<figure class=\"wp-block-gallery has-nested-images columns-default is-cropped wp-block-gallery-1 is-layout-flex wp-block-gallery-is-layout-flex\">\n<figure class=\"wp-block-image size-large\"><img loading=\"lazy\" decoding=\"async\" width=\"1024\" height=\"579\" data-id=\"73885\" src=\"https:\/\/elmetropolitano.com.gt\/es\/wp-content\/uploads\/2023\/10\/393804594_806514794807939_4074695969386972797_n-1-1024x579.jpg\" alt=\"\" class=\"wp-image-73885\" srcset=\"https:\/\/elmetropolitano.com.gt\/es\/wp-content\/uploads\/2023\/10\/393804594_806514794807939_4074695969386972797_n-1-1024x579.jpg 1024w, https:\/\/elmetropolitano.com.gt\/es\/wp-content\/uploads\/2023\/10\/393804594_806514794807939_4074695969386972797_n-1-300x170.jpg 300w, https:\/\/elmetropolitano.com.gt\/es\/wp-content\/uploads\/2023\/10\/393804594_806514794807939_4074695969386972797_n-1-768x434.jpg 768w, https:\/\/elmetropolitano.com.gt\/es\/wp-content\/uploads\/2023\/10\/393804594_806514794807939_4074695969386972797_n-1-600x339.jpg 600w, https:\/\/elmetropolitano.com.gt\/es\/wp-content\/uploads\/2023\/10\/393804594_806514794807939_4074695969386972797_n-1.jpg 1372w\" sizes=\"auto, (max-width: 1024px) 100vw, 1024px\" \/><\/figure>\n<\/figure>\n","protected":false},"excerpt":{"rendered":"<p>Con un sorpresivo desempe\u00f1o electoral del oficialismo, los elegidos por el pueblo argentino para disputar la Presidencia el pr\u00f3ximo 19 de noviembre ser\u00e1n el ministro de Econom\u00eda de la Administraci\u00f3n actual, Sergio Massa, y el economista libertario de extrema derecha, Javier Milei, mismo que tuvo un rendimiento mucho menor de lo esperado. Patricia Bullrich, candidata <a class=\"read-more\" href=\"https:\/\/elmetropolitano.com.gt\/es\/sergio-massa-gana-apoyos-y-se-medira-con-javier-milei-en-el-balotaje-por-la-presidencia-argentina\/\">Leer m\u00e1s<\/a><\/p>\n","protected":false},"author":1,"featured_media":73884,"comment_status":"open","ping_status":"closed","sticky":false,"template":"","format":"standard","meta":{"footnotes":""},"categories":[14],"tags":[15],"class_list":["post-73883","post","type-post","status-publish","format-standard","has-post-thumbnail","hentry","category-internacionales","tag-internacionales"],"_links":{"self":[{"href":"https:\/\/elmetropolitano.com.gt\/es\/wp-json\/wp\/v2\/posts\/73883","targetHints":{"allow":["GET"]}}],"collection":[{"href":"https:\/\/elmetropolitano.com.gt\/es\/wp-json\/wp\/v2\/posts"}],"about":[{"href":"https:\/\/elmetropolitano.com.gt\/es\/wp-json\/wp\/v2\/types\/post"}],"author":[{"embeddable":true,"href":"https:\/\/elmetropolitano.com.gt\/es\/wp-json\/wp\/v2\/users\/1"}],"replies":[{"embeddable":true,"href":"https:\/\/elmetropolitano.com.gt\/es\/wp-json\/wp\/v2\/comments?post=73883"}],"version-history":[{"count":1,"href":"https:\/\/elmetropolitano.com.gt\/es\/wp-json\/wp\/v2\/posts\/73883\/revisions"}],"predecessor-version":[{"id":73886,"href":"https:\/\/elmetropolitano.com.gt\/es\/wp-json\/wp\/v2\/posts\/73883\/revisions\/73886"}],"wp:featuredmedia":[{"embeddable":true,"href":"https:\/\/elmetropolitano.com.gt\/es\/wp-json\/wp\/v2\/media\/73884"}],"wp:attachment":[{"href":"https:\/\/elmetropolitano.com.gt\/es\/wp-json\/wp\/v2\/media?parent=73883"}],"wp:term":[{"taxonomy":"category","embeddable":true,"href":"https:\/\/elmetropolitano.com.gt\/es\/wp-json\/wp\/v2\/categories?post=73883"},{"taxonomy":"post_tag","embeddable":true,"href":"https:\/\/elmetropolitano.com.gt\/es\/wp-json\/wp\/v2\/tags?post=73883"}],"curies":[{"name":"wp","href":"https:\/\/api.w.org\/{rel}","templated":true}]}}