{"id":73887,"date":"2023-10-23T08:14:02","date_gmt":"2023-10-23T14:14:02","guid":{"rendered":"https:\/\/elmetropolitano.com.gt\/es\/?p=73887"},"modified":"2023-10-23T08:14:04","modified_gmt":"2023-10-23T14:14:04","slug":"cumbre-migratoria-de-mexico-concluye-con-rechazo-a-medidas-coercitivas","status":"publish","type":"post","link":"https:\/\/elmetropolitano.com.gt\/es\/cumbre-migratoria-de-mexico-concluye-con-rechazo-a-medidas-coercitivas\/","title":{"rendered":"Cumbre Migratoria de M\u00e9xico concluye con rechazo a medidas coercitivas"},"content":{"rendered":"\n<p>Gobiernos latinoamericanos prometieron que la cumbre migratoria celebrada este domingo en M\u00e9xico ser\u00e1 \u00abun antes y un despu\u00e9s\u00bb para abordar la migraci\u00f3n sin precedentes que afronta la regi\u00f3n.<\/p>\n\n\n\n<p>\u00abLa declaraci\u00f3n de Palenque que hemos suscrito los jefes de Estado, de Gobierno, as\u00ed como los jefes de misi\u00f3n que hemos atendido la convocatoria, marcar\u00e1 un antes y un despu\u00e9s en las pol\u00edticas relacionadas con la <a><\/a>migraci\u00f3n\u201d, expres\u00f3 el vicepresidente de El Salvador, F\u00e9lix Ulloa, en un mensaje a medios tras la reuni\u00f3n.<\/p><div class=\"elmet-contenido\" id=\"elmet-592937372\"><div class=\"elmet-adlabel\">Anuncios<\/div><div style=\"margin-top: 20px;margin-right: 20px;margin-bottom: 20px;margin-left: 20px;\" id=\"elmet-703817670\"><a href=\"https:\/\/www.facebook.com\/arrincuanantigua\/\" aria-label=\"cintillo-arrin-cual\"><img loading=\"lazy\" decoding=\"async\" src=\"https:\/\/elmetropolitano.com.gt\/es\/wp-content\/uploads\/2021\/11\/cintillo-arrin-cual-1.jpg\" alt=\"\"  srcset=\"https:\/\/elmetropolitano.com.gt\/es\/wp-content\/uploads\/2021\/11\/cintillo-arrin-cual-1.jpg 750w, https:\/\/elmetropolitano.com.gt\/es\/wp-content\/uploads\/2021\/11\/cintillo-arrin-cual-1-300x36.jpg 300w, https:\/\/elmetropolitano.com.gt\/es\/wp-content\/uploads\/2021\/11\/cintillo-arrin-cual-1-600x72.jpg 600w\" sizes=\"(max-width: 750px) 100vw, 750px\" width=\"750\" height=\"90\"   \/><\/a><\/div><\/div>\n\n\n\n<p>La declaraci\u00f3n conjunta, con 13 puntos de acuerdo, la firmaron los jefes de Estado de Colombia, Cuba, Hait\u00ed, Honduras y Venezuela, el vicepresidente de El Salvador y el viceprimer ministro de Belice, as\u00ed como ministros de Costa Rica, Ecuador, Guatemala y Panam\u00e1, que se reunieron en Palenque con el presidente mexicano, Andr\u00e9s Manuel L\u00f3pez Obrador.<\/p>\n\n\n\n<p>A esta reuni\u00f3n estaba invitado a o presidente de Guatemala Alejandro Giammattei que pese a la importancia ele tema no asi\u00e1tico a la cumbre<\/p>\n\n\n\n<p>Entre los principales consensos estuvieron el rechazo a las medidas \u00abcoercitivas\u00bb, la promesa de pol\u00edticas que \u00abrespeten el derecho humano a migrar\u00bb, y \u00absolicitar a los pa\u00edses de destino la ampliaci\u00f3n de las v\u00edas regulares, ordenadas y seguras de migraci\u00f3n\u00bb, en referencia a Norteam\u00e9rica.<\/p>\n\n\n\n<p>\u00abNuestros mandatarios, nuestros jefes de Estado, han dado un paso importante en separar de la ideologizaci\u00f3n, del uso pol\u00edtico, la migraci\u00f3n, y realmente atender las causas, las consecuencias, los efectos y proteger, sobre todo, a nuestros migrantes en Am\u00e9rica Latina\u201d, manifest\u00f3 Yv\u00e1n Gil, canciller de Venezuela.<\/p>\n\n\n\n<p>Flujo migratorio \u00absin precedentes\u201d<\/p>\n\n\n\n<p>\u00abEntendemos la dificultad que ha causado en todos nuestros pa\u00edses la promoci\u00f3n, el est\u00edmulo a la migraci\u00f3n, que tambi\u00e9n ha sido ocasionado desde los pa\u00edses de acogida, sobre todo Estados Unidos, que ha dise\u00f1ado pol\u00edticas err\u00e1ticas en materia de migraci\u00f3n\u201d, a\u00f1adi\u00f3.<\/p>\n\n\n\n<p>La cumbre migratoria ocurre mientras M\u00e9xico y Centroam\u00e9rica afrontan un flujo migratorio \u00absin precedentes\u201d, seg\u00fan la Organizaci\u00f3n Internacional de las Migraciones (OIM), con hasta 16.000 migrantes que llegan al d\u00eda a las fronteras mexicanas, de acuerdo con L\u00f3pez Obrador.<\/p>\n\n\n\n<p>\u00abVenimos de un pa\u00eds que ha recibido a la fecha 445.000 migrantes por la selva del Dari\u00e9n, que es patrimonio de la Unesco, hemos visto c\u00f3mo el d\u00eda de hoy aspiramos y esperamos que la coordinaci\u00f3n, el di\u00e1logo franco, entre todos los pa\u00edses, que era muy requerido, se vea plasmado en medidas concretas\u201d, declar\u00f3 la canciller de Panam\u00e1, Janaina Tewaney.<\/p>\n\n\n\n<p>L\u00f3pez Obrador convoc\u00f3 la reuni\u00f3n con la promesa de llevarle una postura regional com\u00fan al presidente de Estados Unidos, Joe Biden, en noviembre.<\/p>\n\n\n\n<p>Como seguimiento, los pa\u00edses crear\u00e1n un \u00abdi\u00e1logo al m\u00e1s alto nivel\u00bb con un nuevo grupo de trabajo a cargo de las canciller\u00edas, y vincular\u00e1n estos acuerdos con el encuentro de alto nivel sobre migraci\u00f3n y desarrollo de Am\u00e9rica Latina y el Caribe que propusieron Colombia y M\u00e9xico para el primer trimestre de 2024<\/p>\n\n\n\n<p>Texto Dw Espa\u00f1ol<\/p>\n\n\n\n<p><\/p>\n","protected":false},"excerpt":{"rendered":"<p>Gobiernos latinoamericanos prometieron que la cumbre migratoria celebrada este domingo en M\u00e9xico ser\u00e1 \u00abun antes y un despu\u00e9s\u00bb para abordar la migraci\u00f3n sin precedentes que afronta la regi\u00f3n. \u00abLa declaraci\u00f3n de Palenque que hemos suscrito los jefes de Estado, de Gobierno, as\u00ed como los jefes de misi\u00f3n que hemos atendido la convocatoria, marcar\u00e1 un antes <a class=\"read-more\" href=\"https:\/\/elmetropolitano.com.gt\/es\/cumbre-migratoria-de-mexico-concluye-con-rechazo-a-medidas-coercitivas\/\">Leer m\u00e1s<\/a><\/p>\n","protected":false},"author":1,"featured_media":73888,"comment_status":"open","ping_status":"closed","sticky":false,"template":"","format":"standard","meta":{"footnotes":""},"categories":[14],"tags":[15],"class_list":["post-73887","post","type-post","status-publish","format-standard","has-post-thumbnail","hentry","category-internacionales","tag-internacionales"],"_links":{"self":[{"href":"https:\/\/elmetropolitano.com.gt\/es\/wp-json\/wp\/v2\/posts\/73887","targetHints":{"allow":["GET"]}}],"collection":[{"href":"https:\/\/elmetropolitano.com.gt\/es\/wp-json\/wp\/v2\/posts"}],"about":[{"href":"https:\/\/elmetropolitano.com.gt\/es\/wp-json\/wp\/v2\/types\/post"}],"author":[{"embeddable":true,"href":"https:\/\/elmetropolitano.com.gt\/es\/wp-json\/wp\/v2\/users\/1"}],"replies":[{"embeddable":true,"href":"https:\/\/elmetropolitano.com.gt\/es\/wp-json\/wp\/v2\/comments?post=73887"}],"version-history":[{"count":1,"href":"https:\/\/elmetropolitano.com.gt\/es\/wp-json\/wp\/v2\/posts\/73887\/revisions"}],"predecessor-version":[{"id":73889,"href":"https:\/\/elmetropolitano.com.gt\/es\/wp-json\/wp\/v2\/posts\/73887\/revisions\/73889"}],"wp:featuredmedia":[{"embeddable":true,"href":"https:\/\/elmetropolitano.com.gt\/es\/wp-json\/wp\/v2\/media\/73888"}],"wp:attachment":[{"href":"https:\/\/elmetropolitano.com.gt\/es\/wp-json\/wp\/v2\/media?parent=73887"}],"wp:term":[{"taxonomy":"category","embeddable":true,"href":"https:\/\/elmetropolitano.com.gt\/es\/wp-json\/wp\/v2\/categories?post=73887"},{"taxonomy":"post_tag","embeddable":true,"href":"https:\/\/elmetropolitano.com.gt\/es\/wp-json\/wp\/v2\/tags?post=73887"}],"curies":[{"name":"wp","href":"https:\/\/api.w.org\/{rel}","templated":true}]}}