{"id":73891,"date":"2023-10-23T10:13:27","date_gmt":"2023-10-23T16:13:27","guid":{"rendered":"https:\/\/elmetropolitano.com.gt\/es\/?p=73891"},"modified":"2023-10-23T10:13:30","modified_gmt":"2023-10-23T16:13:30","slug":"el-respeto-a-la-democracia-y-estado-de-derecho-la-principal-preocupacion-de-brian-nicholson-en-su-visita-a-guatemala","status":"publish","type":"post","link":"https:\/\/elmetropolitano.com.gt\/es\/el-respeto-a-la-democracia-y-estado-de-derecho-la-principal-preocupacion-de-brian-nicholson-en-su-visita-a-guatemala\/","title":{"rendered":"El respeto a la democracia y estado de derecho, la principal preocupaci\u00f3n de Brian Nicholson en su visita a Guatemala"},"content":{"rendered":"\n<p>El subsecretario de Estado para Asuntos del hemisferio occidental de EE.UU. Brian Nicholson, anunci\u00f3 que se reunir\u00e1 con socios de Guatemala para avanzar en temas de salvaguardar la democracia y el estado de derecho, principal preocupaci\u00f3n para la naci\u00f3n norteamericana y los sucesos que est\u00e1n ocurriendo en nuestro pa\u00eds por las acciones de aparente legalidad del Ministerio P\u00fablico, MP, en contra de las elecciones generales reci\u00e9n pasadas.<\/p>\n\n\n\n<p>Analistas expresan que la visita de este alto funcionario norteamericano es la muestra del descontento que se vive no solo en Guatemala sino en toda la comunidad internacional por el intento de golpe de estado que, encabezado por la fiscal Consuelo Porras, busca deslegitimizar el proceso electoral y pasarse por encima de la voluntad popular.<\/p><div class=\"elmet-contenido\" id=\"elmet-2087114021\"><div class=\"elmet-adlabel\">Anuncios<\/div><div style=\"margin-top: 20px;margin-right: 20px;margin-bottom: 20px;margin-left: 20px;\" id=\"elmet-366508166\"><a href=\"https:\/\/www.facebook.com\/arrincuanantigua\/\" aria-label=\"cintillo-arrin-cual\"><img loading=\"lazy\" decoding=\"async\" src=\"https:\/\/elmetropolitano.com.gt\/es\/wp-content\/uploads\/2021\/11\/cintillo-arrin-cual-1.jpg\" alt=\"\"  srcset=\"https:\/\/elmetropolitano.com.gt\/es\/wp-content\/uploads\/2021\/11\/cintillo-arrin-cual-1.jpg 750w, https:\/\/elmetropolitano.com.gt\/es\/wp-content\/uploads\/2021\/11\/cintillo-arrin-cual-1-300x36.jpg 300w, https:\/\/elmetropolitano.com.gt\/es\/wp-content\/uploads\/2021\/11\/cintillo-arrin-cual-1-600x72.jpg 600w\" sizes=\"(max-width: 750px) 100vw, 750px\" width=\"750\" height=\"90\"   \/><\/a><\/div><\/div>\n\n\n\n<p>Seg\u00fan lo dio a conocer la embajada norteamericana, Nicholson en su visita a Guatemala, se reunir\u00e1 con socios para avanzar en las m\u00e1ximas prioridades regionales: salvaguardar la democracia, impulsar la prosperidad inclusiva y proteger las libertades fundamentales.<\/p>\n\n\n\n<p>El funcionario se reunir\u00e1 con l\u00edderes de las comunidades ind\u00edgenas, representantes del sector privado y defensores de los derechos humanos, referente a los procesos pol\u00edticos. Adem\u00e1s, conversara sobre la prosperidad econ\u00f3mica inclusiva y el clima de inversi\u00f3n en Guatemala.<\/p>\n\n\n\n<p>Manfredo Marroqu\u00edn en sus redes sociales expres\u00f3 que, en Guatemala, el Subsecretario se reunir\u00e1 con el presidente electo Bernardo Ar\u00e9valo y el ministro de Relaciones Exteriores Mario B\u00facaro para discutir el proceso de transici\u00f3n presidencial. Espec\u00edficamente, el secretario Adjunto Nichols discutir\u00e1 la necesidad de garantizar una transici\u00f3n democr\u00e1tica pac\u00edfica en enero y dar\u00e1 prioridad al di\u00e1logo entre todos los actores como medio para resolver la crisis pol\u00edtica del pa\u00eds. Tambi\u00e9n discutir\u00e1 los esfuerzos continuos para colaborar en la gesti\u00f3n de la migraci\u00f3n.<\/p>\n\n\n\n<p>Durante su visita a Guatemala, el secretario Adjunto se comprometer\u00e1 con l\u00edderes de las comunidades ind\u00edgenas, representantes del sector privado y defensores de los derechos humanos para discutir la importancia de sus voces en el proceso pol\u00edtico. Estas conversaciones tambi\u00e9n se centrar\u00e1n en la prosperidad econ\u00f3mica inclusiva y el clima de inversi\u00f3n en Guatemala.<\/p>\n\n\n\n<p>A lo largo de todas las reuniones, el Subsecretario har\u00e1 hincapi\u00e9 en el compromiso continuo de los Estados Unidos con el pueblo guatemalteco y el inter\u00e9s en asociarse para promover la seguridad, la prosperidad y el estado de derecho, seg\u00fan lo expresado por la embajada de ese pa\u00eds del norte acreditada en Guatemala.<\/p>\n\n\n\n<p>#metroredes\u00a0 <a href=\"http:\/\/www.metroredes.com\">www.metroredes.com<\/a>\u00a0 <a href=\"http:\/\/www.elescuintleco.com\">www.elescuintleco.com<\/a>\u00a0 www.elmetropolitano.com.gt<\/p>\n\n\n\n<figure class=\"wp-block-gallery has-nested-images columns-default is-cropped wp-block-gallery-1 is-layout-flex wp-block-gallery-is-layout-flex\">\n<figure class=\"wp-block-image size-large\"><img loading=\"lazy\" decoding=\"async\" width=\"1024\" height=\"886\" data-id=\"73893\" src=\"https:\/\/elmetropolitano.com.gt\/es\/wp-content\/uploads\/2023\/10\/F9ITei8WcAApPOd-1024x886.jpeg\" alt=\"\" class=\"wp-image-73893\" srcset=\"https:\/\/elmetropolitano.com.gt\/es\/wp-content\/uploads\/2023\/10\/F9ITei8WcAApPOd-1024x886.jpeg 1024w, https:\/\/elmetropolitano.com.gt\/es\/wp-content\/uploads\/2023\/10\/F9ITei8WcAApPOd-300x259.jpeg 300w, https:\/\/elmetropolitano.com.gt\/es\/wp-content\/uploads\/2023\/10\/F9ITei8WcAApPOd-768x664.jpeg 768w, https:\/\/elmetropolitano.com.gt\/es\/wp-content\/uploads\/2023\/10\/F9ITei8WcAApPOd-600x519.jpeg 600w, https:\/\/elmetropolitano.com.gt\/es\/wp-content\/uploads\/2023\/10\/F9ITei8WcAApPOd.jpeg 1169w\" sizes=\"auto, (max-width: 1024px) 100vw, 1024px\" \/><\/figure>\n\n\n\n<figure class=\"wp-block-image size-large\"><img loading=\"lazy\" decoding=\"async\" width=\"528\" height=\"1024\" data-id=\"73895\" src=\"https:\/\/elmetropolitano.com.gt\/es\/wp-content\/uploads\/2023\/10\/F9ITei8WUAAx6hA-528x1024.jpeg\" alt=\"\" class=\"wp-image-73895\" srcset=\"https:\/\/elmetropolitano.com.gt\/es\/wp-content\/uploads\/2023\/10\/F9ITei8WUAAx6hA-528x1024.jpeg 528w, https:\/\/elmetropolitano.com.gt\/es\/wp-content\/uploads\/2023\/10\/F9ITei8WUAAx6hA-155x300.jpeg 155w, https:\/\/elmetropolitano.com.gt\/es\/wp-content\/uploads\/2023\/10\/F9ITei8WUAAx6hA-768x1489.jpeg 768w, https:\/\/elmetropolitano.com.gt\/es\/wp-content\/uploads\/2023\/10\/F9ITei8WUAAx6hA-792x1536.jpeg 792w, https:\/\/elmetropolitano.com.gt\/es\/wp-content\/uploads\/2023\/10\/F9ITei8WUAAx6hA-600x1164.jpeg 600w, https:\/\/elmetropolitano.com.gt\/es\/wp-content\/uploads\/2023\/10\/F9ITei8WUAAx6hA.jpeg 1056w\" sizes=\"auto, (max-width: 528px) 100vw, 528px\" \/><\/figure>\n\n\n\n<figure class=\"wp-block-image size-large\"><img loading=\"lazy\" decoding=\"async\" width=\"513\" height=\"1024\" data-id=\"73896\" src=\"https:\/\/elmetropolitano.com.gt\/es\/wp-content\/uploads\/2023\/10\/F9ITei8XMAA2s8n-513x1024.jpeg\" alt=\"\" class=\"wp-image-73896\" srcset=\"https:\/\/elmetropolitano.com.gt\/es\/wp-content\/uploads\/2023\/10\/F9ITei8XMAA2s8n-513x1024.jpeg 513w, https:\/\/elmetropolitano.com.gt\/es\/wp-content\/uploads\/2023\/10\/F9ITei8XMAA2s8n-150x300.jpeg 150w, https:\/\/elmetropolitano.com.gt\/es\/wp-content\/uploads\/2023\/10\/F9ITei8XMAA2s8n-768x1533.jpeg 768w, https:\/\/elmetropolitano.com.gt\/es\/wp-content\/uploads\/2023\/10\/F9ITei8XMAA2s8n-770x1536.jpeg 770w, https:\/\/elmetropolitano.com.gt\/es\/wp-content\/uploads\/2023\/10\/F9ITei8XMAA2s8n-600x1198.jpeg 600w, https:\/\/elmetropolitano.com.gt\/es\/wp-content\/uploads\/2023\/10\/F9ITei8XMAA2s8n.jpeg 1026w\" sizes=\"auto, (max-width: 513px) 100vw, 513px\" \/><\/figure>\n\n\n\n<figure class=\"wp-block-image size-large\"><img loading=\"lazy\" decoding=\"async\" width=\"1024\" height=\"788\" data-id=\"73894\" src=\"https:\/\/elmetropolitano.com.gt\/es\/wp-content\/uploads\/2023\/10\/F9ITei-WAAAcCas-1024x788.jpeg\" alt=\"\" class=\"wp-image-73894\" srcset=\"https:\/\/elmetropolitano.com.gt\/es\/wp-content\/uploads\/2023\/10\/F9ITei-WAAAcCas-1024x788.jpeg 1024w, https:\/\/elmetropolitano.com.gt\/es\/wp-content\/uploads\/2023\/10\/F9ITei-WAAAcCas-300x231.jpeg 300w, https:\/\/elmetropolitano.com.gt\/es\/wp-content\/uploads\/2023\/10\/F9ITei-WAAAcCas-768x591.jpeg 768w, https:\/\/elmetropolitano.com.gt\/es\/wp-content\/uploads\/2023\/10\/F9ITei-WAAAcCas-600x462.jpeg 600w, https:\/\/elmetropolitano.com.gt\/es\/wp-content\/uploads\/2023\/10\/F9ITei-WAAAcCas.jpeg 1169w\" sizes=\"auto, (max-width: 1024px) 100vw, 1024px\" \/><\/figure>\n<\/figure>\n","protected":false},"excerpt":{"rendered":"<p>El subsecretario de Estado para Asuntos del hemisferio occidental de EE.UU. Brian Nicholson, anunci\u00f3 que se reunir\u00e1 con socios de Guatemala para avanzar en temas de salvaguardar la democracia y el estado de derecho, principal preocupaci\u00f3n para la naci\u00f3n norteamericana y los sucesos que est\u00e1n ocurriendo en nuestro pa\u00eds por las acciones de aparente legalidad <a class=\"read-more\" href=\"https:\/\/elmetropolitano.com.gt\/es\/el-respeto-a-la-democracia-y-estado-de-derecho-la-principal-preocupacion-de-brian-nicholson-en-su-visita-a-guatemala\/\">Leer m\u00e1s<\/a><\/p>\n","protected":false},"author":1,"featured_media":73892,"comment_status":"open","ping_status":"closed","sticky":false,"template":"","format":"standard","meta":{"footnotes":""},"categories":[2],"tags":[12],"class_list":["post-73891","post","type-post","status-publish","format-standard","has-post-thumbnail","hentry","category-nacionales","tag-nacionales"],"_links":{"self":[{"href":"https:\/\/elmetropolitano.com.gt\/es\/wp-json\/wp\/v2\/posts\/73891","targetHints":{"allow":["GET"]}}],"collection":[{"href":"https:\/\/elmetropolitano.com.gt\/es\/wp-json\/wp\/v2\/posts"}],"about":[{"href":"https:\/\/elmetropolitano.com.gt\/es\/wp-json\/wp\/v2\/types\/post"}],"author":[{"embeddable":true,"href":"https:\/\/elmetropolitano.com.gt\/es\/wp-json\/wp\/v2\/users\/1"}],"replies":[{"embeddable":true,"href":"https:\/\/elmetropolitano.com.gt\/es\/wp-json\/wp\/v2\/comments?post=73891"}],"version-history":[{"count":1,"href":"https:\/\/elmetropolitano.com.gt\/es\/wp-json\/wp\/v2\/posts\/73891\/revisions"}],"predecessor-version":[{"id":73897,"href":"https:\/\/elmetropolitano.com.gt\/es\/wp-json\/wp\/v2\/posts\/73891\/revisions\/73897"}],"wp:featuredmedia":[{"embeddable":true,"href":"https:\/\/elmetropolitano.com.gt\/es\/wp-json\/wp\/v2\/media\/73892"}],"wp:attachment":[{"href":"https:\/\/elmetropolitano.com.gt\/es\/wp-json\/wp\/v2\/media?parent=73891"}],"wp:term":[{"taxonomy":"category","embeddable":true,"href":"https:\/\/elmetropolitano.com.gt\/es\/wp-json\/wp\/v2\/categories?post=73891"},{"taxonomy":"post_tag","embeddable":true,"href":"https:\/\/elmetropolitano.com.gt\/es\/wp-json\/wp\/v2\/tags?post=73891"}],"curies":[{"name":"wp","href":"https:\/\/api.w.org\/{rel}","templated":true}]}}