{"id":73925,"date":"2023-10-23T20:58:14","date_gmt":"2023-10-24T02:58:14","guid":{"rendered":"https:\/\/elmetropolitano.com.gt\/es\/?p=73925"},"modified":"2023-10-23T20:58:15","modified_gmt":"2023-10-24T02:58:15","slug":"brian-nicholson-se-reunion-mario-bucaro","status":"publish","type":"post","link":"https:\/\/elmetropolitano.com.gt\/es\/brian-nicholson-se-reunion-mario-bucaro\/","title":{"rendered":"Brian Nicholson se reuni\u00f3n Mario B\u00facaro"},"content":{"rendered":"\n<p>En una reuni\u00f3n clave en la que la prioridad fue dialogar sobre la transici\u00f3n pac\u00edfica y ordenada del poder al presidente electo Bernardo Ar\u00e9valo, el secretario del hemisferio norte de los Estados Unidos, Brian Nicholson, se reuni\u00f3 hoy con el ministro de relaciones exteriores Mario B\u00facaro.<\/p>\n\n\n\n<p>En la reuni\u00f3n tambi\u00e9n se platic\u00f3 acerca de la profundizaci\u00f3n de la cooperaci\u00f3n en prioridades vitales como las v\u00edas legales migratorias y la seguridad global, trascendental para Guatemala y el mundo entero.<\/p><div class=\"elmet-contenido\" id=\"elmet-3301921210\"><div class=\"elmet-adlabel\">Anuncios<\/div><div style=\"margin-top: 20px;margin-right: 20px;margin-bottom: 20px;margin-left: 20px;\" id=\"elmet-1572982623\"><a href=\"https:\/\/www.facebook.com\/arrincuanantigua\/\" aria-label=\"cintillo-arrin-cual\"><img loading=\"lazy\" decoding=\"async\" src=\"https:\/\/elmetropolitano.com.gt\/es\/wp-content\/uploads\/2021\/11\/cintillo-arrin-cual-1.jpg\" alt=\"\"  srcset=\"https:\/\/elmetropolitano.com.gt\/es\/wp-content\/uploads\/2021\/11\/cintillo-arrin-cual-1.jpg 750w, https:\/\/elmetropolitano.com.gt\/es\/wp-content\/uploads\/2021\/11\/cintillo-arrin-cual-1-300x36.jpg 300w, https:\/\/elmetropolitano.com.gt\/es\/wp-content\/uploads\/2021\/11\/cintillo-arrin-cual-1-600x72.jpg 600w\" sizes=\"(max-width: 750px) 100vw, 750px\" width=\"750\" height=\"90\"   \/><\/a><\/div><\/div>\n\n\n\n<p>Nicholson visit\u00f3 a sus colegas de la embajada de los Estados Unidos en Guatemala y les agradeci\u00f3 su apoyo sobre la labor que realizan en nuestro pa\u00eds para que se de una transici\u00f3n pac\u00edfica de poder, al mismo tiempo que les agradeci\u00f3 su dedicaci\u00f3n en promover las prioridades vitales de EEUU que incluyen salvaguardar la democracia y mejorar la seguridad nacional econ\u00f3mica.<\/p>\n\n\n\n<p>La reuni\u00f3n se lleva a cabo justo cuando en horas de la noche los l\u00edderes de las alcald\u00edas de Solol\u00e1, en reuni\u00f3n permanente se\u00f1alaron que a partir de ma\u00f1ana a las 7 de la ma\u00f1ana se retoma los bloqueos, ya que los \u00e1nimos ya est\u00e1n recobrados y continuar\u00e1n la lucha hasta que la fiscal general Consuelo Porras, Rafael Curruchiche, Cintia Monterroso y el juez Fredy Orellana renuncien, pues el acoso del MP hacia los magistrados del Tribunal Supremo Electoral contin\u00faan y ni las actas 4 y 8 han sido devueltas.<\/p>\n\n\n\n<p>#metroredes\u00a0 <a href=\"http:\/\/www.metroredes.com\">www.metroredes.com<\/a>\u00a0 <a href=\"http:\/\/www.elescuintleco.com\">www.elescuintleco.com<\/a><\/p>\n\n\n\n<figure class=\"wp-block-gallery has-nested-images columns-default is-cropped wp-block-gallery-1 is-layout-flex wp-block-gallery-is-layout-flex\">\n<figure class=\"wp-block-image size-large\"><img loading=\"lazy\" decoding=\"async\" width=\"1024\" height=\"768\" data-id=\"73928\" src=\"https:\/\/elmetropolitano.com.gt\/es\/wp-content\/uploads\/2023\/10\/F9JyaQQW8AAxIfE-1024x768.jpg\" alt=\"\" class=\"wp-image-73928\" srcset=\"https:\/\/elmetropolitano.com.gt\/es\/wp-content\/uploads\/2023\/10\/F9JyaQQW8AAxIfE-1024x768.jpg 1024w, https:\/\/elmetropolitano.com.gt\/es\/wp-content\/uploads\/2023\/10\/F9JyaQQW8AAxIfE-300x225.jpg 300w, https:\/\/elmetropolitano.com.gt\/es\/wp-content\/uploads\/2023\/10\/F9JyaQQW8AAxIfE-768x576.jpg 768w, https:\/\/elmetropolitano.com.gt\/es\/wp-content\/uploads\/2023\/10\/F9JyaQQW8AAxIfE-1536x1152.jpg 1536w, https:\/\/elmetropolitano.com.gt\/es\/wp-content\/uploads\/2023\/10\/F9JyaQQW8AAxIfE-2048x1536.jpg 2048w, https:\/\/elmetropolitano.com.gt\/es\/wp-content\/uploads\/2023\/10\/F9JyaQQW8AAxIfE-600x450.jpg 600w\" sizes=\"auto, (max-width: 1024px) 100vw, 1024px\" \/><\/figure>\n\n\n\n<figure class=\"wp-block-image size-large\"><img loading=\"lazy\" decoding=\"async\" width=\"1024\" height=\"576\" data-id=\"73927\" src=\"https:\/\/elmetropolitano.com.gt\/es\/wp-content\/uploads\/2023\/10\/F9JyCA-XUAAIja1-1024x576.jpg\" alt=\"\" class=\"wp-image-73927\" srcset=\"https:\/\/elmetropolitano.com.gt\/es\/wp-content\/uploads\/2023\/10\/F9JyCA-XUAAIja1-1024x576.jpg 1024w, https:\/\/elmetropolitano.com.gt\/es\/wp-content\/uploads\/2023\/10\/F9JyCA-XUAAIja1-300x169.jpg 300w, https:\/\/elmetropolitano.com.gt\/es\/wp-content\/uploads\/2023\/10\/F9JyCA-XUAAIja1-768x432.jpg 768w, https:\/\/elmetropolitano.com.gt\/es\/wp-content\/uploads\/2023\/10\/F9JyCA-XUAAIja1-1536x864.jpg 1536w, https:\/\/elmetropolitano.com.gt\/es\/wp-content\/uploads\/2023\/10\/F9JyCA-XUAAIja1-2048x1152.jpg 2048w, https:\/\/elmetropolitano.com.gt\/es\/wp-content\/uploads\/2023\/10\/F9JyCA-XUAAIja1-600x338.jpg 600w\" sizes=\"auto, (max-width: 1024px) 100vw, 1024px\" \/><\/figure>\n<\/figure>\n","protected":false},"excerpt":{"rendered":"<p>En una reuni\u00f3n clave en la que la prioridad fue dialogar sobre la transici\u00f3n pac\u00edfica y ordenada del poder al presidente electo Bernardo Ar\u00e9valo, el secretario del hemisferio norte de los Estados Unidos, Brian Nicholson, se reuni\u00f3 hoy con el ministro de relaciones exteriores Mario B\u00facaro. En la reuni\u00f3n tambi\u00e9n se platic\u00f3 acerca de la <a class=\"read-more\" href=\"https:\/\/elmetropolitano.com.gt\/es\/brian-nicholson-se-reunion-mario-bucaro\/\">Leer m\u00e1s<\/a><\/p>\n","protected":false},"author":1,"featured_media":73926,"comment_status":"open","ping_status":"closed","sticky":false,"template":"","format":"standard","meta":{"footnotes":""},"categories":[2],"tags":[12],"class_list":["post-73925","post","type-post","status-publish","format-standard","has-post-thumbnail","hentry","category-nacionales","tag-nacionales"],"_links":{"self":[{"href":"https:\/\/elmetropolitano.com.gt\/es\/wp-json\/wp\/v2\/posts\/73925","targetHints":{"allow":["GET"]}}],"collection":[{"href":"https:\/\/elmetropolitano.com.gt\/es\/wp-json\/wp\/v2\/posts"}],"about":[{"href":"https:\/\/elmetropolitano.com.gt\/es\/wp-json\/wp\/v2\/types\/post"}],"author":[{"embeddable":true,"href":"https:\/\/elmetropolitano.com.gt\/es\/wp-json\/wp\/v2\/users\/1"}],"replies":[{"embeddable":true,"href":"https:\/\/elmetropolitano.com.gt\/es\/wp-json\/wp\/v2\/comments?post=73925"}],"version-history":[{"count":1,"href":"https:\/\/elmetropolitano.com.gt\/es\/wp-json\/wp\/v2\/posts\/73925\/revisions"}],"predecessor-version":[{"id":73929,"href":"https:\/\/elmetropolitano.com.gt\/es\/wp-json\/wp\/v2\/posts\/73925\/revisions\/73929"}],"wp:featuredmedia":[{"embeddable":true,"href":"https:\/\/elmetropolitano.com.gt\/es\/wp-json\/wp\/v2\/media\/73926"}],"wp:attachment":[{"href":"https:\/\/elmetropolitano.com.gt\/es\/wp-json\/wp\/v2\/media?parent=73925"}],"wp:term":[{"taxonomy":"category","embeddable":true,"href":"https:\/\/elmetropolitano.com.gt\/es\/wp-json\/wp\/v2\/categories?post=73925"},{"taxonomy":"post_tag","embeddable":true,"href":"https:\/\/elmetropolitano.com.gt\/es\/wp-json\/wp\/v2\/tags?post=73925"}],"curies":[{"name":"wp","href":"https:\/\/api.w.org\/{rel}","templated":true}]}}