{"id":73934,"date":"2023-10-24T10:05:31","date_gmt":"2023-10-24T16:05:31","guid":{"rendered":"https:\/\/elmetropolitano.com.gt\/es\/?p=73934"},"modified":"2023-10-24T10:05:32","modified_gmt":"2023-10-24T16:05:32","slug":"empresarios-piden-a-los-poderes-publicos-a-ser-responsables-y-no-abusar-de-sus-funciones","status":"publish","type":"post","link":"https:\/\/elmetropolitano.com.gt\/es\/empresarios-piden-a-los-poderes-publicos-a-ser-responsables-y-no-abusar-de-sus-funciones\/","title":{"rendered":"Empresarios piden a los poderes p\u00fablicos a ser responsables y no abusar de sus funciones"},"content":{"rendered":"\n<p>\u201cExigimos a todos los poderes p\u00fablicos que sean responsables y no abusen de sus funciones, gracias al di\u00e1logo entre actores no gubernamentales, estamos sorteando una situaci\u00f3n muy nociva de conflictividad y bloqueos que llevaron a la p\u00e9rdida de una ser humano y da\u00f1os materiales en gran cuant\u00eda\u201d, se\u00f1ala el Consejo Nacional de Empresarios.<\/p>\n\n\n\n<p>En un comunicado expresaron que los resultados del 25 de junio y 20 de agosto han sido avalados por las juntas electorales nacionales e internacionales de observaci\u00f3n y por m\u00faltiples metodolog\u00edas por parte de organizaciones independientes.<\/p><div class=\"elmet-contenido\" id=\"elmet-3653994032\"><div class=\"elmet-adlabel\">Anuncios<\/div><div style=\"margin-top: 20px;margin-right: 20px;margin-bottom: 20px;margin-left: 20px;\" id=\"elmet-1534341096\"><a href=\"https:\/\/www.facebook.com\/arrincuanantigua\/\" aria-label=\"cintillo-arrin-cual\"><img loading=\"lazy\" decoding=\"async\" src=\"https:\/\/elmetropolitano.com.gt\/es\/wp-content\/uploads\/2021\/11\/cintillo-arrin-cual-1.jpg\" alt=\"\"  srcset=\"https:\/\/elmetropolitano.com.gt\/es\/wp-content\/uploads\/2021\/11\/cintillo-arrin-cual-1.jpg 750w, https:\/\/elmetropolitano.com.gt\/es\/wp-content\/uploads\/2021\/11\/cintillo-arrin-cual-1-300x36.jpg 300w, https:\/\/elmetropolitano.com.gt\/es\/wp-content\/uploads\/2021\/11\/cintillo-arrin-cual-1-600x72.jpg 600w\" sizes=\"(max-width: 750px) 100vw, 750px\" width=\"750\" height=\"90\"   \/><\/a><\/div><\/div>\n\n\n\n<p>Los cargos electos que ya han sido certificados por el Tribunal Supremo Electoral para municipios, Congreso y presidencia deben tomar posesi\u00f3n el 14 y 15 de enero de 2024 como corresponde.<\/p>\n\n\n\n<p>\u201cCuestionar de forma espuria los resultados es deslegitimar, con toda la informaci\u00f3n que hoy conocemos, a las juntas compuestas por ciudadanos y a los fiscales de mesa de partidos, quienes convalidaron los resultados en las acatas en su momento\u201d, se\u00f1alaron.<\/p>\n\n\n\n<p>Los empresarios expresan que las acciones en contra del TSE han creado un preocupante nivel de zozobra en la instituci\u00f3n y sus trabajadores, impidi\u00e9ndoles continuar con su labor adecuadamente.<\/p>\n\n\n\n<p>\u201cSolicitamos a los magistrados del TSE extender el per\u00edodo electoral para culminar el proceso administrativo correctamente, dadas las circunstancias actuales, respaldados en los art\u00edculos 125c y 193 de la ley electoral y de partidos pol\u00edticos respectivamente. El hecho que al d\u00eda de hoy ni siquiera tengan las actas originales en su poder es motivo suficiente para la medida en menci\u00f3n\u201d, se\u00f1alaron. #metroredes\u00a0 <a href=\"http:\/\/www.metroredes.com\">www.metroredes.com<\/a><a href=\"http:\/\/www.elescuintleco.com\">www.elescuintleco.com<\/a><a href=\"http:\/\/www.elmetropolitano.com.gt\">www.elmetropolitano.com.gt<\/a><\/p>\n\n\n\n<p><\/p>\n","protected":false},"excerpt":{"rendered":"<p>\u201cExigimos a todos los poderes p\u00fablicos que sean responsables y no abusen de sus funciones, gracias al di\u00e1logo entre actores no gubernamentales, estamos sorteando una situaci\u00f3n muy nociva de conflictividad y bloqueos que llevaron a la p\u00e9rdida de una ser humano y da\u00f1os materiales en gran cuant\u00eda\u201d, se\u00f1ala el Consejo Nacional de Empresarios. En un <a class=\"read-more\" href=\"https:\/\/elmetropolitano.com.gt\/es\/empresarios-piden-a-los-poderes-publicos-a-ser-responsables-y-no-abusar-de-sus-funciones\/\">Leer m\u00e1s<\/a><\/p>\n","protected":false},"author":1,"featured_media":73935,"comment_status":"open","ping_status":"closed","sticky":false,"template":"","format":"standard","meta":{"footnotes":""},"categories":[2],"tags":[12],"class_list":["post-73934","post","type-post","status-publish","format-standard","has-post-thumbnail","hentry","category-nacionales","tag-nacionales"],"_links":{"self":[{"href":"https:\/\/elmetropolitano.com.gt\/es\/wp-json\/wp\/v2\/posts\/73934","targetHints":{"allow":["GET"]}}],"collection":[{"href":"https:\/\/elmetropolitano.com.gt\/es\/wp-json\/wp\/v2\/posts"}],"about":[{"href":"https:\/\/elmetropolitano.com.gt\/es\/wp-json\/wp\/v2\/types\/post"}],"author":[{"embeddable":true,"href":"https:\/\/elmetropolitano.com.gt\/es\/wp-json\/wp\/v2\/users\/1"}],"replies":[{"embeddable":true,"href":"https:\/\/elmetropolitano.com.gt\/es\/wp-json\/wp\/v2\/comments?post=73934"}],"version-history":[{"count":1,"href":"https:\/\/elmetropolitano.com.gt\/es\/wp-json\/wp\/v2\/posts\/73934\/revisions"}],"predecessor-version":[{"id":73936,"href":"https:\/\/elmetropolitano.com.gt\/es\/wp-json\/wp\/v2\/posts\/73934\/revisions\/73936"}],"wp:featuredmedia":[{"embeddable":true,"href":"https:\/\/elmetropolitano.com.gt\/es\/wp-json\/wp\/v2\/media\/73935"}],"wp:attachment":[{"href":"https:\/\/elmetropolitano.com.gt\/es\/wp-json\/wp\/v2\/media?parent=73934"}],"wp:term":[{"taxonomy":"category","embeddable":true,"href":"https:\/\/elmetropolitano.com.gt\/es\/wp-json\/wp\/v2\/categories?post=73934"},{"taxonomy":"post_tag","embeddable":true,"href":"https:\/\/elmetropolitano.com.gt\/es\/wp-json\/wp\/v2\/tags?post=73934"}],"curies":[{"name":"wp","href":"https:\/\/api.w.org\/{rel}","templated":true}]}}