{"id":73946,"date":"2023-10-25T09:07:11","date_gmt":"2023-10-25T15:07:11","guid":{"rendered":"https:\/\/elmetropolitano.com.gt\/es\/?p=73946"},"modified":"2023-10-25T09:07:12","modified_gmt":"2023-10-25T15:07:12","slug":"congreso-por-dejar-en-libertad-a-reos-de-65-anos","status":"publish","type":"post","link":"https:\/\/elmetropolitano.com.gt\/es\/congreso-por-dejar-en-libertad-a-reos-de-65-anos\/","title":{"rendered":"Congreso por dejar en libertad a reos de 65 a\u00f1os"},"content":{"rendered":"\n<p>Con las reformas al C\u00f3digo Procesal Penal (CPP), que se encuentra en su tercer debate y redacci\u00f3n final, el Congreso aprobar\u00e1 la ley que permitir\u00e1 la libertad a militares mayores de 65 a\u00f1os y que tambi\u00e9n alcanza a posibles implicados en el narcotr\u00e1fico y otros que hayan cometido hasta delitos de lesa humanidad.<\/p>\n\n\n\n<p>Para <a><\/a>los conocedores de esta iniciativa de ley que es la n\u00famero 6185, era un plan B, en caso fracasara la 9170 que tambi\u00e9n le dar\u00eda la libertad a militares y que recientemente fue rechazada por la Corte de Constitucionalidad (CC). Es m\u00e1s, esta iniciativa fue aprobada en abril en su segundo debate.<\/p><div class=\"elmet-contenido\" id=\"elmet-2170165239\"><div class=\"elmet-adlabel\">Anuncios<\/div><div style=\"margin-top: 20px;margin-right: 20px;margin-bottom: 20px;margin-left: 20px;\" id=\"elmet-963760291\"><a href=\"https:\/\/www.facebook.com\/arrincuanantigua\/\" aria-label=\"cintillo-arrin-cual\"><img loading=\"lazy\" decoding=\"async\" src=\"https:\/\/elmetropolitano.com.gt\/es\/wp-content\/uploads\/2021\/11\/cintillo-arrin-cual-1.jpg\" alt=\"\"  srcset=\"https:\/\/elmetropolitano.com.gt\/es\/wp-content\/uploads\/2021\/11\/cintillo-arrin-cual-1.jpg 750w, https:\/\/elmetropolitano.com.gt\/es\/wp-content\/uploads\/2021\/11\/cintillo-arrin-cual-1-300x36.jpg 300w, https:\/\/elmetropolitano.com.gt\/es\/wp-content\/uploads\/2021\/11\/cintillo-arrin-cual-1-600x72.jpg 600w\" sizes=\"(max-width: 750px) 100vw, 750px\" width=\"750\" height=\"90\"   \/><\/a><\/div><\/div>\n\n\n\n<p>Las reformas al Decreto 51-1992 del Congreso que se refieren al CPP, en la parte dispositiva art\u00edculo 268 dice en su literal a) cuando el imputado o condenado hubiere alcanzado los 65 a\u00f1os o bien se encontrare sufriendo enfermedad terminal, provocar\u00e1 la indispensable necesidad de libertad con la finalidad de la protecci\u00f3n de su vida.<\/p>\n\n\n\n<p>El inciso c) tambi\u00e9n le permitir\u00e1 a los abogados para que pidan la libertad de las personas invocando que es la \u00fanica que presta alimentos o tiene el cuidado de una persona con discapacidad.<\/p>\n\n\n\n<p>Esta es una de las iniciativas de ley que podr\u00e1n convertirse en ley, seg\u00fan decisi\u00f3n de los jefes de bloque. Al igual que la ley de exenci\u00f3n de impuestos al Valor Agregado (IVA) y derechos arancelarios a las importaciones de bienes, suministros, donaciones e insumos que realice la Alianza Evang\u00e9lica de Guatemala.<\/p>\n\n\n\n<p>Paramilitares podr\u00e1n recibir m\u00e1s<\/p>\n\n\n\n<p>El Congreso a la vez podr\u00eda conocer las reformas al Decreto 51-2022 que se refiere a la Ley Temporal de Desarrollo integral, que ser\u00eda m\u00e1s dinero para los ex Patrulleros de Autodefensa Civil (PAC) y para otros militares que participaron en el enfrentamiento armado interno.<\/p>\n\n\n\n<p>Texto: Francisco Javier hurtarte<\/p>\n\n\n\n<p><a href=\"https:\/\/www.facebook.com\/hashtag\/metroredes?__eep__=6&amp;__cft__[0]=AZW6oY9e_F2nMb-boFnYOFjGiR3dCongJiSDpN6cPKHS6iwBlS3yJdrvVBAWXNyoldZNK8H7tmwaszXuTcoF5f13GixnStwPtWTVSWBsQuoRA9Uc4_yPWandKh2pUf2mAExXOmBA5sc-rkP4FW3-fk0Lixey_uOU-IydLQabHm3kODKhN6M8XrWKB-KapkUFhfo&amp;__tn__=*NK-R\">#metroredes<\/a><a href=\"https:\/\/www.facebook.com\/hashtag\/congresodelarepublicagt?__eep__=6&amp;__cft__[0]=AZW6oY9e_F2nMb-boFnYOFjGiR3dCongJiSDpN6cPKHS6iwBlS3yJdrvVBAWXNyoldZNK8H7tmwaszXuTcoF5f13GixnStwPtWTVSWBsQuoRA9Uc4_yPWandKh2pUf2mAExXOmBA5sc-rkP4FW3-fk0Lixey_uOU-IydLQabHm3kODKhN6M8XrWKB-KapkUFhfo&amp;__tn__=*NK-R\">#CongresoDeLaRepublicagt<\/a><\/p>\n\n\n\n<p><a rel=\"noreferrer noopener\" href=\"http:\/\/www.elmetropolitano.com.gt\/?fbclid=IwAR1qVv9gXCGBRPgiGyWCTo8BdQ3RgGSj_mgH-yMNlJcntoJwlwKwUjHMUvU\" target=\"_blank\">Www.ElMetropolitano.com.gt<\/a><\/p>\n\n\n\n<figure class=\"wp-block-gallery has-nested-images columns-default is-cropped wp-block-gallery-1 is-layout-flex wp-block-gallery-is-layout-flex\">\n<figure class=\"wp-block-image size-large\"><img loading=\"lazy\" decoding=\"async\" width=\"1024\" height=\"681\" data-id=\"73949\" src=\"https:\/\/elmetropolitano.com.gt\/es\/wp-content\/uploads\/2023\/10\/395167289_807795401346545_5122878577134209824_n-1024x681.jpg\" alt=\"\" class=\"wp-image-73949\" srcset=\"https:\/\/elmetropolitano.com.gt\/es\/wp-content\/uploads\/2023\/10\/395167289_807795401346545_5122878577134209824_n-1024x681.jpg 1024w, https:\/\/elmetropolitano.com.gt\/es\/wp-content\/uploads\/2023\/10\/395167289_807795401346545_5122878577134209824_n-300x200.jpg 300w, https:\/\/elmetropolitano.com.gt\/es\/wp-content\/uploads\/2023\/10\/395167289_807795401346545_5122878577134209824_n-768x511.jpg 768w, https:\/\/elmetropolitano.com.gt\/es\/wp-content\/uploads\/2023\/10\/395167289_807795401346545_5122878577134209824_n-1536x1021.jpg 1536w, https:\/\/elmetropolitano.com.gt\/es\/wp-content\/uploads\/2023\/10\/395167289_807795401346545_5122878577134209824_n-600x399.jpg 600w, https:\/\/elmetropolitano.com.gt\/es\/wp-content\/uploads\/2023\/10\/395167289_807795401346545_5122878577134209824_n.jpg 1600w\" sizes=\"auto, (max-width: 1024px) 100vw, 1024px\" \/><\/figure>\n\n\n\n<figure class=\"wp-block-image size-large\"><img loading=\"lazy\" decoding=\"async\" width=\"1024\" height=\"681\" data-id=\"73948\" src=\"https:\/\/elmetropolitano.com.gt\/es\/wp-content\/uploads\/2023\/10\/395748887_807795421346543_1844424057724243991_n-1024x681.jpg\" alt=\"\" class=\"wp-image-73948\" srcset=\"https:\/\/elmetropolitano.com.gt\/es\/wp-content\/uploads\/2023\/10\/395748887_807795421346543_1844424057724243991_n-1024x681.jpg 1024w, https:\/\/elmetropolitano.com.gt\/es\/wp-content\/uploads\/2023\/10\/395748887_807795421346543_1844424057724243991_n-300x200.jpg 300w, https:\/\/elmetropolitano.com.gt\/es\/wp-content\/uploads\/2023\/10\/395748887_807795421346543_1844424057724243991_n-768x511.jpg 768w, https:\/\/elmetropolitano.com.gt\/es\/wp-content\/uploads\/2023\/10\/395748887_807795421346543_1844424057724243991_n-1536x1021.jpg 1536w, https:\/\/elmetropolitano.com.gt\/es\/wp-content\/uploads\/2023\/10\/395748887_807795421346543_1844424057724243991_n-600x399.jpg 600w, https:\/\/elmetropolitano.com.gt\/es\/wp-content\/uploads\/2023\/10\/395748887_807795421346543_1844424057724243991_n.jpg 1600w\" sizes=\"auto, (max-width: 1024px) 100vw, 1024px\" \/><\/figure>\n<\/figure>\n","protected":false},"excerpt":{"rendered":"<p>Con las reformas al C\u00f3digo Procesal Penal (CPP), que se encuentra en su tercer debate y redacci\u00f3n final, el Congreso aprobar\u00e1 la ley que permitir\u00e1 la libertad a militares mayores de 65 a\u00f1os y que tambi\u00e9n alcanza a posibles implicados en el narcotr\u00e1fico y otros que hayan cometido hasta delitos de lesa humanidad. Para los <a class=\"read-more\" href=\"https:\/\/elmetropolitano.com.gt\/es\/congreso-por-dejar-en-libertad-a-reos-de-65-anos\/\">Leer m\u00e1s<\/a><\/p>\n","protected":false},"author":1,"featured_media":73947,"comment_status":"open","ping_status":"closed","sticky":false,"template":"","format":"standard","meta":{"footnotes":""},"categories":[2],"tags":[12],"class_list":["post-73946","post","type-post","status-publish","format-standard","has-post-thumbnail","hentry","category-nacionales","tag-nacionales"],"_links":{"self":[{"href":"https:\/\/elmetropolitano.com.gt\/es\/wp-json\/wp\/v2\/posts\/73946","targetHints":{"allow":["GET"]}}],"collection":[{"href":"https:\/\/elmetropolitano.com.gt\/es\/wp-json\/wp\/v2\/posts"}],"about":[{"href":"https:\/\/elmetropolitano.com.gt\/es\/wp-json\/wp\/v2\/types\/post"}],"author":[{"embeddable":true,"href":"https:\/\/elmetropolitano.com.gt\/es\/wp-json\/wp\/v2\/users\/1"}],"replies":[{"embeddable":true,"href":"https:\/\/elmetropolitano.com.gt\/es\/wp-json\/wp\/v2\/comments?post=73946"}],"version-history":[{"count":1,"href":"https:\/\/elmetropolitano.com.gt\/es\/wp-json\/wp\/v2\/posts\/73946\/revisions"}],"predecessor-version":[{"id":73950,"href":"https:\/\/elmetropolitano.com.gt\/es\/wp-json\/wp\/v2\/posts\/73946\/revisions\/73950"}],"wp:featuredmedia":[{"embeddable":true,"href":"https:\/\/elmetropolitano.com.gt\/es\/wp-json\/wp\/v2\/media\/73947"}],"wp:attachment":[{"href":"https:\/\/elmetropolitano.com.gt\/es\/wp-json\/wp\/v2\/media?parent=73946"}],"wp:term":[{"taxonomy":"category","embeddable":true,"href":"https:\/\/elmetropolitano.com.gt\/es\/wp-json\/wp\/v2\/categories?post=73946"},{"taxonomy":"post_tag","embeddable":true,"href":"https:\/\/elmetropolitano.com.gt\/es\/wp-json\/wp\/v2\/tags?post=73946"}],"curies":[{"name":"wp","href":"https:\/\/api.w.org\/{rel}","templated":true}]}}