{"id":73951,"date":"2023-10-25T09:10:34","date_gmt":"2023-10-25T15:10:34","guid":{"rendered":"https:\/\/elmetropolitano.com.gt\/es\/?p=73951"},"modified":"2023-10-25T09:10:35","modified_gmt":"2023-10-25T15:10:35","slug":"destitucion-de-consuelo-porras-no-la-puede-hacer-el-congreso","status":"publish","type":"post","link":"https:\/\/elmetropolitano.com.gt\/es\/destitucion-de-consuelo-porras-no-la-puede-hacer-el-congreso\/","title":{"rendered":"Destituci\u00f3n de Consuelo Porras no la puede hacer el Congreso"},"content":{"rendered":"\n<p>Aunque varios medios de comunicaci\u00f3n han destacado hoy que el Congreso le estar\u00eda dando tr\u00e1mite a la destituci\u00f3n de la Fiscal General y jefe del Ministerio P\u00fablico (MP), Consuelo Porras, el Congreso no puede iniciar antejuicio a la mencionada, pues esto es jurisdicci\u00f3n de la Corte Suprema de Justicia (CSJ).<\/p>\n\n\n\n<p>Sin <a><\/a>embargo, por complacer al diputado de Semilla, Samuel P\u00e9rez en la instancia de jefes de bloque se tom\u00f3 la decisi\u00f3n de aceptar que se lea en el pleno la iniciativa 6299, que busca reformas a la Ley Org\u00e1nica del MP, con la que se podr\u00eda destituir a la fiscal Porras. Pero no hay seguridad que pueda ser le\u00edda ma\u00f1ana en el Pleno en la sesi\u00f3n ordinaria adicional.<\/p><div class=\"elmet-contenido\" id=\"elmet-3761912041\"><div class=\"elmet-adlabel\">Anuncios<\/div><div style=\"margin-top: 20px;margin-right: 20px;margin-bottom: 20px;margin-left: 20px;\" id=\"elmet-94113285\"><a href=\"https:\/\/www.facebook.com\/arrincuanantigua\/\" aria-label=\"cintillo-arrin-cual\"><img loading=\"lazy\" decoding=\"async\" src=\"https:\/\/elmetropolitano.com.gt\/es\/wp-content\/uploads\/2021\/11\/cintillo-arrin-cual-1.jpg\" alt=\"\"  srcset=\"https:\/\/elmetropolitano.com.gt\/es\/wp-content\/uploads\/2021\/11\/cintillo-arrin-cual-1.jpg 750w, https:\/\/elmetropolitano.com.gt\/es\/wp-content\/uploads\/2021\/11\/cintillo-arrin-cual-1-300x36.jpg 300w, https:\/\/elmetropolitano.com.gt\/es\/wp-content\/uploads\/2021\/11\/cintillo-arrin-cual-1-600x72.jpg 600w\" sizes=\"(max-width: 750px) 100vw, 750px\" width=\"750\" height=\"90\"   \/><\/a><\/div><\/div>\n\n\n\n<p>Autoridades ancestrales con<\/p>\n\n\n\n<p>Winaq presentan reafirmas<\/p>\n\n\n\n<p>Hoy tambi\u00e9n llegaron autoridades ancestrales de Tecp\u00e1n Guatemala, Chimaltenango y juntamente con las bancadas Winaq y Unidad Revolucionaria Nacional Guatemalteca (URNG) presentaron la iniciativa 6300 que reforma la Ley Org\u00e1nica del MP, para que sea una herramienta m\u00e1s para que la fiscal general pueda ser removida.<\/p>\n\n\n\n<p>La Iniciativa fue presentada por las bancadas URNG Ma\u00edz y Winaq, junto con Autoridades Ancestrales, que piden la destituci\u00f3n de la Fiscal General, Consuelo Porras; el encargado de la Fiscal\u00eda Especial Contra la Impunidad (FECI), Rafael Curruchiche, la fiscal Cinthia Monterroso y el juez 7\u00ba Fredy Orellana.<\/p>\n\n\n\n<p>Texto: Francisco Javier Hurtarte<\/p>\n\n\n\n<p><a href=\"https:\/\/www.facebook.com\/hashtag\/congresodelarepublicagt?__eep__=6&amp;__cft__[0]=AZUf6EhCpqRynhZ7j4GR-zHmcNY8GxyizOzE88PbJ-Zyptqdj5wIcwhfGpF2NpGf7chwHyz4O6sBzU5T_pgnO3kNbbMv4J1kBH9B6-kl2WYawt5IMUW7Eq4Mac60XEKKW3Hpdf3WVCjxhtCjRcpzloiL19NEa794_HzMoPKSkJQwl-1_YwG6Z4e0rLyrVoWQqQ8&amp;__tn__=*NK-R\">#CongresoDeLaRepublicagt<\/a><a href=\"https:\/\/www.facebook.com\/hashtag\/metroredes?__eep__=6&amp;__cft__[0]=AZUf6EhCpqRynhZ7j4GR-zHmcNY8GxyizOzE88PbJ-Zyptqdj5wIcwhfGpF2NpGf7chwHyz4O6sBzU5T_pgnO3kNbbMv4J1kBH9B6-kl2WYawt5IMUW7Eq4Mac60XEKKW3Hpdf3WVCjxhtCjRcpzloiL19NEa794_HzMoPKSkJQwl-1_YwG6Z4e0rLyrVoWQqQ8&amp;__tn__=*NK-R\">#metroredes<\/a><a href=\"https:\/\/www.facebook.com\/hashtag\/mpguatemala?__eep__=6&amp;__cft__[0]=AZUf6EhCpqRynhZ7j4GR-zHmcNY8GxyizOzE88PbJ-Zyptqdj5wIcwhfGpF2NpGf7chwHyz4O6sBzU5T_pgnO3kNbbMv4J1kBH9B6-kl2WYawt5IMUW7Eq4Mac60XEKKW3Hpdf3WVCjxhtCjRcpzloiL19NEa794_HzMoPKSkJQwl-1_YwG6Z4e0rLyrVoWQqQ8&amp;__tn__=*NK-R\">#MPGuatemala<\/a><\/p>\n\n\n\n<p><\/p>\n\n\n\n<figure class=\"wp-block-gallery has-nested-images columns-default is-cropped wp-block-gallery-1 is-layout-flex wp-block-gallery-is-layout-flex\">\n<figure class=\"wp-block-image size-large\"><img loading=\"lazy\" decoding=\"async\" width=\"720\" height=\"405\" data-id=\"73954\" src=\"https:\/\/elmetropolitano.com.gt\/es\/wp-content\/uploads\/2023\/10\/393806363_807811814678237_18174492573017429_n.jpg\" alt=\"\" class=\"wp-image-73954\" srcset=\"https:\/\/elmetropolitano.com.gt\/es\/wp-content\/uploads\/2023\/10\/393806363_807811814678237_18174492573017429_n.jpg 720w, https:\/\/elmetropolitano.com.gt\/es\/wp-content\/uploads\/2023\/10\/393806363_807811814678237_18174492573017429_n-300x169.jpg 300w, https:\/\/elmetropolitano.com.gt\/es\/wp-content\/uploads\/2023\/10\/393806363_807811814678237_18174492573017429_n-600x338.jpg 600w\" sizes=\"auto, (max-width: 720px) 100vw, 720px\" \/><\/figure>\n\n\n\n<figure class=\"wp-block-image size-large\"><img loading=\"lazy\" decoding=\"async\" width=\"350\" height=\"233\" data-id=\"73953\" src=\"https:\/\/elmetropolitano.com.gt\/es\/wp-content\/uploads\/2023\/10\/395714995_807811764678242_1402805767436317918_n-1.jpg\" alt=\"\" class=\"wp-image-73953\" srcset=\"https:\/\/elmetropolitano.com.gt\/es\/wp-content\/uploads\/2023\/10\/395714995_807811764678242_1402805767436317918_n-1.jpg 350w, https:\/\/elmetropolitano.com.gt\/es\/wp-content\/uploads\/2023\/10\/395714995_807811764678242_1402805767436317918_n-1-300x200.jpg 300w\" sizes=\"auto, (max-width: 350px) 100vw, 350px\" \/><\/figure>\n<\/figure>\n","protected":false},"excerpt":{"rendered":"<p>Aunque varios medios de comunicaci\u00f3n han destacado hoy que el Congreso le estar\u00eda dando tr\u00e1mite a la destituci\u00f3n de la Fiscal General y jefe del Ministerio P\u00fablico (MP), Consuelo Porras, el Congreso no puede iniciar antejuicio a la mencionada, pues esto es jurisdicci\u00f3n de la Corte Suprema de Justicia (CSJ). Sin embargo, por complacer al <a class=\"read-more\" href=\"https:\/\/elmetropolitano.com.gt\/es\/destitucion-de-consuelo-porras-no-la-puede-hacer-el-congreso\/\">Leer m\u00e1s<\/a><\/p>\n","protected":false},"author":1,"featured_media":73952,"comment_status":"open","ping_status":"closed","sticky":false,"template":"","format":"standard","meta":{"footnotes":""},"categories":[2],"tags":[12],"class_list":["post-73951","post","type-post","status-publish","format-standard","has-post-thumbnail","hentry","category-nacionales","tag-nacionales"],"_links":{"self":[{"href":"https:\/\/elmetropolitano.com.gt\/es\/wp-json\/wp\/v2\/posts\/73951","targetHints":{"allow":["GET"]}}],"collection":[{"href":"https:\/\/elmetropolitano.com.gt\/es\/wp-json\/wp\/v2\/posts"}],"about":[{"href":"https:\/\/elmetropolitano.com.gt\/es\/wp-json\/wp\/v2\/types\/post"}],"author":[{"embeddable":true,"href":"https:\/\/elmetropolitano.com.gt\/es\/wp-json\/wp\/v2\/users\/1"}],"replies":[{"embeddable":true,"href":"https:\/\/elmetropolitano.com.gt\/es\/wp-json\/wp\/v2\/comments?post=73951"}],"version-history":[{"count":1,"href":"https:\/\/elmetropolitano.com.gt\/es\/wp-json\/wp\/v2\/posts\/73951\/revisions"}],"predecessor-version":[{"id":73955,"href":"https:\/\/elmetropolitano.com.gt\/es\/wp-json\/wp\/v2\/posts\/73951\/revisions\/73955"}],"wp:featuredmedia":[{"embeddable":true,"href":"https:\/\/elmetropolitano.com.gt\/es\/wp-json\/wp\/v2\/media\/73952"}],"wp:attachment":[{"href":"https:\/\/elmetropolitano.com.gt\/es\/wp-json\/wp\/v2\/media?parent=73951"}],"wp:term":[{"taxonomy":"category","embeddable":true,"href":"https:\/\/elmetropolitano.com.gt\/es\/wp-json\/wp\/v2\/categories?post=73951"},{"taxonomy":"post_tag","embeddable":true,"href":"https:\/\/elmetropolitano.com.gt\/es\/wp-json\/wp\/v2\/tags?post=73951"}],"curies":[{"name":"wp","href":"https:\/\/api.w.org\/{rel}","templated":true}]}}