{"id":73968,"date":"2023-10-25T14:17:37","date_gmt":"2023-10-25T20:17:37","guid":{"rendered":"https:\/\/elmetropolitano.com.gt\/es\/?p=73968"},"modified":"2023-10-25T14:17:39","modified_gmt":"2023-10-25T20:17:39","slug":"tras-visita-de-brian-nichols-funcionarios-de-la-union-europea-se-pronuncian-por-crisis-en-guatemala","status":"publish","type":"post","link":"https:\/\/elmetropolitano.com.gt\/es\/tras-visita-de-brian-nichols-funcionarios-de-la-union-europea-se-pronuncian-por-crisis-en-guatemala\/","title":{"rendered":"Tras visita de Brian Nichols, funcionarios de la Uni\u00f3n Europea se pronuncian por crisis en Guatemala"},"content":{"rendered":"\n<p>Con motivo de sus visitas simult\u00e1neas a Guatemala, el subsecretario Brian A. Nichols, la administradora adjunta Marcela Escobari y el director general de la Uni\u00f3n Europea (UE), Brian Glynn, se reunieron para abordar la situaci\u00f3n actual de Guatemala.&nbsp; Todos los funcionarios expresaron graves preocupaciones por los intentos flagrantes de socavar el resultado de las elecciones, poniendo en peligro los esfuerzos hacia una transici\u00f3n pac\u00edfica y ordenada del poder, programada para el 14 de enero de 2024, al presidente electo Bernardo Ar\u00e9valo y su administraci\u00f3n.<\/p>\n\n\n\n<p>La m\u00e1xima autoridad electoral del pa\u00eds oficializ\u00f3 los claros resultados electorales y la misi\u00f3n de mediaci\u00f3n de la OEA concluy\u00f3 \u201cnadie se puede anteponer a esa decisi\u00f3n soberana de la ciudadan\u00eda\u201d.&nbsp; El director general Glynn record\u00f3 que acciones adicionales que socaven el resultado de las elecciones de 2023 en Guatemala tendr\u00edan inevitablemente un impacto en las relaciones de Guatemala con la Uni\u00f3n Europea.&nbsp; El subsecretario Nichols enfatiz\u00f3 que Estados Unidos continuar\u00e1 avanzando con socios regionales esfuerzos consistentes con la Carta Democr\u00e1tica Interamericana y utilizando todas las herramientas disponibles para promover la rendici\u00f3n de cuentas de actores antidemocr\u00e1ticos y corruptos.<\/p><div class=\"elmet-contenido\" id=\"elmet-823507539\"><div class=\"elmet-adlabel\">Anuncios<\/div><div style=\"margin-top: 20px;margin-right: 20px;margin-bottom: 20px;margin-left: 20px;\" id=\"elmet-1417067388\"><a href=\"https:\/\/www.facebook.com\/arrincuanantigua\/\" aria-label=\"cintillo-arrin-cual\"><img loading=\"lazy\" decoding=\"async\" src=\"https:\/\/elmetropolitano.com.gt\/es\/wp-content\/uploads\/2021\/11\/cintillo-arrin-cual-1.jpg\" alt=\"\"  srcset=\"https:\/\/elmetropolitano.com.gt\/es\/wp-content\/uploads\/2021\/11\/cintillo-arrin-cual-1.jpg 750w, https:\/\/elmetropolitano.com.gt\/es\/wp-content\/uploads\/2021\/11\/cintillo-arrin-cual-1-300x36.jpg 300w, https:\/\/elmetropolitano.com.gt\/es\/wp-content\/uploads\/2021\/11\/cintillo-arrin-cual-1-600x72.jpg 600w\" sizes=\"(max-width: 750px) 100vw, 750px\" width=\"750\" height=\"90\"   \/><\/a><\/div><\/div>\n\n\n\n<p>Coincidieron en la importancia de instar a todas las partes interesadas a demostrar mesura, proteger el derecho de reuni\u00f3n pac\u00edfica y expresi\u00f3n y priorizar el di\u00e1logo como un medio pac\u00edfico para resolver la crisis pol\u00edtica del pa\u00eds y proteger la democracia en Guatemala. Reafirmaron la importancia del papel de observaci\u00f3n que desempe\u00f1a la independiente Comisi\u00f3n Interamericana de Derechos Humanos (CIDH).<\/p>\n\n\n\n<p>El director general, la administradora adjunta y el subsecretario reafirmaron el firme compromiso de la UE y los Estados Unidos de apoyar la paz, la prosperidad y el estado de Derecho de Guatemala, as\u00ed como el apoyo a las aspiraciones del pueblo guatemalteco, en particular de las comunidades ind\u00edgenas, en su b\u00fasqueda por defender su democracia.\u00a0 Ambas partes expresaron su disposici\u00f3n a trabajar estrechamente con la administraci\u00f3n entrante de Ar\u00e9valo\/Herrera en apoyo a una Guatemala estable, libre y pr\u00f3spera donde las voces de todos los guatemaltecos sean escuchadas y respetadas.<\/p>\n\n\n\n<p>#metroredes  www.metroredes.com  www.elescuintleco.com  www.elmetropolitano.com.gt <\/p>\n","protected":false},"excerpt":{"rendered":"<p>Con motivo de sus visitas simult\u00e1neas a Guatemala, el subsecretario Brian A. Nichols, la administradora adjunta Marcela Escobari y el director general de la Uni\u00f3n Europea (UE), Brian Glynn, se reunieron para abordar la situaci\u00f3n actual de Guatemala.&nbsp; Todos los funcionarios expresaron graves preocupaciones por los intentos flagrantes de socavar el resultado de las elecciones, <a class=\"read-more\" href=\"https:\/\/elmetropolitano.com.gt\/es\/tras-visita-de-brian-nichols-funcionarios-de-la-union-europea-se-pronuncian-por-crisis-en-guatemala\/\">Leer m\u00e1s<\/a><\/p>\n","protected":false},"author":1,"featured_media":73969,"comment_status":"open","ping_status":"closed","sticky":false,"template":"","format":"standard","meta":{"footnotes":""},"categories":[14],"tags":[15],"class_list":["post-73968","post","type-post","status-publish","format-standard","has-post-thumbnail","hentry","category-internacionales","tag-internacionales"],"_links":{"self":[{"href":"https:\/\/elmetropolitano.com.gt\/es\/wp-json\/wp\/v2\/posts\/73968","targetHints":{"allow":["GET"]}}],"collection":[{"href":"https:\/\/elmetropolitano.com.gt\/es\/wp-json\/wp\/v2\/posts"}],"about":[{"href":"https:\/\/elmetropolitano.com.gt\/es\/wp-json\/wp\/v2\/types\/post"}],"author":[{"embeddable":true,"href":"https:\/\/elmetropolitano.com.gt\/es\/wp-json\/wp\/v2\/users\/1"}],"replies":[{"embeddable":true,"href":"https:\/\/elmetropolitano.com.gt\/es\/wp-json\/wp\/v2\/comments?post=73968"}],"version-history":[{"count":1,"href":"https:\/\/elmetropolitano.com.gt\/es\/wp-json\/wp\/v2\/posts\/73968\/revisions"}],"predecessor-version":[{"id":73970,"href":"https:\/\/elmetropolitano.com.gt\/es\/wp-json\/wp\/v2\/posts\/73968\/revisions\/73970"}],"wp:featuredmedia":[{"embeddable":true,"href":"https:\/\/elmetropolitano.com.gt\/es\/wp-json\/wp\/v2\/media\/73969"}],"wp:attachment":[{"href":"https:\/\/elmetropolitano.com.gt\/es\/wp-json\/wp\/v2\/media?parent=73968"}],"wp:term":[{"taxonomy":"category","embeddable":true,"href":"https:\/\/elmetropolitano.com.gt\/es\/wp-json\/wp\/v2\/categories?post=73968"},{"taxonomy":"post_tag","embeddable":true,"href":"https:\/\/elmetropolitano.com.gt\/es\/wp-json\/wp\/v2\/tags?post=73968"}],"curies":[{"name":"wp","href":"https:\/\/api.w.org\/{rel}","templated":true}]}}