{"id":73971,"date":"2023-10-25T17:25:33","date_gmt":"2023-10-25T23:25:33","guid":{"rendered":"https:\/\/elmetropolitano.com.gt\/es\/?p=73971"},"modified":"2023-10-25T17:25:35","modified_gmt":"2023-10-25T23:25:35","slug":"capturan-a-marero-salvadoreno-con-10-antecedentes-en-su-pais","status":"publish","type":"post","link":"https:\/\/elmetropolitano.com.gt\/es\/capturan-a-marero-salvadoreno-con-10-antecedentes-en-su-pais\/","title":{"rendered":"Capturan a marero salvadore\u00f1o con 10 antecedentes en su pa\u00eds"},"content":{"rendered":"\n<p>En seguimiento a una investigaci\u00f3n este d\u00eda se realizaron allanamientos en el departamento de Escuintla, por parte de investigadores de la DEIC y el del ministerio Publico MP.<\/p>\n\n\n\n<p>En <a><\/a>uno de los cateos en el kil\u00f3metro 62 de la autopista puerto Quetzal, jurisdicci\u00f3n del cant\u00f3n Puente de Palo, se incautaron nueve celulares los cuales ser\u00e1n objeto de investigaci\u00f3n y se localiz\u00f3 al salvadore\u00f1o Juan Antonio Hern\u00e1ndez Martin, de 45 a\u00f1os, es alias \u201cSpay y\/o el cabez\u00f3n\u201d presunto integrante de la mara salvatrucha.<\/p><div class=\"elmet-contenido\" id=\"elmet-2353558227\"><div class=\"elmet-adlabel\">Anuncios<\/div><div style=\"margin-top: 20px;margin-right: 20px;margin-bottom: 20px;margin-left: 20px;\" id=\"elmet-3837743770\"><a href=\"https:\/\/www.facebook.com\/arrincuanantigua\/\" aria-label=\"cintillo-arrin-cual\"><img loading=\"lazy\" decoding=\"async\" src=\"https:\/\/elmetropolitano.com.gt\/es\/wp-content\/uploads\/2021\/11\/cintillo-arrin-cual-1.jpg\" alt=\"\"  srcset=\"https:\/\/elmetropolitano.com.gt\/es\/wp-content\/uploads\/2021\/11\/cintillo-arrin-cual-1.jpg 750w, https:\/\/elmetropolitano.com.gt\/es\/wp-content\/uploads\/2021\/11\/cintillo-arrin-cual-1-300x36.jpg 300w, https:\/\/elmetropolitano.com.gt\/es\/wp-content\/uploads\/2021\/11\/cintillo-arrin-cual-1-600x72.jpg 600w\" sizes=\"(max-width: 750px) 100vw, 750px\" width=\"750\" height=\"90\"   \/><\/a><\/div><\/div>\n\n\n\n<p>En coordinaci\u00f3n con el CAT se estableci\u00f3 que tiene 10 antecedentes en su pa\u00eds desde 1,993 al 2013 por los delitos de faltas, lesiones menos graves, amenazas, des\u00f3rdenes p\u00fablicos, resistencia, solicitar dinero en forma intimidatoria, comercio tr\u00e1fico y almacenamiento il\u00edcito de droga, posesi\u00f3n y tenencia de droga, robo, pertenecer a una mara o pandilla.<\/p>\n\n\n\n<p>Fue trasladado a la frontera de Valle Nuevo, Jalpatagua, Jutiapa, para ser entregado a las autoridades de El Salvador.<\/p>\n\n\n\n<p><a href=\"https:\/\/www.facebook.com\/hashtag\/pncdeguatemala?__eep__=6&amp;__cft__[0]=AZUFB5VvYznMR6pqiwrqrxULrJvZn2bFKZwheS2O6lYVIcNLhfH75Ra75WmWRBmLjiw5IuP0lT2aybIKKrDW_vkEDzLXghovGDfzWVvTOinU6dB-8Mm2HoG-5PhBfwNDxhkkIIUCDENzPDusB71pbF38bynRCHzhzKC5ngN6x-mE7HKn1MujFvpHU6khoAbHwhk&amp;__tn__=*NK-R\">#PNCdeGuatemala<\/a><a href=\"https:\/\/www.facebook.com\/hashtag\/escuintla?__eep__=6&amp;__cft__[0]=AZUFB5VvYznMR6pqiwrqrxULrJvZn2bFKZwheS2O6lYVIcNLhfH75Ra75WmWRBmLjiw5IuP0lT2aybIKKrDW_vkEDzLXghovGDfzWVvTOinU6dB-8Mm2HoG-5PhBfwNDxhkkIIUCDENzPDusB71pbF38bynRCHzhzKC5ngN6x-mE7HKn1MujFvpHU6khoAbHwhk&amp;__tn__=*NK-R\">#Escuintla<\/a><a href=\"https:\/\/www.facebook.com\/hashtag\/metroredes?__eep__=6&amp;__cft__[0]=AZUFB5VvYznMR6pqiwrqrxULrJvZn2bFKZwheS2O6lYVIcNLhfH75Ra75WmWRBmLjiw5IuP0lT2aybIKKrDW_vkEDzLXghovGDfzWVvTOinU6dB-8Mm2HoG-5PhBfwNDxhkkIIUCDENzPDusB71pbF38bynRCHzhzKC5ngN6x-mE7HKn1MujFvpHU6khoAbHwhk&amp;__tn__=*NK-R\">#metroredes<\/a>  www.metroredes.com  www.elescuintleco.com <\/p>\n\n\n\n<figure class=\"wp-block-gallery has-nested-images columns-default is-cropped wp-block-gallery-1 is-layout-flex wp-block-gallery-is-layout-flex\">\n<figure class=\"wp-block-image size-large\"><img loading=\"lazy\" decoding=\"async\" width=\"1024\" height=\"768\" data-id=\"73974\" src=\"https:\/\/elmetropolitano.com.gt\/es\/wp-content\/uploads\/2023\/10\/394630365_808350037957748_3358839403368099112_n-copia-1-1024x768.jpg\" alt=\"\" class=\"wp-image-73974\" srcset=\"https:\/\/elmetropolitano.com.gt\/es\/wp-content\/uploads\/2023\/10\/394630365_808350037957748_3358839403368099112_n-copia-1-1024x768.jpg 1024w, https:\/\/elmetropolitano.com.gt\/es\/wp-content\/uploads\/2023\/10\/394630365_808350037957748_3358839403368099112_n-copia-1-300x225.jpg 300w, https:\/\/elmetropolitano.com.gt\/es\/wp-content\/uploads\/2023\/10\/394630365_808350037957748_3358839403368099112_n-copia-1-768x576.jpg 768w, https:\/\/elmetropolitano.com.gt\/es\/wp-content\/uploads\/2023\/10\/394630365_808350037957748_3358839403368099112_n-copia-1-600x450.jpg 600w, https:\/\/elmetropolitano.com.gt\/es\/wp-content\/uploads\/2023\/10\/394630365_808350037957748_3358839403368099112_n-copia-1.jpg 1286w\" sizes=\"auto, (max-width: 1024px) 100vw, 1024px\" \/><\/figure>\n\n\n\n<figure class=\"wp-block-image size-large\"><img loading=\"lazy\" decoding=\"async\" width=\"1024\" height=\"617\" data-id=\"73976\" src=\"https:\/\/elmetropolitano.com.gt\/es\/wp-content\/uploads\/2023\/10\/395450057_808350007957751_8876529478675193548_n-1-1024x617.jpg\" alt=\"\" class=\"wp-image-73976\" srcset=\"https:\/\/elmetropolitano.com.gt\/es\/wp-content\/uploads\/2023\/10\/395450057_808350007957751_8876529478675193548_n-1-1024x617.jpg 1024w, https:\/\/elmetropolitano.com.gt\/es\/wp-content\/uploads\/2023\/10\/395450057_808350007957751_8876529478675193548_n-1-300x181.jpg 300w, https:\/\/elmetropolitano.com.gt\/es\/wp-content\/uploads\/2023\/10\/395450057_808350007957751_8876529478675193548_n-1-768x463.jpg 768w, https:\/\/elmetropolitano.com.gt\/es\/wp-content\/uploads\/2023\/10\/395450057_808350007957751_8876529478675193548_n-1-600x362.jpg 600w, https:\/\/elmetropolitano.com.gt\/es\/wp-content\/uploads\/2023\/10\/395450057_808350007957751_8876529478675193548_n-1.jpg 1286w\" sizes=\"auto, (max-width: 1024px) 100vw, 1024px\" \/><\/figure>\n\n\n\n<figure class=\"wp-block-image size-large\"><img loading=\"lazy\" decoding=\"async\" width=\"1024\" height=\"576\" data-id=\"73975\" src=\"https:\/\/elmetropolitano.com.gt\/es\/wp-content\/uploads\/2023\/10\/395659683_808350054624413_5896746669961754897_n-copia-1024x576.jpg\" alt=\"\" class=\"wp-image-73975\" srcset=\"https:\/\/elmetropolitano.com.gt\/es\/wp-content\/uploads\/2023\/10\/395659683_808350054624413_5896746669961754897_n-copia-1024x576.jpg 1024w, https:\/\/elmetropolitano.com.gt\/es\/wp-content\/uploads\/2023\/10\/395659683_808350054624413_5896746669961754897_n-copia-300x169.jpg 300w, https:\/\/elmetropolitano.com.gt\/es\/wp-content\/uploads\/2023\/10\/395659683_808350054624413_5896746669961754897_n-copia-768x432.jpg 768w, https:\/\/elmetropolitano.com.gt\/es\/wp-content\/uploads\/2023\/10\/395659683_808350054624413_5896746669961754897_n-copia-600x337.jpg 600w, https:\/\/elmetropolitano.com.gt\/es\/wp-content\/uploads\/2023\/10\/395659683_808350054624413_5896746669961754897_n-copia.jpg 1286w\" sizes=\"auto, (max-width: 1024px) 100vw, 1024px\" \/><\/figure>\n<\/figure>\n","protected":false},"excerpt":{"rendered":"<p>En seguimiento a una investigaci\u00f3n este d\u00eda se realizaron allanamientos en el departamento de Escuintla, por parte de investigadores de la DEIC y el del ministerio Publico MP. En uno de los cateos en el kil\u00f3metro 62 de la autopista puerto Quetzal, jurisdicci\u00f3n del cant\u00f3n Puente de Palo, se incautaron nueve celulares los cuales ser\u00e1n <a class=\"read-more\" href=\"https:\/\/elmetropolitano.com.gt\/es\/capturan-a-marero-salvadoreno-con-10-antecedentes-en-su-pais\/\">Leer m\u00e1s<\/a><\/p>\n","protected":false},"author":1,"featured_media":73972,"comment_status":"open","ping_status":"closed","sticky":false,"template":"","format":"standard","meta":{"footnotes":""},"categories":[4],"tags":[13],"class_list":["post-73971","post","type-post","status-publish","format-standard","has-post-thumbnail","hentry","category-departamentales","tag-departamentales"],"_links":{"self":[{"href":"https:\/\/elmetropolitano.com.gt\/es\/wp-json\/wp\/v2\/posts\/73971","targetHints":{"allow":["GET"]}}],"collection":[{"href":"https:\/\/elmetropolitano.com.gt\/es\/wp-json\/wp\/v2\/posts"}],"about":[{"href":"https:\/\/elmetropolitano.com.gt\/es\/wp-json\/wp\/v2\/types\/post"}],"author":[{"embeddable":true,"href":"https:\/\/elmetropolitano.com.gt\/es\/wp-json\/wp\/v2\/users\/1"}],"replies":[{"embeddable":true,"href":"https:\/\/elmetropolitano.com.gt\/es\/wp-json\/wp\/v2\/comments?post=73971"}],"version-history":[{"count":1,"href":"https:\/\/elmetropolitano.com.gt\/es\/wp-json\/wp\/v2\/posts\/73971\/revisions"}],"predecessor-version":[{"id":73977,"href":"https:\/\/elmetropolitano.com.gt\/es\/wp-json\/wp\/v2\/posts\/73971\/revisions\/73977"}],"wp:featuredmedia":[{"embeddable":true,"href":"https:\/\/elmetropolitano.com.gt\/es\/wp-json\/wp\/v2\/media\/73972"}],"wp:attachment":[{"href":"https:\/\/elmetropolitano.com.gt\/es\/wp-json\/wp\/v2\/media?parent=73971"}],"wp:term":[{"taxonomy":"category","embeddable":true,"href":"https:\/\/elmetropolitano.com.gt\/es\/wp-json\/wp\/v2\/categories?post=73971"},{"taxonomy":"post_tag","embeddable":true,"href":"https:\/\/elmetropolitano.com.gt\/es\/wp-json\/wp\/v2\/tags?post=73971"}],"curies":[{"name":"wp","href":"https:\/\/api.w.org\/{rel}","templated":true}]}}