{"id":73978,"date":"2023-10-26T09:39:36","date_gmt":"2023-10-26T15:39:36","guid":{"rendered":"https:\/\/elmetropolitano.com.gt\/es\/?p=73978"},"modified":"2023-10-26T09:39:37","modified_gmt":"2023-10-26T15:39:37","slug":"congreso-cumple-un-mes-sin-sesionar","status":"publish","type":"post","link":"https:\/\/elmetropolitano.com.gt\/es\/congreso-cumple-un-mes-sin-sesionar\/","title":{"rendered":"Congreso cumple un mes sin sesionar"},"content":{"rendered":"\n<p>Los diputados al Congreso de la Rep\u00fablica cumplieron hoy un mes sin sesionar. Este d\u00eda fue por falta de cu\u00f3rum, las otras tres semanas fue por que no hubo jefes de bloque para programar plenarias.<\/p>\n\n\n\n<p>De nuevo se culp\u00f3 la situaci\u00f3n de los bloqueos y que por esa raz\u00f3n fue que muchos diputados distritales no pudieron presentarse al Palacio Legislativo. <a><\/a><\/p><div class=\"elmet-contenido\" id=\"elmet-3291770907\"><div class=\"elmet-adlabel\">Anuncios<\/div><div style=\"margin-top: 20px;margin-right: 20px;margin-bottom: 20px;margin-left: 20px;\" id=\"elmet-3369003715\"><a href=\"https:\/\/www.facebook.com\/arrincuanantigua\/\" aria-label=\"cintillo-arrin-cual\"><img loading=\"lazy\" decoding=\"async\" src=\"https:\/\/elmetropolitano.com.gt\/es\/wp-content\/uploads\/2021\/11\/cintillo-arrin-cual-1.jpg\" alt=\"\"  srcset=\"https:\/\/elmetropolitano.com.gt\/es\/wp-content\/uploads\/2021\/11\/cintillo-arrin-cual-1.jpg 750w, https:\/\/elmetropolitano.com.gt\/es\/wp-content\/uploads\/2021\/11\/cintillo-arrin-cual-1-300x36.jpg 300w, https:\/\/elmetropolitano.com.gt\/es\/wp-content\/uploads\/2021\/11\/cintillo-arrin-cual-1-600x72.jpg 600w\" sizes=\"(max-width: 750px) 100vw, 750px\" width=\"750\" height=\"90\"   \/><\/a><\/div><\/div>\n\n\n\n<p>Hoy con cerca de 41 diputados el segundo vicepresidente, Herbert Melgar Padilla, suspendi\u00f3 la sesi\u00f3n ordinaria adicional en la que se ten\u00eda programado avanzar con por lo menos tres Decretos Ley.<\/p>\n\n\n\n<p>Por ejemplo, jefes de bloque ayer aprobaron para esta sesi\u00f3n, avanzar en su tercer debate con las reformas al C\u00f3digo Procesal Penal (CPP), que permitir\u00e1 la libertad a militares mayores de 65 a\u00f1os, entre otros sindicados de esa edad implicados en el narcotr\u00e1fico.<\/p>\n\n\n\n<p>Igual, se encuentra para su tercera lectura la ley de exenci\u00f3n de impuestos al Valor Agregado (IVA) y derechos arancelarios a las importaciones de bienes, suministros, donaciones e insumos que realice la Alianza Evang\u00e9lica de Guatemala, un compromiso para que \u201clos cristianos\u201d no se pronuncien en contra del Legislativo.<\/p>\n\n\n\n<p>Adem\u00e1s las reformas al Decreto51-2022 que se refiere a la Ley Temporal de Desarrollo integral, que ser\u00eda m\u00e1s dinero para los ex Patrulleros de Autodefensa Civil (PAC) y para otros militares que participaron en el enfrentamiento armado interno. Los temores para destituir la Fiscal Consuelo Porras?<\/p>\n\n\n\n<p>Se esperaba que el Congreso le diera tr\u00e1mite a una iniciativa de ley para la destituci\u00f3n de la Fiscal General y jefe del Ministerio P\u00fablico(MP), Consuelo Porras, pero como se dijo que no se le puede iniciar antejuicio a la mencionada, pues esto es jurisdicci\u00f3n de la Corte Suprema de Justicia (CSJ) hoy lleg\u00f3 una peque\u00f1a manifestaci\u00f3n. Esto fue suficiente alarma para la seguridad del Congreso para vallar la 8\u00aa avenida y no dejar ingresar m\u00e1s que al personal del Legislativo y uno que otro conocido, incluyendo los reporteros.<\/p>\n\n\n\n<p>La Iniciativa presentada pide la destituci\u00f3n o remoci\u00f3n de la Fiscal General, Consuelo Porras. Por aparte, por manifestaciones se pide la destituci\u00f3n del encargado de la Fiscal\u00eda Especial Contra la Impunidad (FECI), Rafael Curruchiche, la fiscal Cinthia Monterroso y el juez 7\u00ba Fredy Orellana y por ello se mantuvo la seguridad respectiva, hasta con dos unidades de bomberos municipales por aquello de que se provocara un incendio.<\/p>\n\n\n\n<p>Para ma\u00f1ana jueves en la sesi\u00f3n ordinaria que ser\u00e1 de interpelaciones, de nuevo ayer lo dijo la diputada Lucrecia Marroqu\u00edn de Palomo, \u201ces de mentiritas\u201d.<\/p>\n\n\n\n<p>Texto Francisco Javier hurtarte<\/p>\n\n\n\n<p><a href=\"https:\/\/www.facebook.com\/hashtag\/congresodelarepublicagt?__eep__=6&amp;__cft__[0]=AZUdVwB15cODhtMCTEomkQK7gw9XVYbaFuM2EJaALmfxkKLPEA0X9wXvDsCY6B0IyzlUm0IHI-zEg45px1YrQScoqhaLYXwOXfGAv9ejsqSpIe0Qqc3UIy4X-2OGrmzy8ls5gn5p3PRaxiVD9t3OI0mz-nwXUeBW9qUhspaY0L-n141ieDu13cOzyDMvYzAzBD8&amp;__tn__=*NK-R\">#CongresoDeLaRepublicagt<\/a><a href=\"https:\/\/www.facebook.com\/hashtag\/metroredes?__eep__=6&amp;__cft__[0]=AZUdVwB15cODhtMCTEomkQK7gw9XVYbaFuM2EJaALmfxkKLPEA0X9wXvDsCY6B0IyzlUm0IHI-zEg45px1YrQScoqhaLYXwOXfGAv9ejsqSpIe0Qqc3UIy4X-2OGrmzy8ls5gn5p3PRaxiVD9t3OI0mz-nwXUeBW9qUhspaY0L-n141ieDu13cOzyDMvYzAzBD8&amp;__tn__=*NK-R\">#metroredes<\/a><a href=\"https:\/\/www.facebook.com\/hashtag\/diputados?__eep__=6&amp;__cft__[0]=AZUdVwB15cODhtMCTEomkQK7gw9XVYbaFuM2EJaALmfxkKLPEA0X9wXvDsCY6B0IyzlUm0IHI-zEg45px1YrQScoqhaLYXwOXfGAv9ejsqSpIe0Qqc3UIy4X-2OGrmzy8ls5gn5p3PRaxiVD9t3OI0mz-nwXUeBW9qUhspaY0L-n141ieDu13cOzyDMvYzAzBD8&amp;__tn__=*NK-R\">#Diputados<\/a><\/p>\n\n\n\n<p><\/p>\n\n\n\n<figure class=\"wp-block-gallery has-nested-images columns-default is-cropped wp-block-gallery-1 is-layout-flex wp-block-gallery-is-layout-flex\">\n<figure class=\"wp-block-image size-large\"><img loading=\"lazy\" decoding=\"async\" width=\"576\" height=\"1024\" data-id=\"73981\" src=\"https:\/\/elmetropolitano.com.gt\/es\/wp-content\/uploads\/2023\/10\/393832279_808406534618765_4108937113970267360_n-576x1024.jpg\" alt=\"\" class=\"wp-image-73981\" srcset=\"https:\/\/elmetropolitano.com.gt\/es\/wp-content\/uploads\/2023\/10\/393832279_808406534618765_4108937113970267360_n-576x1024.jpg 576w, https:\/\/elmetropolitano.com.gt\/es\/wp-content\/uploads\/2023\/10\/393832279_808406534618765_4108937113970267360_n-169x300.jpg 169w, https:\/\/elmetropolitano.com.gt\/es\/wp-content\/uploads\/2023\/10\/393832279_808406534618765_4108937113970267360_n-768x1366.jpg 768w, https:\/\/elmetropolitano.com.gt\/es\/wp-content\/uploads\/2023\/10\/393832279_808406534618765_4108937113970267360_n-864x1536.jpg 864w, https:\/\/elmetropolitano.com.gt\/es\/wp-content\/uploads\/2023\/10\/393832279_808406534618765_4108937113970267360_n-600x1067.jpg 600w, https:\/\/elmetropolitano.com.gt\/es\/wp-content\/uploads\/2023\/10\/393832279_808406534618765_4108937113970267360_n.jpg 899w\" sizes=\"auto, (max-width: 576px) 100vw, 576px\" \/><\/figure>\n\n\n\n<figure class=\"wp-block-image size-large\"><img loading=\"lazy\" decoding=\"async\" width=\"1024\" height=\"576\" data-id=\"73980\" src=\"https:\/\/elmetropolitano.com.gt\/es\/wp-content\/uploads\/2023\/10\/395677944_808406554618763_5515645412927026592_n-1024x576.jpg\" alt=\"\" class=\"wp-image-73980\" srcset=\"https:\/\/elmetropolitano.com.gt\/es\/wp-content\/uploads\/2023\/10\/395677944_808406554618763_5515645412927026592_n-1024x576.jpg 1024w, https:\/\/elmetropolitano.com.gt\/es\/wp-content\/uploads\/2023\/10\/395677944_808406554618763_5515645412927026592_n-300x169.jpg 300w, https:\/\/elmetropolitano.com.gt\/es\/wp-content\/uploads\/2023\/10\/395677944_808406554618763_5515645412927026592_n-768x432.jpg 768w, https:\/\/elmetropolitano.com.gt\/es\/wp-content\/uploads\/2023\/10\/395677944_808406554618763_5515645412927026592_n-1536x864.jpg 1536w, https:\/\/elmetropolitano.com.gt\/es\/wp-content\/uploads\/2023\/10\/395677944_808406554618763_5515645412927026592_n-600x338.jpg 600w, https:\/\/elmetropolitano.com.gt\/es\/wp-content\/uploads\/2023\/10\/395677944_808406554618763_5515645412927026592_n.jpg 1600w\" sizes=\"auto, (max-width: 1024px) 100vw, 1024px\" \/><\/figure>\n\n\n\n<figure class=\"wp-block-image size-large\"><img loading=\"lazy\" decoding=\"async\" width=\"1024\" height=\"576\" data-id=\"73982\" src=\"https:\/\/elmetropolitano.com.gt\/es\/wp-content\/uploads\/2023\/10\/395712472_808406561285429_6819922162765143154_n-1024x576.jpg\" alt=\"\" class=\"wp-image-73982\" srcset=\"https:\/\/elmetropolitano.com.gt\/es\/wp-content\/uploads\/2023\/10\/395712472_808406561285429_6819922162765143154_n-1024x576.jpg 1024w, https:\/\/elmetropolitano.com.gt\/es\/wp-content\/uploads\/2023\/10\/395712472_808406561285429_6819922162765143154_n-300x169.jpg 300w, https:\/\/elmetropolitano.com.gt\/es\/wp-content\/uploads\/2023\/10\/395712472_808406561285429_6819922162765143154_n-768x432.jpg 768w, https:\/\/elmetropolitano.com.gt\/es\/wp-content\/uploads\/2023\/10\/395712472_808406561285429_6819922162765143154_n-1536x864.jpg 1536w, https:\/\/elmetropolitano.com.gt\/es\/wp-content\/uploads\/2023\/10\/395712472_808406561285429_6819922162765143154_n-600x338.jpg 600w, https:\/\/elmetropolitano.com.gt\/es\/wp-content\/uploads\/2023\/10\/395712472_808406561285429_6819922162765143154_n.jpg 1600w\" sizes=\"auto, (max-width: 1024px) 100vw, 1024px\" \/><\/figure>\n<\/figure>\n","protected":false},"excerpt":{"rendered":"<p>Los diputados al Congreso de la Rep\u00fablica cumplieron hoy un mes sin sesionar. Este d\u00eda fue por falta de cu\u00f3rum, las otras tres semanas fue por que no hubo jefes de bloque para programar plenarias. De nuevo se culp\u00f3 la situaci\u00f3n de los bloqueos y que por esa raz\u00f3n fue que muchos diputados distritales no <a class=\"read-more\" href=\"https:\/\/elmetropolitano.com.gt\/es\/congreso-cumple-un-mes-sin-sesionar\/\">Leer m\u00e1s<\/a><\/p>\n","protected":false},"author":1,"featured_media":73979,"comment_status":"open","ping_status":"closed","sticky":false,"template":"","format":"standard","meta":{"footnotes":""},"categories":[2],"tags":[12],"class_list":["post-73978","post","type-post","status-publish","format-standard","has-post-thumbnail","hentry","category-nacionales","tag-nacionales"],"_links":{"self":[{"href":"https:\/\/elmetropolitano.com.gt\/es\/wp-json\/wp\/v2\/posts\/73978","targetHints":{"allow":["GET"]}}],"collection":[{"href":"https:\/\/elmetropolitano.com.gt\/es\/wp-json\/wp\/v2\/posts"}],"about":[{"href":"https:\/\/elmetropolitano.com.gt\/es\/wp-json\/wp\/v2\/types\/post"}],"author":[{"embeddable":true,"href":"https:\/\/elmetropolitano.com.gt\/es\/wp-json\/wp\/v2\/users\/1"}],"replies":[{"embeddable":true,"href":"https:\/\/elmetropolitano.com.gt\/es\/wp-json\/wp\/v2\/comments?post=73978"}],"version-history":[{"count":1,"href":"https:\/\/elmetropolitano.com.gt\/es\/wp-json\/wp\/v2\/posts\/73978\/revisions"}],"predecessor-version":[{"id":73983,"href":"https:\/\/elmetropolitano.com.gt\/es\/wp-json\/wp\/v2\/posts\/73978\/revisions\/73983"}],"wp:featuredmedia":[{"embeddable":true,"href":"https:\/\/elmetropolitano.com.gt\/es\/wp-json\/wp\/v2\/media\/73979"}],"wp:attachment":[{"href":"https:\/\/elmetropolitano.com.gt\/es\/wp-json\/wp\/v2\/media?parent=73978"}],"wp:term":[{"taxonomy":"category","embeddable":true,"href":"https:\/\/elmetropolitano.com.gt\/es\/wp-json\/wp\/v2\/categories?post=73978"},{"taxonomy":"post_tag","embeddable":true,"href":"https:\/\/elmetropolitano.com.gt\/es\/wp-json\/wp\/v2\/tags?post=73978"}],"curies":[{"name":"wp","href":"https:\/\/api.w.org\/{rel}","templated":true}]}}