{"id":74003,"date":"2023-10-26T09:56:37","date_gmt":"2023-10-26T15:56:37","guid":{"rendered":"https:\/\/elmetropolitano.com.gt\/es\/?p=74003"},"modified":"2023-10-26T09:56:41","modified_gmt":"2023-10-26T15:56:41","slug":"chimaltenango-conto-con-el-festival-gastronomico-ixim","status":"publish","type":"post","link":"https:\/\/elmetropolitano.com.gt\/es\/chimaltenango-conto-con-el-festival-gastronomico-ixim\/","title":{"rendered":"Chimaltenango cont\u00f3 con el Festival Gastron\u00f3mico Ixim"},"content":{"rendered":"\n<p>El Instituto Guatemalteco de Turismo (Inguat) inform\u00f3 sobre el Festival Gastron\u00f3mico Ixim, el cual se llev\u00f3 a cabo en el departamento de Chimaltenango.<\/p>\n\n\n\n<p>De <a><\/a>acuerdo con el Inguat, el festival cont\u00f3 con la participaci\u00f3n de artesanos y emprendedores, quienes presentaron sus productos a los asistentes.<\/p><div class=\"elmet-contenido\" id=\"elmet-885664008\"><div class=\"elmet-adlabel\">Anuncios<\/div><div style=\"margin-top: 20px;margin-right: 20px;margin-bottom: 20px;margin-left: 20px;\" id=\"elmet-4274956850\"><a href=\"https:\/\/www.facebook.com\/arrincuanantigua\/\" aria-label=\"cintillo-arrin-cual\"><img loading=\"lazy\" decoding=\"async\" src=\"https:\/\/elmetropolitano.com.gt\/es\/wp-content\/uploads\/2021\/11\/cintillo-arrin-cual-1.jpg\" alt=\"\"  srcset=\"https:\/\/elmetropolitano.com.gt\/es\/wp-content\/uploads\/2021\/11\/cintillo-arrin-cual-1.jpg 750w, https:\/\/elmetropolitano.com.gt\/es\/wp-content\/uploads\/2021\/11\/cintillo-arrin-cual-1-300x36.jpg 300w, https:\/\/elmetropolitano.com.gt\/es\/wp-content\/uploads\/2021\/11\/cintillo-arrin-cual-1-600x72.jpg 600w\" sizes=\"(max-width: 750px) 100vw, 750px\" width=\"750\" height=\"90\"   \/><\/a><\/div><\/div>\n\n\n\n<p>Asimismo, el objetivo de estas actividades es dar a conocer la cultura gastron\u00f3mica que posee cada uno de los departamentos del pa\u00eds. Igualmente, para que los visitantes disfruten y descubran la diversidad de recetas tradicionales de esta regi\u00f3n. Por lo tanto, se comparten recetas ancestrales junto a expertos de la gastronom\u00eda del pa\u00eds quienes buscan impulsar la cocina tradicional.<\/p>\n\n\n\n<p>Adem\u00e1s, se busca impulsar emprendimientos por medio de la gastronom\u00eda y con esto contribuir a la econom\u00eda local.<\/p>\n\n\n\n<p>Otros festivales<\/p>\n\n\n\n<p>En este octubre tambi\u00e9n se llev\u00f3 a cabo el Sexto Festival Gastron\u00f3mico Guatem\u00e1gica. Este se celebr\u00f3 en el departamento de Retalhuleu y cont\u00f3 con la participaci\u00f3n de emprendedores que se destacan por la elaboraci\u00f3n de productos locales excepcionales.<\/p>\n\n\n\n<p>Adem\u00e1s, se han organizado festivales gastron\u00f3micos departamentos como Alta Verapaz, Sacatep\u00e9quez, Pet\u00e9n, Solol\u00e1, Huehuetenango y otros.<\/p>\n\n\n\n<p>Estas actividades se desarrollan con el apoyo de entidades locales y promotores de turismo en cada una de las localidades.<\/p>\n\n\n\n<p>Fomento del turismo local<\/p>\n\n\n\n<p>Por medio del Inguat, se llevan a cabo diversos eventos con el objetivo de promover el turismo local.<\/p>\n\n\n\n<p>Una de las iniciativas con ese objetivo es Viajando por Guate, por medio de la cual se fomenta el turismo interno y con la cual el Inguat previ\u00f3 una derrama econ\u00f3mica de m\u00e1s de 50 millones de quetzales.<\/p>\n\n\n\n<p>Con esta, las autoridades de turismo estiman que en el 2023 se registren al menos 7 millones de viajes con pernoctaci\u00f3n y otros 15.7 millones sin pernoctaci\u00f3n.<\/p>\n\n\n\n<p>La estrategia promueve los destinos del pa\u00eds con la difusi\u00f3n de dos a tres departamentos por mes. Para este octubre se promueve a los departamentos de Retalhuleu y Jutiapa.<\/p>\n\n\n\n<p>Este programa es uno de los grandes impulsadores de atractivos, historia y gastronom\u00eda para contribuir a la sostenibilidad econ\u00f3mica del pa\u00eds<\/p>\n\n\n\n<p>Texto: Yuliza Mu\u00f1oz<\/p>\n\n\n\n<p><a href=\"https:\/\/www.facebook.com\/hashtag\/metroredes?__eep__=6&amp;__cft__[0]=AZUpHAcDh0h7c3H3CuZkBVi3W6PU_YiRovTaR91vRQ1uhIwZ--3b153KHywjQwTgzbP_GgD5mkhvcU1vag_gibKuPugbGklFtG6dntDo7-meL1yqahhoW_EoX61WmT59MvmzfSyqNyFe7W9OiLMcWdDJYdhgnGNTdmLx1rc1rsBHNN7wGUw1cbv72T6I2KkMSas&amp;__tn__=*NK-R\">#metroredes<\/a><a href=\"https:\/\/www.facebook.com\/hashtag\/inguat?__eep__=6&amp;__cft__[0]=AZUpHAcDh0h7c3H3CuZkBVi3W6PU_YiRovTaR91vRQ1uhIwZ--3b153KHywjQwTgzbP_GgD5mkhvcU1vag_gibKuPugbGklFtG6dntDo7-meL1yqahhoW_EoX61WmT59MvmzfSyqNyFe7W9OiLMcWdDJYdhgnGNTdmLx1rc1rsBHNN7wGUw1cbv72T6I2KkMSas&amp;__tn__=*NK-R\">#Inguat#Inguat<\/a> www.metroredes.com  www.elescuintleco.com<\/p>\n\n\n\n<figure class=\"wp-block-gallery has-nested-images columns-default is-cropped wp-block-gallery-1 is-layout-flex wp-block-gallery-is-layout-flex\">\n<figure class=\"wp-block-image size-large\"><img loading=\"lazy\" decoding=\"async\" width=\"768\" height=\"1024\" data-id=\"74006\" src=\"https:\/\/elmetropolitano.com.gt\/es\/wp-content\/uploads\/2023\/10\/395718460_808475677945184_300371984067595198_n-768x1024.jpg\" alt=\"\" class=\"wp-image-74006\" srcset=\"https:\/\/elmetropolitano.com.gt\/es\/wp-content\/uploads\/2023\/10\/395718460_808475677945184_300371984067595198_n-768x1024.jpg 768w, https:\/\/elmetropolitano.com.gt\/es\/wp-content\/uploads\/2023\/10\/395718460_808475677945184_300371984067595198_n-225x300.jpg 225w, https:\/\/elmetropolitano.com.gt\/es\/wp-content\/uploads\/2023\/10\/395718460_808475677945184_300371984067595198_n-600x800.jpg 600w, https:\/\/elmetropolitano.com.gt\/es\/wp-content\/uploads\/2023\/10\/395718460_808475677945184_300371984067595198_n.jpg 1080w\" sizes=\"auto, (max-width: 768px) 100vw, 768px\" \/><\/figure>\n\n\n\n<figure class=\"wp-block-image size-large\"><img loading=\"lazy\" decoding=\"async\" width=\"1024\" height=\"683\" data-id=\"74005\" src=\"https:\/\/elmetropolitano.com.gt\/es\/wp-content\/uploads\/2023\/10\/396240692_808475687945183_1346963716718306066_n-1024x683.jpg\" alt=\"\" class=\"wp-image-74005\" srcset=\"https:\/\/elmetropolitano.com.gt\/es\/wp-content\/uploads\/2023\/10\/396240692_808475687945183_1346963716718306066_n-1024x683.jpg 1024w, https:\/\/elmetropolitano.com.gt\/es\/wp-content\/uploads\/2023\/10\/396240692_808475687945183_1346963716718306066_n-300x200.jpg 300w, https:\/\/elmetropolitano.com.gt\/es\/wp-content\/uploads\/2023\/10\/396240692_808475687945183_1346963716718306066_n-768x512.jpg 768w, https:\/\/elmetropolitano.com.gt\/es\/wp-content\/uploads\/2023\/10\/396240692_808475687945183_1346963716718306066_n-600x400.jpg 600w, https:\/\/elmetropolitano.com.gt\/es\/wp-content\/uploads\/2023\/10\/396240692_808475687945183_1346963716718306066_n.jpg 1080w\" sizes=\"auto, (max-width: 1024px) 100vw, 1024px\" \/><\/figure>\n\n\n\n<figure class=\"wp-block-image size-large\"><img loading=\"lazy\" decoding=\"async\" width=\"1024\" height=\"683\" data-id=\"74007\" src=\"https:\/\/elmetropolitano.com.gt\/es\/wp-content\/uploads\/2023\/10\/396267023_808475697945182_1424683361626740034_n-1024x683.jpg\" alt=\"\" class=\"wp-image-74007\" srcset=\"https:\/\/elmetropolitano.com.gt\/es\/wp-content\/uploads\/2023\/10\/396267023_808475697945182_1424683361626740034_n-1024x683.jpg 1024w, https:\/\/elmetropolitano.com.gt\/es\/wp-content\/uploads\/2023\/10\/396267023_808475697945182_1424683361626740034_n-300x200.jpg 300w, https:\/\/elmetropolitano.com.gt\/es\/wp-content\/uploads\/2023\/10\/396267023_808475697945182_1424683361626740034_n-768x512.jpg 768w, https:\/\/elmetropolitano.com.gt\/es\/wp-content\/uploads\/2023\/10\/396267023_808475697945182_1424683361626740034_n-600x400.jpg 600w, https:\/\/elmetropolitano.com.gt\/es\/wp-content\/uploads\/2023\/10\/396267023_808475697945182_1424683361626740034_n.jpg 1080w\" sizes=\"auto, (max-width: 1024px) 100vw, 1024px\" \/><\/figure>\n<\/figure>\n","protected":false},"excerpt":{"rendered":"<p>El Instituto Guatemalteco de Turismo (Inguat) inform\u00f3 sobre el Festival Gastron\u00f3mico Ixim, el cual se llev\u00f3 a cabo en el departamento de Chimaltenango. De acuerdo con el Inguat, el festival cont\u00f3 con la participaci\u00f3n de artesanos y emprendedores, quienes presentaron sus productos a los asistentes. Asimismo, el objetivo de estas actividades es dar a conocer <a class=\"read-more\" href=\"https:\/\/elmetropolitano.com.gt\/es\/chimaltenango-conto-con-el-festival-gastronomico-ixim\/\">Leer m\u00e1s<\/a><\/p>\n","protected":false},"author":1,"featured_media":74004,"comment_status":"open","ping_status":"closed","sticky":false,"template":"","format":"standard","meta":{"footnotes":""},"categories":[4],"tags":[13],"class_list":["post-74003","post","type-post","status-publish","format-standard","has-post-thumbnail","hentry","category-departamentales","tag-departamentales"],"_links":{"self":[{"href":"https:\/\/elmetropolitano.com.gt\/es\/wp-json\/wp\/v2\/posts\/74003","targetHints":{"allow":["GET"]}}],"collection":[{"href":"https:\/\/elmetropolitano.com.gt\/es\/wp-json\/wp\/v2\/posts"}],"about":[{"href":"https:\/\/elmetropolitano.com.gt\/es\/wp-json\/wp\/v2\/types\/post"}],"author":[{"embeddable":true,"href":"https:\/\/elmetropolitano.com.gt\/es\/wp-json\/wp\/v2\/users\/1"}],"replies":[{"embeddable":true,"href":"https:\/\/elmetropolitano.com.gt\/es\/wp-json\/wp\/v2\/comments?post=74003"}],"version-history":[{"count":1,"href":"https:\/\/elmetropolitano.com.gt\/es\/wp-json\/wp\/v2\/posts\/74003\/revisions"}],"predecessor-version":[{"id":74008,"href":"https:\/\/elmetropolitano.com.gt\/es\/wp-json\/wp\/v2\/posts\/74003\/revisions\/74008"}],"wp:featuredmedia":[{"embeddable":true,"href":"https:\/\/elmetropolitano.com.gt\/es\/wp-json\/wp\/v2\/media\/74004"}],"wp:attachment":[{"href":"https:\/\/elmetropolitano.com.gt\/es\/wp-json\/wp\/v2\/media?parent=74003"}],"wp:term":[{"taxonomy":"category","embeddable":true,"href":"https:\/\/elmetropolitano.com.gt\/es\/wp-json\/wp\/v2\/categories?post=74003"},{"taxonomy":"post_tag","embeddable":true,"href":"https:\/\/elmetropolitano.com.gt\/es\/wp-json\/wp\/v2\/tags?post=74003"}],"curies":[{"name":"wp","href":"https:\/\/api.w.org\/{rel}","templated":true}]}}