{"id":74018,"date":"2023-10-26T17:08:12","date_gmt":"2023-10-26T23:08:12","guid":{"rendered":"https:\/\/elmetropolitano.com.gt\/es\/?p=74018"},"modified":"2023-10-26T17:08:13","modified_gmt":"2023-10-26T23:08:13","slug":"en-medio-de-una-crisis-politica-y-en-reunion-privada-blanca-alfaro-asume-la-presidencia-del-tse","status":"publish","type":"post","link":"https:\/\/elmetropolitano.com.gt\/es\/en-medio-de-una-crisis-politica-y-en-reunion-privada-blanca-alfaro-asume-la-presidencia-del-tse\/","title":{"rendered":"En medio de una crisis pol\u00edtica y en reuni\u00f3n privada, Blanca Alfaro asume la presidencia del TSE"},"content":{"rendered":"\n<p>En medio de una crisis pol\u00edtica que tiene al borde de un nuevo paro nacional a Guatemala, la licenciada Blanca Alfaro, asumi\u00f3 en una reuni\u00f3n privada la presidencia del Tribunal Supremo Electoral, TSE, ente que se encuentra bajo el ataque y con peticiones de antejuicio contra los magistrados.<\/p>\n\n\n\n<p>La nueva presidente del TSE sostuvo, junto al pleno de magistrados de este ente electoral, una reuni\u00f3n con los fiscales nacionales de los partidos pol\u00edticos, cuya actividad fue dirigida por la nueva presidente y se trataron temas vinculados al trabajo de la Comisi\u00f3n de Actualizaci\u00f3n y Modernizaci\u00f3n Electoral (CAME), entre otros.<\/p><div class=\"elmet-contenido\" id=\"elmet-644879138\"><div class=\"elmet-adlabel\">Anuncios<\/div><div style=\"margin-top: 20px;margin-right: 20px;margin-bottom: 20px;margin-left: 20px;\" id=\"elmet-837680756\"><a href=\"https:\/\/www.facebook.com\/arrincuanantigua\/\" aria-label=\"cintillo-arrin-cual\"><img loading=\"lazy\" decoding=\"async\" src=\"https:\/\/elmetropolitano.com.gt\/es\/wp-content\/uploads\/2021\/11\/cintillo-arrin-cual-1.jpg\" alt=\"\"  srcset=\"https:\/\/elmetropolitano.com.gt\/es\/wp-content\/uploads\/2021\/11\/cintillo-arrin-cual-1.jpg 750w, https:\/\/elmetropolitano.com.gt\/es\/wp-content\/uploads\/2021\/11\/cintillo-arrin-cual-1-300x36.jpg 300w, https:\/\/elmetropolitano.com.gt\/es\/wp-content\/uploads\/2021\/11\/cintillo-arrin-cual-1-600x72.jpg 600w\" sizes=\"(max-width: 750px) 100vw, 750px\" width=\"750\" height=\"90\"   \/><\/a><\/div><\/div>\n\n\n\n<p>Blanca Alfaro fue la magistrada que result\u00f3 agredida el d\u00eda del allanamiento en la sede central del TSE en el secuestr\u00f3 de las actas 4 y 8 de las elecciones generales, mismas que a\u00fan no han sido devueltas, a pesar que dijeron que solo las tendr\u00edan por tres d\u00edas.<\/p>\n\n\n\n<p>En sus primeras declaraciones, la ahora presidente del TSE, expres\u00f3 que en estos tres d\u00edas se analizar\u00e1 si se extiende o no el tiempo del proceso electoral, para blindarlo y que todo llegue como la poblaci\u00f3n lo expres\u00f3 en las urnas electorales el 25 de junio y el 20 de agosto.<\/p>\n\n\n\n<p>Varios han sido los sectores que han pedido que se extienda el plazo del final del proceso electoral para blindar la toma de posesi\u00f3n de las autoridades electas, pues el mismo finaliza este 31 de octubre y muchas cosas pueden suceder.<\/p>\n\n\n\n<p>Se debe recordar que el mismo subsecretario de estado de los Estados Unidos Brian Nichols, se\u00f1al\u00f3 que existen fuerzas que buscan estorbar la democracia, el proceso electoral y la toma de posesi\u00f3n del presidente electo Bernardo Ar\u00e9valo y la vice presidente electa Karin Herrera.<\/p>\n\n\n\n<p>#metroredes\u00a0 <a href=\"http:\/\/www.metroredes.com\">www.metroredes.com<\/a>\u00a0 www.elescuintleco.com\u00a0 <a href=\"http:\/\/www.elmetropolitano.com.gt\">www.elmetropolitano.com.gt<\/a> \u00a0<\/p>\n\n\n\n<figure class=\"wp-block-gallery has-nested-images columns-default is-cropped wp-block-gallery-1 is-layout-flex wp-block-gallery-is-layout-flex\">\n<figure class=\"wp-block-image size-large\"><img loading=\"lazy\" decoding=\"async\" width=\"1024\" height=\"682\" data-id=\"74020\" src=\"https:\/\/elmetropolitano.com.gt\/es\/wp-content\/uploads\/2023\/10\/394339648_713359367491200_4640904333913889513_n-1024x682.jpg\" alt=\"\" class=\"wp-image-74020\" srcset=\"https:\/\/elmetropolitano.com.gt\/es\/wp-content\/uploads\/2023\/10\/394339648_713359367491200_4640904333913889513_n-1024x682.jpg 1024w, https:\/\/elmetropolitano.com.gt\/es\/wp-content\/uploads\/2023\/10\/394339648_713359367491200_4640904333913889513_n-300x200.jpg 300w, https:\/\/elmetropolitano.com.gt\/es\/wp-content\/uploads\/2023\/10\/394339648_713359367491200_4640904333913889513_n-768x512.jpg 768w, https:\/\/elmetropolitano.com.gt\/es\/wp-content\/uploads\/2023\/10\/394339648_713359367491200_4640904333913889513_n-600x400.jpg 600w, https:\/\/elmetropolitano.com.gt\/es\/wp-content\/uploads\/2023\/10\/394339648_713359367491200_4640904333913889513_n.jpg 1280w\" sizes=\"auto, (max-width: 1024px) 100vw, 1024px\" \/><\/figure>\n\n\n\n<figure class=\"wp-block-image size-large\"><img loading=\"lazy\" decoding=\"async\" width=\"1024\" height=\"683\" data-id=\"74021\" src=\"https:\/\/elmetropolitano.com.gt\/es\/wp-content\/uploads\/2023\/10\/395643246_713359407491196_5265965395674289900_n-1024x683.jpg\" alt=\"\" class=\"wp-image-74021\" srcset=\"https:\/\/elmetropolitano.com.gt\/es\/wp-content\/uploads\/2023\/10\/395643246_713359407491196_5265965395674289900_n-1024x683.jpg 1024w, https:\/\/elmetropolitano.com.gt\/es\/wp-content\/uploads\/2023\/10\/395643246_713359407491196_5265965395674289900_n-300x200.jpg 300w, https:\/\/elmetropolitano.com.gt\/es\/wp-content\/uploads\/2023\/10\/395643246_713359407491196_5265965395674289900_n-768x512.jpg 768w, https:\/\/elmetropolitano.com.gt\/es\/wp-content\/uploads\/2023\/10\/395643246_713359407491196_5265965395674289900_n-600x400.jpg 600w, https:\/\/elmetropolitano.com.gt\/es\/wp-content\/uploads\/2023\/10\/395643246_713359407491196_5265965395674289900_n.jpg 1440w\" sizes=\"auto, (max-width: 1024px) 100vw, 1024px\" \/><\/figure>\n\n\n\n<figure class=\"wp-block-image size-large\"><img loading=\"lazy\" decoding=\"async\" width=\"1024\" height=\"683\" data-id=\"74022\" src=\"https:\/\/elmetropolitano.com.gt\/es\/wp-content\/uploads\/2023\/10\/395709217_713359400824530_848556996884788690_n-1024x683.jpg\" alt=\"\" class=\"wp-image-74022\" srcset=\"https:\/\/elmetropolitano.com.gt\/es\/wp-content\/uploads\/2023\/10\/395709217_713359400824530_848556996884788690_n-1024x683.jpg 1024w, https:\/\/elmetropolitano.com.gt\/es\/wp-content\/uploads\/2023\/10\/395709217_713359400824530_848556996884788690_n-300x200.jpg 300w, https:\/\/elmetropolitano.com.gt\/es\/wp-content\/uploads\/2023\/10\/395709217_713359400824530_848556996884788690_n-768x512.jpg 768w, https:\/\/elmetropolitano.com.gt\/es\/wp-content\/uploads\/2023\/10\/395709217_713359400824530_848556996884788690_n-600x400.jpg 600w, https:\/\/elmetropolitano.com.gt\/es\/wp-content\/uploads\/2023\/10\/395709217_713359400824530_848556996884788690_n.jpg 1440w\" sizes=\"auto, (max-width: 1024px) 100vw, 1024px\" \/><\/figure>\n\n\n\n<figure class=\"wp-block-image size-large\"><img loading=\"lazy\" decoding=\"async\" width=\"1024\" height=\"683\" data-id=\"74023\" src=\"https:\/\/elmetropolitano.com.gt\/es\/wp-content\/uploads\/2023\/10\/396569862_713359377491199_4952555983445111065_n-1024x683.jpg\" alt=\"\" class=\"wp-image-74023\" srcset=\"https:\/\/elmetropolitano.com.gt\/es\/wp-content\/uploads\/2023\/10\/396569862_713359377491199_4952555983445111065_n-1024x683.jpg 1024w, https:\/\/elmetropolitano.com.gt\/es\/wp-content\/uploads\/2023\/10\/396569862_713359377491199_4952555983445111065_n-300x200.jpg 300w, https:\/\/elmetropolitano.com.gt\/es\/wp-content\/uploads\/2023\/10\/396569862_713359377491199_4952555983445111065_n-768x512.jpg 768w, https:\/\/elmetropolitano.com.gt\/es\/wp-content\/uploads\/2023\/10\/396569862_713359377491199_4952555983445111065_n-600x400.jpg 600w, https:\/\/elmetropolitano.com.gt\/es\/wp-content\/uploads\/2023\/10\/396569862_713359377491199_4952555983445111065_n.jpg 1440w\" sizes=\"auto, (max-width: 1024px) 100vw, 1024px\" \/><\/figure>\n\n\n\n<figure class=\"wp-block-image size-large\"><img loading=\"lazy\" decoding=\"async\" width=\"1024\" height=\"683\" data-id=\"74024\" src=\"https:\/\/elmetropolitano.com.gt\/es\/wp-content\/uploads\/2023\/10\/396718404_713359404157863_3824784903085966979_n-1024x683.jpg\" alt=\"\" class=\"wp-image-74024\" srcset=\"https:\/\/elmetropolitano.com.gt\/es\/wp-content\/uploads\/2023\/10\/396718404_713359404157863_3824784903085966979_n-1024x683.jpg 1024w, https:\/\/elmetropolitano.com.gt\/es\/wp-content\/uploads\/2023\/10\/396718404_713359404157863_3824784903085966979_n-300x200.jpg 300w, https:\/\/elmetropolitano.com.gt\/es\/wp-content\/uploads\/2023\/10\/396718404_713359404157863_3824784903085966979_n-768x512.jpg 768w, https:\/\/elmetropolitano.com.gt\/es\/wp-content\/uploads\/2023\/10\/396718404_713359404157863_3824784903085966979_n-600x400.jpg 600w, https:\/\/elmetropolitano.com.gt\/es\/wp-content\/uploads\/2023\/10\/396718404_713359404157863_3824784903085966979_n.jpg 1440w\" sizes=\"auto, (max-width: 1024px) 100vw, 1024px\" \/><\/figure>\n<\/figure>\n","protected":false},"excerpt":{"rendered":"<p>En medio de una crisis pol\u00edtica que tiene al borde de un nuevo paro nacional a Guatemala, la licenciada Blanca Alfaro, asumi\u00f3 en una reuni\u00f3n privada la presidencia del Tribunal Supremo Electoral, TSE, ente que se encuentra bajo el ataque y con peticiones de antejuicio contra los magistrados. La nueva presidente del TSE sostuvo, junto <a class=\"read-more\" href=\"https:\/\/elmetropolitano.com.gt\/es\/en-medio-de-una-crisis-politica-y-en-reunion-privada-blanca-alfaro-asume-la-presidencia-del-tse\/\">Leer m\u00e1s<\/a><\/p>\n","protected":false},"author":1,"featured_media":74019,"comment_status":"open","ping_status":"closed","sticky":false,"template":"","format":"standard","meta":{"footnotes":""},"categories":[2],"tags":[12],"class_list":["post-74018","post","type-post","status-publish","format-standard","has-post-thumbnail","hentry","category-nacionales","tag-nacionales"],"_links":{"self":[{"href":"https:\/\/elmetropolitano.com.gt\/es\/wp-json\/wp\/v2\/posts\/74018","targetHints":{"allow":["GET"]}}],"collection":[{"href":"https:\/\/elmetropolitano.com.gt\/es\/wp-json\/wp\/v2\/posts"}],"about":[{"href":"https:\/\/elmetropolitano.com.gt\/es\/wp-json\/wp\/v2\/types\/post"}],"author":[{"embeddable":true,"href":"https:\/\/elmetropolitano.com.gt\/es\/wp-json\/wp\/v2\/users\/1"}],"replies":[{"embeddable":true,"href":"https:\/\/elmetropolitano.com.gt\/es\/wp-json\/wp\/v2\/comments?post=74018"}],"version-history":[{"count":1,"href":"https:\/\/elmetropolitano.com.gt\/es\/wp-json\/wp\/v2\/posts\/74018\/revisions"}],"predecessor-version":[{"id":74025,"href":"https:\/\/elmetropolitano.com.gt\/es\/wp-json\/wp\/v2\/posts\/74018\/revisions\/74025"}],"wp:featuredmedia":[{"embeddable":true,"href":"https:\/\/elmetropolitano.com.gt\/es\/wp-json\/wp\/v2\/media\/74019"}],"wp:attachment":[{"href":"https:\/\/elmetropolitano.com.gt\/es\/wp-json\/wp\/v2\/media?parent=74018"}],"wp:term":[{"taxonomy":"category","embeddable":true,"href":"https:\/\/elmetropolitano.com.gt\/es\/wp-json\/wp\/v2\/categories?post=74018"},{"taxonomy":"post_tag","embeddable":true,"href":"https:\/\/elmetropolitano.com.gt\/es\/wp-json\/wp\/v2\/tags?post=74018"}],"curies":[{"name":"wp","href":"https:\/\/api.w.org\/{rel}","templated":true}]}}