{"id":74035,"date":"2023-10-27T08:36:02","date_gmt":"2023-10-27T14:36:02","guid":{"rendered":"https:\/\/elmetropolitano.com.gt\/es\/?p=74035"},"modified":"2023-10-27T08:36:04","modified_gmt":"2023-10-27T14:36:04","slug":"congreso-abrio-sesion-pero-de-mentiritas","status":"publish","type":"post","link":"https:\/\/elmetropolitano.com.gt\/es\/congreso-abrio-sesion-pero-de-mentiritas\/","title":{"rendered":"Congreso abri\u00f3 sesi\u00f3n pero de \u00abmentiritas\u00bb"},"content":{"rendered":"\n<p>Dos particularidades tuvo la sesi\u00f3n ordinaria de hoy: se abri\u00f3 la misma, pero de todos modos no se celebr\u00f3 y termino siendo como lo ha dicho la diputada Lucrecia Marroqu\u00edn de Palomo\u00bbde mentiritas\u00bb.<\/p>\n\n\n\n<p>La plenaria de hoy llam\u00f3 la atenci\u00f3n pues la Junta Directiva permiti\u00f3 <a><\/a>que se marcaran 42 diputados y se lleg\u00f3 hasta 46, pero tambi\u00e9n as\u00ed se desmarcaron muchos.<\/p><div class=\"elmet-contenido\" id=\"elmet-2763353934\"><div class=\"elmet-adlabel\">Anuncios<\/div><div style=\"margin-top: 20px;margin-right: 20px;margin-bottom: 20px;margin-left: 20px;\" id=\"elmet-4074099165\"><a href=\"https:\/\/www.facebook.com\/arrincuanantigua\/\" aria-label=\"cintillo-arrin-cual\"><img loading=\"lazy\" decoding=\"async\" src=\"https:\/\/elmetropolitano.com.gt\/es\/wp-content\/uploads\/2021\/11\/cintillo-arrin-cual-1.jpg\" alt=\"\"  srcset=\"https:\/\/elmetropolitano.com.gt\/es\/wp-content\/uploads\/2021\/11\/cintillo-arrin-cual-1.jpg 750w, https:\/\/elmetropolitano.com.gt\/es\/wp-content\/uploads\/2021\/11\/cintillo-arrin-cual-1-300x36.jpg 300w, https:\/\/elmetropolitano.com.gt\/es\/wp-content\/uploads\/2021\/11\/cintillo-arrin-cual-1-600x72.jpg 600w\" sizes=\"(max-width: 750px) 100vw, 750px\" width=\"750\" height=\"90\"   \/><\/a><\/div><\/div>\n\n\n\n<p>Lo peor es que el vicepresidente Herbert Melgar Padilla al abrir la sesi\u00f3n plenaria ordinaria y permitir que se leyera el orden del d\u00eda que ser\u00eda para interpelar a ministros, empezando con el de Cultura y Deportes, Felipe Aguilar, le otorg\u00f3 la palabra al Parlamentario de la oposici\u00f3n, WINAQ, Ad\u00e1n P\u00e9rez, quien empez\u00f3 a criticar situaci\u00f3n del pa\u00eds.<\/p>\n\n\n\n<p>\u00abLlora sangre\u00bb, expuso, mientras que los cuatro diputados de la Junta Directiva del Congreso, Herbert Melgar Padilla, Maynor Mej\u00eda Popol, An\u00edbal Rojas y Marvin Alvarado, se miraban sorprendidos, pues esperaba que pidiera revisar el cu\u00f3rum.<\/p>\n\n\n\n<p>Y dijo que en buena parte era culpad el Organismo Legislativo, al no avanzar con iniciativas de Ley, mientras que se dan manifestaciones y bloqueos sin que se haga algo.<\/p>\n\n\n\n<p>El secretario de Junta Directiva,An\u00edbal Rojas aprovech\u00f3 para indicar que ten\u00eda raz\u00f3n P\u00e9rez, pero que de los diputados marcados ni uno solo era de los interpelantes.<\/p>\n\n\n\n<p>Se\u00f1al\u00f3 que ni el diputado que iba a interpelar a la ministra de Educaci\u00f3n estaba, pues solo se marc\u00f3 y se fue (refiri\u00e9ndose a Aldo D\u00e1vila).<\/p>\n\n\n\n<p>Luego pidi\u00f3 revisi\u00f3n de cu\u00f3rum y s\u00f3lo 23 parlamentarios se marcaron por lo que Melgar Padilla levant\u00f3 la sesi\u00f3n plenaria.<\/p>\n\n\n\n<p>Texto: Francisco Javier hurtarte<\/p>\n\n\n\n<p><a href=\"https:\/\/www.facebook.com\/hashtag\/congresodelarepublicagt?__eep__=6&amp;__cft__[0]=AZWj9yoGP0DlrtAXeZBGXdUPsIK1OiHemaiwJXPCXZfxk__J986OPPocRVxg1zj1eNSSlIfAQmObDgn0HEnUK5qNinq1c8zr1zOGUK5eNJbGlPTOyu-lb_9KT9lF8spQW_h0MMV73zpWEMajE4PvePBIirHpQYn8A8JVOKiu0y8zdf2mqw9C80InPvPLZd-1rmI&amp;__tn__=*NK-R\">#CongresoDeLaRepublicagt<\/a><a href=\"https:\/\/www.facebook.com\/hashtag\/metroredes?__eep__=6&amp;__cft__[0]=AZWj9yoGP0DlrtAXeZBGXdUPsIK1OiHemaiwJXPCXZfxk__J986OPPocRVxg1zj1eNSSlIfAQmObDgn0HEnUK5qNinq1c8zr1zOGUK5eNJbGlPTOyu-lb_9KT9lF8spQW_h0MMV73zpWEMajE4PvePBIirHpQYn8A8JVOKiu0y8zdf2mqw9C80InPvPLZd-1rmI&amp;__tn__=*NK-R\">#metroredes<\/a><\/p>\n\n\n\n<figure class=\"wp-block-gallery has-nested-images columns-default is-cropped wp-block-gallery-1 is-layout-flex wp-block-gallery-is-layout-flex\">\n<figure class=\"wp-block-image size-large\"><img loading=\"lazy\" decoding=\"async\" width=\"1024\" height=\"576\" data-id=\"74037\" src=\"https:\/\/elmetropolitano.com.gt\/es\/wp-content\/uploads\/2023\/10\/395654870_809061434553275_250411149934297738_n-1024x576.jpg\" alt=\"\" class=\"wp-image-74037\" srcset=\"https:\/\/elmetropolitano.com.gt\/es\/wp-content\/uploads\/2023\/10\/395654870_809061434553275_250411149934297738_n-1024x576.jpg 1024w, https:\/\/elmetropolitano.com.gt\/es\/wp-content\/uploads\/2023\/10\/395654870_809061434553275_250411149934297738_n-300x169.jpg 300w, https:\/\/elmetropolitano.com.gt\/es\/wp-content\/uploads\/2023\/10\/395654870_809061434553275_250411149934297738_n-768x432.jpg 768w, https:\/\/elmetropolitano.com.gt\/es\/wp-content\/uploads\/2023\/10\/395654870_809061434553275_250411149934297738_n-1536x864.jpg 1536w, https:\/\/elmetropolitano.com.gt\/es\/wp-content\/uploads\/2023\/10\/395654870_809061434553275_250411149934297738_n-600x338.jpg 600w, https:\/\/elmetropolitano.com.gt\/es\/wp-content\/uploads\/2023\/10\/395654870_809061434553275_250411149934297738_n.jpg 1600w\" sizes=\"auto, (max-width: 1024px) 100vw, 1024px\" \/><\/figure>\n\n\n\n<figure class=\"wp-block-image size-large\"><img loading=\"lazy\" decoding=\"async\" width=\"1024\" height=\"576\" data-id=\"74038\" src=\"https:\/\/elmetropolitano.com.gt\/es\/wp-content\/uploads\/2023\/10\/395802072_809061447886607_3583921550999313155_n-1024x576.jpg\" alt=\"\" class=\"wp-image-74038\" srcset=\"https:\/\/elmetropolitano.com.gt\/es\/wp-content\/uploads\/2023\/10\/395802072_809061447886607_3583921550999313155_n-1024x576.jpg 1024w, https:\/\/elmetropolitano.com.gt\/es\/wp-content\/uploads\/2023\/10\/395802072_809061447886607_3583921550999313155_n-300x169.jpg 300w, https:\/\/elmetropolitano.com.gt\/es\/wp-content\/uploads\/2023\/10\/395802072_809061447886607_3583921550999313155_n-768x432.jpg 768w, https:\/\/elmetropolitano.com.gt\/es\/wp-content\/uploads\/2023\/10\/395802072_809061447886607_3583921550999313155_n-1536x864.jpg 1536w, https:\/\/elmetropolitano.com.gt\/es\/wp-content\/uploads\/2023\/10\/395802072_809061447886607_3583921550999313155_n-600x338.jpg 600w, https:\/\/elmetropolitano.com.gt\/es\/wp-content\/uploads\/2023\/10\/395802072_809061447886607_3583921550999313155_n.jpg 1600w\" sizes=\"auto, (max-width: 1024px) 100vw, 1024px\" \/><\/figure>\n\n\n\n<figure class=\"wp-block-image size-large\"><img loading=\"lazy\" decoding=\"async\" width=\"1024\" height=\"576\" data-id=\"74039\" src=\"https:\/\/elmetropolitano.com.gt\/es\/wp-content\/uploads\/2023\/10\/396287524_809061334553285_1296242889616455659_n-1024x576.jpg\" alt=\"\" class=\"wp-image-74039\" srcset=\"https:\/\/elmetropolitano.com.gt\/es\/wp-content\/uploads\/2023\/10\/396287524_809061334553285_1296242889616455659_n-1024x576.jpg 1024w, https:\/\/elmetropolitano.com.gt\/es\/wp-content\/uploads\/2023\/10\/396287524_809061334553285_1296242889616455659_n-300x169.jpg 300w, https:\/\/elmetropolitano.com.gt\/es\/wp-content\/uploads\/2023\/10\/396287524_809061334553285_1296242889616455659_n-768x432.jpg 768w, https:\/\/elmetropolitano.com.gt\/es\/wp-content\/uploads\/2023\/10\/396287524_809061334553285_1296242889616455659_n-1536x864.jpg 1536w, https:\/\/elmetropolitano.com.gt\/es\/wp-content\/uploads\/2023\/10\/396287524_809061334553285_1296242889616455659_n-600x338.jpg 600w, https:\/\/elmetropolitano.com.gt\/es\/wp-content\/uploads\/2023\/10\/396287524_809061334553285_1296242889616455659_n.jpg 1600w\" sizes=\"auto, (max-width: 1024px) 100vw, 1024px\" \/><\/figure>\n<\/figure>\n","protected":false},"excerpt":{"rendered":"<p>Dos particularidades tuvo la sesi\u00f3n ordinaria de hoy: se abri\u00f3 la misma, pero de todos modos no se celebr\u00f3 y termino siendo como lo ha dicho la diputada Lucrecia Marroqu\u00edn de Palomo\u00bbde mentiritas\u00bb. La plenaria de hoy llam\u00f3 la atenci\u00f3n pues la Junta Directiva permiti\u00f3 que se marcaran 42 diputados y se lleg\u00f3 hasta 46, <a class=\"read-more\" href=\"https:\/\/elmetropolitano.com.gt\/es\/congreso-abrio-sesion-pero-de-mentiritas\/\">Leer m\u00e1s<\/a><\/p>\n","protected":false},"author":1,"featured_media":74036,"comment_status":"open","ping_status":"closed","sticky":false,"template":"","format":"standard","meta":{"footnotes":""},"categories":[2],"tags":[12],"class_list":["post-74035","post","type-post","status-publish","format-standard","has-post-thumbnail","hentry","category-nacionales","tag-nacionales"],"_links":{"self":[{"href":"https:\/\/elmetropolitano.com.gt\/es\/wp-json\/wp\/v2\/posts\/74035","targetHints":{"allow":["GET"]}}],"collection":[{"href":"https:\/\/elmetropolitano.com.gt\/es\/wp-json\/wp\/v2\/posts"}],"about":[{"href":"https:\/\/elmetropolitano.com.gt\/es\/wp-json\/wp\/v2\/types\/post"}],"author":[{"embeddable":true,"href":"https:\/\/elmetropolitano.com.gt\/es\/wp-json\/wp\/v2\/users\/1"}],"replies":[{"embeddable":true,"href":"https:\/\/elmetropolitano.com.gt\/es\/wp-json\/wp\/v2\/comments?post=74035"}],"version-history":[{"count":1,"href":"https:\/\/elmetropolitano.com.gt\/es\/wp-json\/wp\/v2\/posts\/74035\/revisions"}],"predecessor-version":[{"id":74040,"href":"https:\/\/elmetropolitano.com.gt\/es\/wp-json\/wp\/v2\/posts\/74035\/revisions\/74040"}],"wp:featuredmedia":[{"embeddable":true,"href":"https:\/\/elmetropolitano.com.gt\/es\/wp-json\/wp\/v2\/media\/74036"}],"wp:attachment":[{"href":"https:\/\/elmetropolitano.com.gt\/es\/wp-json\/wp\/v2\/media?parent=74035"}],"wp:term":[{"taxonomy":"category","embeddable":true,"href":"https:\/\/elmetropolitano.com.gt\/es\/wp-json\/wp\/v2\/categories?post=74035"},{"taxonomy":"post_tag","embeddable":true,"href":"https:\/\/elmetropolitano.com.gt\/es\/wp-json\/wp\/v2\/tags?post=74035"}],"curies":[{"name":"wp","href":"https:\/\/api.w.org\/{rel}","templated":true}]}}