{"id":74041,"date":"2023-10-27T08:38:17","date_gmt":"2023-10-27T14:38:17","guid":{"rendered":"https:\/\/elmetropolitano.com.gt\/es\/?p=74041"},"modified":"2023-10-27T08:51:29","modified_gmt":"2023-10-27T14:51:29","slug":"diputado-de-vamos-propone-controlar-manifestaciones-y-bloqueos-con-nueva-ley","status":"publish","type":"post","link":"https:\/\/elmetropolitano.com.gt\/es\/diputado-de-vamos-propone-controlar-manifestaciones-y-bloqueos-con-nueva-ley\/","title":{"rendered":"Diputado de Vamos propone Controlar manifestaciones y bloqueos con nueva ley"},"content":{"rendered":"\n<p>El diputado del partido oficial, VAMOS, Juan Francisco M\u00e9rida present\u00f3 a Direcci\u00f3n Legislativa la iniciativa de ley de regulaci\u00f3n de manifestaciones pac\u00edficas y sin armas.<\/p>\n\n\n\n<p>El prop\u00f3sito de la iniciativa,argument\u00f3 el congresista, es prevenir, regular, sancionar y erradicar las manifestaciones, pues seg\u00fan datos de los exportadores, por los bloqueos <a><\/a>tuvieron p\u00e9rdidas por Q2 mil 290 millones.<\/p><div class=\"elmet-contenido\" id=\"elmet-2716133788\"><div class=\"elmet-adlabel\">Anuncios<\/div><div style=\"margin-top: 20px;margin-right: 20px;margin-bottom: 20px;margin-left: 20px;\" id=\"elmet-1699441255\"><a href=\"https:\/\/www.facebook.com\/arrincuanantigua\/\" aria-label=\"cintillo-arrin-cual\"><img loading=\"lazy\" decoding=\"async\" src=\"https:\/\/elmetropolitano.com.gt\/es\/wp-content\/uploads\/2021\/11\/cintillo-arrin-cual-1.jpg\" alt=\"\"  srcset=\"https:\/\/elmetropolitano.com.gt\/es\/wp-content\/uploads\/2021\/11\/cintillo-arrin-cual-1.jpg 750w, https:\/\/elmetropolitano.com.gt\/es\/wp-content\/uploads\/2021\/11\/cintillo-arrin-cual-1-300x36.jpg 300w, https:\/\/elmetropolitano.com.gt\/es\/wp-content\/uploads\/2021\/11\/cintillo-arrin-cual-1-600x72.jpg 600w\" sizes=\"(max-width: 750px) 100vw, 750px\" width=\"750\" height=\"90\"   \/><\/a><\/div><\/div>\n\n\n\n<p>A la vez de a\u00f1adir que seg\u00fan una encuesta del sector industrial, con relaci\u00f3n a los bloqueos, reflej\u00f3 que el 89% del comercio dijo haber sido afectado y que de esas, el 70% pertenecen a las peque\u00f1as y medianas empresas.<\/p>\n\n\n\n<p>Explic\u00f3 que los derechos de reuni\u00f3n y de manifestaci\u00f3n p\u00fablica no pueden ser restringidos, disminuidos o coartados; y la ley los regular\u00e1 con el \u00fanico objeto de garantizar el orden p\u00fablico.<\/p>\n\n\n\n<p>El derecho de manifestaci\u00f3n es un derecho inalienable, inherente a toda persona, sin embargo, extralimitarse y ejercer facultades que no le asisten, son sancionados por la ley, por lo que, no es propio de la vida en sociedad el ejercicio absoluto de este derecho, obedeciendo a dicho l\u00edmite el hecho de evitar colisiones y restricciones con otros derechos reconocidos por la propia Constituci\u00f3n Pol\u00edtica de la Rep\u00fablica de Guatemala.<\/p>\n\n\n\n<p>La intenci\u00f3n del legislador constitucional siempre ha sido garantizar el orden p\u00fablico, toda vez que los derechos de las personas que se re\u00fanen y manifiestan, en ning\u00fan caso deben entrar en colisi\u00f3n con los derechos a la vida, la libre locomoci\u00f3n, seguridad, paz, desarrollo integral y a la propiedad privada, libertad de industria, comercio y trabajo de las personas que no participan en las reuniones y manifestaciones, afirm\u00f3.<\/p>\n\n\n\n<p>Para poder ejercitar efectivamente los derechos de la reuni\u00f3n y de manifestaci\u00f3n, se hace necesario regularlos, no con el \u00e1nimo de disminuirlos, restringirlos o coartarlos, sino con el \u00fanico fin de garantizar el orden p\u00fablico; de garantizarle a todos los ciudadanos el libre y efectivo ejercicio de los derechos que la propia Constituci\u00f3n Pol\u00edtica de la Rep\u00fablica de Guatemala reconoce enfatiz\u00f3<\/p>\n\n\n\n<p>Testo Francisco Javier Hurtarte<\/p>\n\n\n\n<p><a href=\"https:\/\/www.facebook.com\/hashtag\/bloqueosgt?__eep__=6&amp;__cft__[0]=AZW9hXIXBpoI9ztMbeJJxJnZV-AHvBXKoP_TTvIchGGNVbBCNUfrmfm721sDs2Rx2d8hB_cQY9axpv009BDscY-FZIP-vMK3z8Vy7Chbha3IfT7u8d1ty0BIKweOxZ0af620hViPUKzhjKfAmVCObjd2Gx7oEwZwzbQ7nocKsbNHGm3043r5SeTGCTWpq3Zd7Pg&amp;__tn__=*NK-R\">#BloqueosGT<\/a><a href=\"https:\/\/www.facebook.com\/hashtag\/metroredes?__eep__=6&amp;__cft__[0]=AZW9hXIXBpoI9ztMbeJJxJnZV-AHvBXKoP_TTvIchGGNVbBCNUfrmfm721sDs2Rx2d8hB_cQY9axpv009BDscY-FZIP-vMK3z8Vy7Chbha3IfT7u8d1ty0BIKweOxZ0af620hViPUKzhjKfAmVCObjd2Gx7oEwZwzbQ7nocKsbNHGm3043r5SeTGCTWpq3Zd7Pg&amp;__tn__=*NK-R\">#metroredes<\/a><a href=\"https:\/\/www.facebook.com\/hashtag\/partidovamos?__eep__=6&amp;__cft__[0]=AZW9hXIXBpoI9ztMbeJJxJnZV-AHvBXKoP_TTvIchGGNVbBCNUfrmfm721sDs2Rx2d8hB_cQY9axpv009BDscY-FZIP-vMK3z8Vy7Chbha3IfT7u8d1ty0BIKweOxZ0af620hViPUKzhjKfAmVCObjd2Gx7oEwZwzbQ7nocKsbNHGm3043r5SeTGCTWpq3Zd7Pg&amp;__tn__=*NK-R\">#PartidoVamos<\/a><a href=\"https:\/\/www.facebook.com\/hashtag\/crisispolitica?__eep__=6&amp;__cft__[0]=AZW9hXIXBpoI9ztMbeJJxJnZV-AHvBXKoP_TTvIchGGNVbBCNUfrmfm721sDs2Rx2d8hB_cQY9axpv009BDscY-FZIP-vMK3z8Vy7Chbha3IfT7u8d1ty0BIKweOxZ0af620hViPUKzhjKfAmVCObjd2Gx7oEwZwzbQ7nocKsbNHGm3043r5SeTGCTWpq3Zd7Pg&amp;__tn__=*NK-R\">#Crisispolitica<\/a> www.metroredes.com <\/p>\n\n\n\n<figure class=\"wp-block-gallery has-nested-images columns-default is-cropped wp-block-gallery-1 is-layout-flex wp-block-gallery-is-layout-flex\">\n<figure class=\"wp-block-image size-large\"><img loading=\"lazy\" decoding=\"async\" width=\"682\" height=\"1024\" data-id=\"74044\" src=\"https:\/\/elmetropolitano.com.gt\/es\/wp-content\/uploads\/2023\/10\/395627307_809076947885057_1254153324300117960_n-682x1024.jpg\" alt=\"\" class=\"wp-image-74044\" srcset=\"https:\/\/elmetropolitano.com.gt\/es\/wp-content\/uploads\/2023\/10\/395627307_809076947885057_1254153324300117960_n-682x1024.jpg 682w, https:\/\/elmetropolitano.com.gt\/es\/wp-content\/uploads\/2023\/10\/395627307_809076947885057_1254153324300117960_n-200x300.jpg 200w, https:\/\/elmetropolitano.com.gt\/es\/wp-content\/uploads\/2023\/10\/395627307_809076947885057_1254153324300117960_n-768x1152.jpg 768w, https:\/\/elmetropolitano.com.gt\/es\/wp-content\/uploads\/2023\/10\/395627307_809076947885057_1254153324300117960_n-600x900.jpg 600w, https:\/\/elmetropolitano.com.gt\/es\/wp-content\/uploads\/2023\/10\/395627307_809076947885057_1254153324300117960_n.jpg 853w\" sizes=\"auto, (max-width: 682px) 100vw, 682px\" \/><\/figure>\n\n\n\n<figure class=\"wp-block-image size-large\"><img loading=\"lazy\" decoding=\"async\" width=\"1024\" height=\"682\" data-id=\"74043\" src=\"https:\/\/elmetropolitano.com.gt\/es\/wp-content\/uploads\/2023\/10\/396233033_809076931218392_1408715853668804699_n-1024x682.jpg\" alt=\"\" class=\"wp-image-74043\" srcset=\"https:\/\/elmetropolitano.com.gt\/es\/wp-content\/uploads\/2023\/10\/396233033_809076931218392_1408715853668804699_n-1024x682.jpg 1024w, https:\/\/elmetropolitano.com.gt\/es\/wp-content\/uploads\/2023\/10\/396233033_809076931218392_1408715853668804699_n-300x200.jpg 300w, https:\/\/elmetropolitano.com.gt\/es\/wp-content\/uploads\/2023\/10\/396233033_809076931218392_1408715853668804699_n-768x512.jpg 768w, https:\/\/elmetropolitano.com.gt\/es\/wp-content\/uploads\/2023\/10\/396233033_809076931218392_1408715853668804699_n-600x400.jpg 600w, https:\/\/elmetropolitano.com.gt\/es\/wp-content\/uploads\/2023\/10\/396233033_809076931218392_1408715853668804699_n.jpg 1280w\" sizes=\"auto, (max-width: 1024px) 100vw, 1024px\" \/><\/figure>\n\n\n\n<figure class=\"wp-block-image size-large\"><img loading=\"lazy\" decoding=\"async\" width=\"1024\" height=\"682\" data-id=\"74045\" src=\"https:\/\/elmetropolitano.com.gt\/es\/wp-content\/uploads\/2023\/10\/396313042_809076957885056_1360324305338914766_n-1024x682.jpg\" alt=\"\" class=\"wp-image-74045\" srcset=\"https:\/\/elmetropolitano.com.gt\/es\/wp-content\/uploads\/2023\/10\/396313042_809076957885056_1360324305338914766_n-1024x682.jpg 1024w, https:\/\/elmetropolitano.com.gt\/es\/wp-content\/uploads\/2023\/10\/396313042_809076957885056_1360324305338914766_n-300x200.jpg 300w, https:\/\/elmetropolitano.com.gt\/es\/wp-content\/uploads\/2023\/10\/396313042_809076957885056_1360324305338914766_n-768x512.jpg 768w, https:\/\/elmetropolitano.com.gt\/es\/wp-content\/uploads\/2023\/10\/396313042_809076957885056_1360324305338914766_n-600x400.jpg 600w, https:\/\/elmetropolitano.com.gt\/es\/wp-content\/uploads\/2023\/10\/396313042_809076957885056_1360324305338914766_n.jpg 1280w\" sizes=\"auto, (max-width: 1024px) 100vw, 1024px\" \/><\/figure>\n<\/figure>\n","protected":false},"excerpt":{"rendered":"<p>El diputado del partido oficial, VAMOS, Juan Francisco M\u00e9rida present\u00f3 a Direcci\u00f3n Legislativa la iniciativa de ley de regulaci\u00f3n de manifestaciones pac\u00edficas y sin armas. El prop\u00f3sito de la iniciativa,argument\u00f3 el congresista, es prevenir, regular, sancionar y erradicar las manifestaciones, pues seg\u00fan datos de los exportadores, por los bloqueos tuvieron p\u00e9rdidas por Q2 mil 290 <a class=\"read-more\" href=\"https:\/\/elmetropolitano.com.gt\/es\/diputado-de-vamos-propone-controlar-manifestaciones-y-bloqueos-con-nueva-ley\/\">Leer m\u00e1s<\/a><\/p>\n","protected":false},"author":1,"featured_media":74042,"comment_status":"open","ping_status":"closed","sticky":false,"template":"","format":"standard","meta":{"footnotes":""},"categories":[2],"tags":[12],"class_list":["post-74041","post","type-post","status-publish","format-standard","has-post-thumbnail","hentry","category-nacionales","tag-nacionales"],"_links":{"self":[{"href":"https:\/\/elmetropolitano.com.gt\/es\/wp-json\/wp\/v2\/posts\/74041","targetHints":{"allow":["GET"]}}],"collection":[{"href":"https:\/\/elmetropolitano.com.gt\/es\/wp-json\/wp\/v2\/posts"}],"about":[{"href":"https:\/\/elmetropolitano.com.gt\/es\/wp-json\/wp\/v2\/types\/post"}],"author":[{"embeddable":true,"href":"https:\/\/elmetropolitano.com.gt\/es\/wp-json\/wp\/v2\/users\/1"}],"replies":[{"embeddable":true,"href":"https:\/\/elmetropolitano.com.gt\/es\/wp-json\/wp\/v2\/comments?post=74041"}],"version-history":[{"count":1,"href":"https:\/\/elmetropolitano.com.gt\/es\/wp-json\/wp\/v2\/posts\/74041\/revisions"}],"predecessor-version":[{"id":74046,"href":"https:\/\/elmetropolitano.com.gt\/es\/wp-json\/wp\/v2\/posts\/74041\/revisions\/74046"}],"wp:featuredmedia":[{"embeddable":true,"href":"https:\/\/elmetropolitano.com.gt\/es\/wp-json\/wp\/v2\/media\/74042"}],"wp:attachment":[{"href":"https:\/\/elmetropolitano.com.gt\/es\/wp-json\/wp\/v2\/media?parent=74041"}],"wp:term":[{"taxonomy":"category","embeddable":true,"href":"https:\/\/elmetropolitano.com.gt\/es\/wp-json\/wp\/v2\/categories?post=74041"},{"taxonomy":"post_tag","embeddable":true,"href":"https:\/\/elmetropolitano.com.gt\/es\/wp-json\/wp\/v2\/tags?post=74041"}],"curies":[{"name":"wp","href":"https:\/\/api.w.org\/{rel}","templated":true}]}}