{"id":74047,"date":"2023-10-27T08:41:36","date_gmt":"2023-10-27T14:41:36","guid":{"rendered":"https:\/\/elmetropolitano.com.gt\/es\/?p=74047"},"modified":"2023-10-27T08:52:17","modified_gmt":"2023-10-27T14:52:17","slug":"no-mas-acoso-laboral-de-genero","status":"publish","type":"post","link":"https:\/\/elmetropolitano.com.gt\/es\/no-mas-acoso-laboral-de-genero\/","title":{"rendered":"No m\u00e1s acoso laboral de g\u00e9nero"},"content":{"rendered":"\n<p>El diputado Edgar Batres, se reuni\u00f3 con autoridades de canciller\u00eda as\u00ed como con representantes y de diferentes organizaciones sociales y sindicales, entre ellos la Central General de Trabajadores de Guatemala (CGTG), para analizar el Convenio 190 de la Organizaci\u00f3n Internacional del Trabajo (OIT) y el 189, que tiene que ver especialmente con el acoso general del g\u00e9nero. <a><\/a><\/p>\n\n\n\n<p>Y seg\u00fan dice Batres, como los dos Convenios de la OIT, no avanzan, presento la iniciativa 6254 Tutelaridad de la clase trabajadora, que abarca una legislaci\u00f3n moderna que abarca el trabajo laboral y que el pleno del Congreso la pueda conocer.<\/p><div class=\"elmet-contenido\" id=\"elmet-288380540\"><div class=\"elmet-adlabel\">Anuncios<\/div><div style=\"margin-top: 20px;margin-right: 20px;margin-bottom: 20px;margin-left: 20px;\" id=\"elmet-3071922648\"><a href=\"https:\/\/www.facebook.com\/arrincuanantigua\/\" aria-label=\"cintillo-arrin-cual\"><img loading=\"lazy\" decoding=\"async\" src=\"https:\/\/elmetropolitano.com.gt\/es\/wp-content\/uploads\/2021\/11\/cintillo-arrin-cual-1.jpg\" alt=\"\"  srcset=\"https:\/\/elmetropolitano.com.gt\/es\/wp-content\/uploads\/2021\/11\/cintillo-arrin-cual-1.jpg 750w, https:\/\/elmetropolitano.com.gt\/es\/wp-content\/uploads\/2021\/11\/cintillo-arrin-cual-1-300x36.jpg 300w, https:\/\/elmetropolitano.com.gt\/es\/wp-content\/uploads\/2021\/11\/cintillo-arrin-cual-1-600x72.jpg 600w\" sizes=\"(max-width: 750px) 100vw, 750px\" width=\"750\" height=\"90\"   \/><\/a><\/div><\/div>\n\n\n\n<p>Destaca que participaron los diputados de Semilla, para que puedan tener conceptos para la pr\u00f3xima legislatura y conocer la situaci\u00f3n de los trabajadores.<\/p>\n\n\n\n<p>Texto Francisco Javier Hurtarte<\/p>\n\n\n\n<p><a href=\"https:\/\/www.facebook.com\/hashtag\/congresodelarepublicagt?__eep__=6&amp;__cft__[0]=AZVyQkG1ZIkpiFcGSbGia6EYHedvQl1zGG3-iC4zxQ4_PAIpThZW8oJuzQHUk1a1F8bWkDlAO-edhJ377a7XsE6sExN1PleI_ZkPbN3SxiLCmCuVyhNm9VV_w5M3JeElb5aeJzv3sc0L0LkyQiHCs1W2fGx0hwyg7vs1aIobk-Ky3mETFcANCHBwJdK7i80iDGM&amp;__tn__=*NK-R\">#CongresoDeLaRepublicagt<\/a> www.metroredes.com  <\/p>\n\n\n\n<figure class=\"wp-block-gallery has-nested-images columns-default is-cropped wp-block-gallery-1 is-layout-flex wp-block-gallery-is-layout-flex\">\n<figure class=\"wp-block-image size-large\"><img loading=\"lazy\" decoding=\"async\" width=\"1024\" height=\"681\" data-id=\"74049\" src=\"https:\/\/elmetropolitano.com.gt\/es\/wp-content\/uploads\/2023\/10\/395705873_809088437883908_5605801403641037_n-1024x681.jpg\" alt=\"\" class=\"wp-image-74049\" srcset=\"https:\/\/elmetropolitano.com.gt\/es\/wp-content\/uploads\/2023\/10\/395705873_809088437883908_5605801403641037_n-1024x681.jpg 1024w, https:\/\/elmetropolitano.com.gt\/es\/wp-content\/uploads\/2023\/10\/395705873_809088437883908_5605801403641037_n-300x200.jpg 300w, https:\/\/elmetropolitano.com.gt\/es\/wp-content\/uploads\/2023\/10\/395705873_809088437883908_5605801403641037_n-768x511.jpg 768w, https:\/\/elmetropolitano.com.gt\/es\/wp-content\/uploads\/2023\/10\/395705873_809088437883908_5605801403641037_n-1536x1021.jpg 1536w, https:\/\/elmetropolitano.com.gt\/es\/wp-content\/uploads\/2023\/10\/395705873_809088437883908_5605801403641037_n-600x399.jpg 600w, https:\/\/elmetropolitano.com.gt\/es\/wp-content\/uploads\/2023\/10\/395705873_809088437883908_5605801403641037_n.jpg 1600w\" sizes=\"auto, (max-width: 1024px) 100vw, 1024px\" \/><\/figure>\n\n\n\n<figure class=\"wp-block-image size-large\"><img loading=\"lazy\" decoding=\"async\" width=\"1024\" height=\"681\" data-id=\"74050\" src=\"https:\/\/elmetropolitano.com.gt\/es\/wp-content\/uploads\/2023\/10\/396265936_809088254550593_2421650654115366592_n-1-1024x681.jpg\" alt=\"\" class=\"wp-image-74050\" srcset=\"https:\/\/elmetropolitano.com.gt\/es\/wp-content\/uploads\/2023\/10\/396265936_809088254550593_2421650654115366592_n-1-1024x681.jpg 1024w, https:\/\/elmetropolitano.com.gt\/es\/wp-content\/uploads\/2023\/10\/396265936_809088254550593_2421650654115366592_n-1-300x200.jpg 300w, https:\/\/elmetropolitano.com.gt\/es\/wp-content\/uploads\/2023\/10\/396265936_809088254550593_2421650654115366592_n-1-768x511.jpg 768w, https:\/\/elmetropolitano.com.gt\/es\/wp-content\/uploads\/2023\/10\/396265936_809088254550593_2421650654115366592_n-1-1536x1021.jpg 1536w, https:\/\/elmetropolitano.com.gt\/es\/wp-content\/uploads\/2023\/10\/396265936_809088254550593_2421650654115366592_n-1-600x399.jpg 600w, https:\/\/elmetropolitano.com.gt\/es\/wp-content\/uploads\/2023\/10\/396265936_809088254550593_2421650654115366592_n-1.jpg 1600w\" sizes=\"auto, (max-width: 1024px) 100vw, 1024px\" \/><\/figure>\n\n\n\n<figure class=\"wp-block-image size-large\"><img loading=\"lazy\" decoding=\"async\" width=\"1024\" height=\"681\" data-id=\"74052\" src=\"https:\/\/elmetropolitano.com.gt\/es\/wp-content\/uploads\/2023\/10\/396287563_809088261217259_3517631493508361524_n-1024x681.jpg\" alt=\"\" class=\"wp-image-74052\" srcset=\"https:\/\/elmetropolitano.com.gt\/es\/wp-content\/uploads\/2023\/10\/396287563_809088261217259_3517631493508361524_n-1024x681.jpg 1024w, https:\/\/elmetropolitano.com.gt\/es\/wp-content\/uploads\/2023\/10\/396287563_809088261217259_3517631493508361524_n-300x200.jpg 300w, https:\/\/elmetropolitano.com.gt\/es\/wp-content\/uploads\/2023\/10\/396287563_809088261217259_3517631493508361524_n-768x511.jpg 768w, https:\/\/elmetropolitano.com.gt\/es\/wp-content\/uploads\/2023\/10\/396287563_809088261217259_3517631493508361524_n-1536x1021.jpg 1536w, https:\/\/elmetropolitano.com.gt\/es\/wp-content\/uploads\/2023\/10\/396287563_809088261217259_3517631493508361524_n-600x399.jpg 600w, https:\/\/elmetropolitano.com.gt\/es\/wp-content\/uploads\/2023\/10\/396287563_809088261217259_3517631493508361524_n.jpg 1600w\" sizes=\"auto, (max-width: 1024px) 100vw, 1024px\" \/><\/figure>\n\n\n\n<figure class=\"wp-block-image size-large\"><img loading=\"lazy\" decoding=\"async\" width=\"1024\" height=\"681\" data-id=\"74051\" src=\"https:\/\/elmetropolitano.com.gt\/es\/wp-content\/uploads\/2023\/10\/396723982_809088417883910_3914362001049840960_n-1024x681.jpg\" alt=\"\" class=\"wp-image-74051\" srcset=\"https:\/\/elmetropolitano.com.gt\/es\/wp-content\/uploads\/2023\/10\/396723982_809088417883910_3914362001049840960_n-1024x681.jpg 1024w, https:\/\/elmetropolitano.com.gt\/es\/wp-content\/uploads\/2023\/10\/396723982_809088417883910_3914362001049840960_n-300x199.jpg 300w, https:\/\/elmetropolitano.com.gt\/es\/wp-content\/uploads\/2023\/10\/396723982_809088417883910_3914362001049840960_n-768x511.jpg 768w, https:\/\/elmetropolitano.com.gt\/es\/wp-content\/uploads\/2023\/10\/396723982_809088417883910_3914362001049840960_n-600x399.jpg 600w, https:\/\/elmetropolitano.com.gt\/es\/wp-content\/uploads\/2023\/10\/396723982_809088417883910_3914362001049840960_n.jpg 1298w\" sizes=\"auto, (max-width: 1024px) 100vw, 1024px\" \/><\/figure>\n<\/figure>\n","protected":false},"excerpt":{"rendered":"<p>El diputado Edgar Batres, se reuni\u00f3 con autoridades de canciller\u00eda as\u00ed como con representantes y de diferentes organizaciones sociales y sindicales, entre ellos la Central General de Trabajadores de Guatemala (CGTG), para analizar el Convenio 190 de la Organizaci\u00f3n Internacional del Trabajo (OIT) y el 189, que tiene que ver especialmente con el acoso general <a class=\"read-more\" href=\"https:\/\/elmetropolitano.com.gt\/es\/no-mas-acoso-laboral-de-genero\/\">Leer m\u00e1s<\/a><\/p>\n","protected":false},"author":1,"featured_media":74048,"comment_status":"open","ping_status":"closed","sticky":false,"template":"","format":"standard","meta":{"footnotes":""},"categories":[2],"tags":[12],"class_list":["post-74047","post","type-post","status-publish","format-standard","has-post-thumbnail","hentry","category-nacionales","tag-nacionales"],"_links":{"self":[{"href":"https:\/\/elmetropolitano.com.gt\/es\/wp-json\/wp\/v2\/posts\/74047","targetHints":{"allow":["GET"]}}],"collection":[{"href":"https:\/\/elmetropolitano.com.gt\/es\/wp-json\/wp\/v2\/posts"}],"about":[{"href":"https:\/\/elmetropolitano.com.gt\/es\/wp-json\/wp\/v2\/types\/post"}],"author":[{"embeddable":true,"href":"https:\/\/elmetropolitano.com.gt\/es\/wp-json\/wp\/v2\/users\/1"}],"replies":[{"embeddable":true,"href":"https:\/\/elmetropolitano.com.gt\/es\/wp-json\/wp\/v2\/comments?post=74047"}],"version-history":[{"count":1,"href":"https:\/\/elmetropolitano.com.gt\/es\/wp-json\/wp\/v2\/posts\/74047\/revisions"}],"predecessor-version":[{"id":74053,"href":"https:\/\/elmetropolitano.com.gt\/es\/wp-json\/wp\/v2\/posts\/74047\/revisions\/74053"}],"wp:featuredmedia":[{"embeddable":true,"href":"https:\/\/elmetropolitano.com.gt\/es\/wp-json\/wp\/v2\/media\/74048"}],"wp:attachment":[{"href":"https:\/\/elmetropolitano.com.gt\/es\/wp-json\/wp\/v2\/media?parent=74047"}],"wp:term":[{"taxonomy":"category","embeddable":true,"href":"https:\/\/elmetropolitano.com.gt\/es\/wp-json\/wp\/v2\/categories?post=74047"},{"taxonomy":"post_tag","embeddable":true,"href":"https:\/\/elmetropolitano.com.gt\/es\/wp-json\/wp\/v2\/tags?post=74047"}],"curies":[{"name":"wp","href":"https:\/\/api.w.org\/{rel}","templated":true}]}}